

	{"id":4720,"date":"2019-08-23T00:12:28","date_gmt":"2019-08-23T00:12:28","guid":{"rendered":"https:\/\/www.cstuit.com\/home\/?p=4720"},"modified":"2019-08-23T00:13:06","modified_gmt":"2019-08-23T00:13:06","slug":"nas-ruas-contra-bolsonaro-em-defesa-da-amazonia","status":"publish","type":"post","link":"https:\/\/www.cstuit.com\/home\/2019\/08\/23\/nas-ruas-contra-bolsonaro-em-defesa-da-amazonia\/","title":{"rendered":"Nas ruas contra Bolsonaro e em defesa da Amaz\u00f4nia"},"content":{"rendered":"<p>A situa\u00e7\u00e3o ambiental \u00e9 alarmante. Desmatamento recorde, aumento de 82% das queimadas, libera\u00e7\u00e3o total dos agrot\u00f3xicos, amea\u00e7as contra a Esta\u00e7\u00e3o ecol\u00f3gica de Tamoios, o assassinato e amea\u00e7as aos waj\u00e3pi e agress\u00f5es aos demais povos da floresta. As declara\u00e7\u00f5es do governo Bolsonaro demonstram um projeto de destrui\u00e7\u00e3o do meio ambiente e ataque aos direitos.<\/p>\n<p><strong>Amaz\u00f4nia em chamas!<\/strong><\/p>\n<p>Na tarde de 19 de agosto,\u00a0diversas cidades brasileiras do sul e sudeste, viram o c\u00e9u escurecer durante o dia. Na Avenida Paulista, o cinza chumbo cobria o c\u00e9u \u00e0s 15h. Esse fen\u00f4meno se explica pela combina\u00e7\u00e3o das nuvens carregadas com a fuma\u00e7a causada pelas queimadas e a chegada da frente fria. O fogo est\u00e1 progredindo mesmo em \u00e1reas de prote\u00e7\u00e3o ambiental: 68 inc\u00eandios foram registrados em\u00a0territ\u00f3rios ind\u00edgenas\u00a0e \u00e1reas de conserva\u00e7\u00e3o. O ICMBio divulgou que as queimadas consumiram 10% do parque nacional da chapada dos Guimar\u00e3es (MT).<\/p>\n<p>O Terra Brasilis\/Deter, criado pelo INPE em 2015 como sistema para acompanhar dados em tempo real do desmatamento, registrou aumento significativo. Em julho dobrou os registros chegando a 212%.<\/p>\n<p><strong>O Culpados s\u00e3o os Ruralistas e o Governo Bolsonaro<\/strong><\/p>\n<p>O projeto do governo Bolsonaro \u00e9 a \u201cflexibiliza\u00e7\u00e3o\u201d das regras de preserva\u00e7\u00e3o e prote\u00e7\u00e3o do meio ambiente, a libera\u00e7\u00e3o do garimpo em terras ind\u00edgenas e a persegui\u00e7\u00e3o aos servidores e especialistas (como o presidente do INPE). H\u00e1 ainda a \u201creestrutura\u00e7\u00e3o\u201d atrav\u00e9s do corte de verbas de \u00f3rg\u00e3os como o ICMBio e o IBAMA. A Falta de estrutura e de novos servidores dificulta as a\u00e7\u00f5es, al\u00e9m da persegui\u00e7\u00e3o do Governo. Tudo para atender o agroneg\u00f3cio, as empresas de minera\u00e7\u00e3o, os pecuaristas e os madeireiros.<\/p>\n<p><strong>Verbas para Amaz\u00f4nia e n\u00e3o para os banqueiros e o agroneg\u00f3cio<\/strong><\/p>\n<p>O governo culpa as ONGs e o povo pelas queimadas e n\u00e3o aumenta os recursos. O fundo Amaz\u00f4nia teve recursos bloqueados pela Noruega e Alemanha.<\/p>\n<p>O governo Brasileiro deveria declarar estado de emerg\u00eancia e destinar verbas para o combate aos inc\u00eandios, para a conserva\u00e7\u00e3o e preserva\u00e7\u00e3o da Amaz\u00f4nia e de todos os biomas do pa\u00eds, para combater o desmatamento, garantir a preserva\u00e7\u00e3o de esp\u00e9cies da Fauna e Flora, fortalecer os \u00f3rg\u00e3os do servi\u00e7o p\u00fablico com a contrata\u00e7\u00e3o de mais equipes de fiscaliza\u00e7\u00e3o e fazendo efetivamente a demarca\u00e7\u00e3o das terras ind\u00edgenas. No ano de 2018 do recurso executado, apenas 0,13% do or\u00e7amento foi para gest\u00e3o ambiental, enquanto 40% foi para o bolso dos banqueiros<\/p>\n<p>Para destinar mais recursos para as pol\u00edticas ambientais, o governo<em> deveria utilizar recursos de multas de empresas poluidoras, estatizar empresas como a <\/em>Vale e a Hydro e suspender o pagamento da d\u00edvida p\u00fablica, que alimenta o bolso de bancos que financiam projetos poluidores. Mas essas medidas s\u00f3 vamos conquistar atrav\u00e9s da mobiliza\u00e7\u00e3o. Dando continuidade a luta atrav\u00e9s de um calend\u00e1rio de manifesta\u00e7\u00f5es que devem desembocar em setembro nos atos internacionais contra a cat\u00e1strofe clim\u00e1tica.<\/p>\n","protected":false},"excerpt":{"rendered":"<p>A situa\u00e7\u00e3o ambiental \u00e9 alarmante. Desmatamento recorde, aumento de 82% das queimadas, libera\u00e7\u00e3o total dos agrot\u00f3xicos, amea\u00e7as contra a Esta\u00e7\u00e3o ecol\u00f3gica de Tamoios, o assassinato e amea\u00e7as aos waj\u00e3pi e agress\u00f5es aos demais povos da floresta. As declara\u00e7\u00f5es do governo Bolsonaro demonstram um projeto de<\/p>\n","protected":false},"author":2,"featured_media":4721,"comment_status":"open","ping_status":"open","sticky":false,"template":"","format":"standard","meta":{"footnotes":""},"categories":[5],"tags":[],"class_list":["post-4720","post","type-post","status-publish","format-standard","has-post-thumbnail","hentry","category-nacional"],"_links":{"self":[{"href":"https:\/\/www.cstuit.com\/home\/wp-json\/wp\/v2\/posts\/4720","targetHints":{"allow":["GET"]}}],"collection":[{"href":"https:\/\/www.cstuit.com\/home\/wp-json\/wp\/v2\/posts"}],"about":[{"href":"https:\/\/www.cstuit.com\/home\/wp-json\/wp\/v2\/types\/post"}],"author":[{"embeddable":true,"href":"https:\/\/www.cstuit.com\/home\/wp-json\/wp\/v2\/users\/2"}],"replies":[{"embeddable":true,"href":"https:\/\/www.cstuit.com\/home\/wp-json\/wp\/v2\/comments?post=4720"}],"version-history":[{"count":0,"href":"https:\/\/www.cstuit.com\/home\/wp-json\/wp\/v2\/posts\/4720\/revisions"}],"wp:featuredmedia":[{"embeddable":true,"href":"https:\/\/www.cstuit.com\/home\/wp-json\/wp\/v2\/media\/4721"}],"wp:attachment":[{"href":"https:\/\/www.cstuit.com\/home\/wp-json\/wp\/v2\/media?parent=4720"}],"wp:term":[{"taxonomy":"category","embeddable":true,"href":"https:\/\/www.cstuit.com\/home\/wp-json\/wp\/v2\/categories?post=4720"},{"taxonomy":"post_tag","embeddable":true,"href":"https:\/\/www.cstuit.com\/home\/wp-json\/wp\/v2\/tags?post=4720"}],"curies":[{"name":"wp","href":"https:\/\/api.w.org\/{rel}","templated":true}]}}