

	{"id":5194,"date":"2019-11-25T15:26:20","date_gmt":"2019-11-25T15:26:20","guid":{"rendered":"https:\/\/www.cstuit.com\/home\/?p=5194"},"modified":"2019-11-26T13:36:26","modified_gmt":"2019-11-26T13:36:26","slug":"nenhum-sistema-vai-nos-calar","status":"publish","type":"post","link":"https:\/\/www.cstuit.com\/home\/2019\/11\/25\/nenhum-sistema-vai-nos-calar\/","title":{"rendered":"\u201cNenhum sistema vai nos calar\u201d"},"content":{"rendered":"<div id=\"attachment_5243\" style=\"width: 810px\" class=\"wp-caption aligncenter\"><img loading=\"lazy\" decoding=\"async\" aria-describedby=\"caption-attachment-5243\" class=\"size-full wp-image-5243\" src=\"https:\/\/www.cstuit.com\/home\/wp-content\/uploads\/2019\/11\/48u1uTuBNUc8hJ6.jpg\" alt=\"\" width=\"800\" height=\"1154\" srcset=\"https:\/\/www.cstuit.com\/home\/wp-content\/uploads\/2019\/11\/48u1uTuBNUc8hJ6.jpg 800w, https:\/\/www.cstuit.com\/home\/wp-content\/uploads\/2019\/11\/48u1uTuBNUc8hJ6-208x300.jpg 208w, https:\/\/www.cstuit.com\/home\/wp-content\/uploads\/2019\/11\/48u1uTuBNUc8hJ6-768x1108.jpg 768w, https:\/\/www.cstuit.com\/home\/wp-content\/uploads\/2019\/11\/48u1uTuBNUc8hJ6-710x1024.jpg 710w, https:\/\/www.cstuit.com\/home\/wp-content\/uploads\/2019\/11\/48u1uTuBNUc8hJ6-35x50.jpg 35w, https:\/\/www.cstuit.com\/home\/wp-content\/uploads\/2019\/11\/48u1uTuBNUc8hJ6-600x866.jpg 600w\" sizes=\"auto, (max-width: 800px) 100vw, 800px\" \/><p id=\"caption-attachment-5243\" class=\"wp-caption-text\">Poster da Quatro Cinco Um com Fernanda Montenegro. Foto: Mariana Maltoni<\/p><\/div>\n<p style=\"font-weight: 400; text-align: left;\">Fernanda Montenegro completou 90 anos e 50 de carreira. Recentemente lan\u00e7ou uma autobiografia contando as dificuldades dos av\u00f3s imigrantes, pai oper\u00e1rio, sua viv\u00eancia na zona norte do RJ e sua atua\u00e7\u00e3o no teatro, TV e cinema. V\u00e1rias homenagens est\u00e3o ocorrendo. Uma delas foi um ensaio fotogr\u00e1fico para a revista Quatro Cinco Um. Na publica\u00e7\u00e3o, Fernanda \u00e9 retratada como uma bruxa prestes a ser queimada em uma fogueira com livros, tal qual ocorria na idade m\u00e9dia, fazendo uma refer\u00eancia aos recentes casos de censura e a \u201cca\u00e7a \u00e0s bruxas\u201d praticada por Bolsonaro, na FUNARTE, ANCINE e editais da Caixa Econ\u00f4mica. Doria e Crivela tamb\u00e9m tentaram censurar apostilas (SP) e revistas (RJ).<\/p>\n<div id=\"attachment_5242\" style=\"width: 810px\" class=\"wp-caption aligncenter\"><img loading=\"lazy\" decoding=\"async\" aria-describedby=\"caption-attachment-5242\" class=\"size-full wp-image-5242\" src=\"https:\/\/www.cstuit.com\/home\/wp-content\/uploads\/2019\/11\/xmd5glFZMgL3JHN.jpg\" alt=\"\" width=\"800\" height=\"1200\" srcset=\"https:\/\/www.cstuit.com\/home\/wp-content\/uploads\/2019\/11\/xmd5glFZMgL3JHN.jpg 800w, https:\/\/www.cstuit.com\/home\/wp-content\/uploads\/2019\/11\/xmd5glFZMgL3JHN-200x300.jpg 200w, https:\/\/www.cstuit.com\/home\/wp-content\/uploads\/2019\/11\/xmd5glFZMgL3JHN-768x1152.jpg 768w, https:\/\/www.cstuit.com\/home\/wp-content\/uploads\/2019\/11\/xmd5glFZMgL3JHN-683x1024.jpg 683w, https:\/\/www.cstuit.com\/home\/wp-content\/uploads\/2019\/11\/xmd5glFZMgL3JHN-33x50.jpg 33w, https:\/\/www.cstuit.com\/home\/wp-content\/uploads\/2019\/11\/xmd5glFZMgL3JHN-600x900.jpg 600w\" sizes=\"auto, (max-width: 800px) 100vw, 800px\" \/><p id=\"caption-attachment-5242\" class=\"wp-caption-text\">Fernanda Montenegro. Foto: Mariana Maltoni\/Quatro Cinco Um<\/p><\/div>\n<p style=\"font-weight: 400;\">As fotos motivaram ataques do atual diretor da FUNARTE, Roberto Alvim, chamando a atriz de \u201cmentirosa\u201d e \u201cs\u00f3rdida\u201d. Dentre outros absurdos desqualificou a pe\u00e7a \u201cViver sem tempos Mortos\u201d, baseada na obra de Simone Beauvoir, com a qual Fernanda Montenegro encerrou sua carreira (com apresenta\u00e7\u00f5es na periferia de S\u00e3o Jo\u00e3o de Meriti). No \u00faltimo dia 06, no teatro Municipal de SP, Fernanda Montenegro declarou \u201cum livro virou um ato de resist\u00eancia\u201d e \u201csistema nenhum vai nos calar\u201d. De m\u00e3os dadas com Jos\u00e9 Celso Martinez, um dos maiores diretores de teatro nacional, arrematou \u201cestamos aqui reunidos em torno da liberdade de express\u00e3o\u201d. Contra o autoritarismo de Bolsonaro estamos bem acompanhados.<\/p>\n<p style=\"font-weight: 400;\">Parab\u00e9ns a Fernanda Montenegro. Vida longa aos artistas brasileiros!<\/p>\n<div id=\"attachment_5245\" style=\"width: 410px\" class=\"wp-caption aligncenter\"><img loading=\"lazy\" decoding=\"async\" aria-describedby=\"caption-attachment-5245\" class=\"size-full wp-image-5245\" src=\"https:\/\/www.cstuit.com\/home\/wp-content\/uploads\/2019\/11\/cJTW2xuelpSeInB.jpg\" alt=\"\" width=\"400\" height=\"487\" srcset=\"https:\/\/www.cstuit.com\/home\/wp-content\/uploads\/2019\/11\/cJTW2xuelpSeInB.jpg 400w, https:\/\/www.cstuit.com\/home\/wp-content\/uploads\/2019\/11\/cJTW2xuelpSeInB-246x300.jpg 246w, https:\/\/www.cstuit.com\/home\/wp-content\/uploads\/2019\/11\/cJTW2xuelpSeInB-41x50.jpg 41w\" sizes=\"auto, (max-width: 400px) 100vw, 400px\" \/><p id=\"caption-attachment-5245\" class=\"wp-caption-text\">Desenho de Luciano Schmitz, diretor criativo do ensaio com Fernanda Montenegro. \/ Revista Quatro cinco um<\/p><\/div>\n<hr \/>\n<h6>Mat\u00e9ria e ensaio completo da Quatro Cinco Um com Fernanda Montenegro: <a href=\"https:\/\/www.quatrocincoum.com.br\/br\/noticias\/t\/bruxa-em-tres-atos\">https:\/\/www.quatrocincoum.com.br\/br\/noticias\/t\/bruxa-em-tres-atos<\/a><\/h6>\n","protected":false},"excerpt":{"rendered":"<p>Fernanda Montenegro completou 90 anos e 50 de carreira. Recentemente lan\u00e7ou uma autobiografia contando as dificuldades dos av\u00f3s imigrantes, pai oper\u00e1rio, sua viv\u00eancia na zona norte do RJ e sua atua\u00e7\u00e3o no teatro, TV e cinema. V\u00e1rias homenagens est\u00e3o ocorrendo. Uma delas foi um ensaio<\/p>\n","protected":false},"author":2,"featured_media":5240,"comment_status":"open","ping_status":"open","sticky":false,"template":"","format":"standard","meta":{"footnotes":""},"categories":[790],"tags":[963,962,964],"class_list":["post-5194","post","type-post","status-publish","format-standard","has-post-thumbnail","hentry","category-cultura","tag-cultura","tag-fernanda-montenegro","tag-funarte"],"_links":{"self":[{"href":"https:\/\/www.cstuit.com\/home\/wp-json\/wp\/v2\/posts\/5194","targetHints":{"allow":["GET"]}}],"collection":[{"href":"https:\/\/www.cstuit.com\/home\/wp-json\/wp\/v2\/posts"}],"about":[{"href":"https:\/\/www.cstuit.com\/home\/wp-json\/wp\/v2\/types\/post"}],"author":[{"embeddable":true,"href":"https:\/\/www.cstuit.com\/home\/wp-json\/wp\/v2\/users\/2"}],"replies":[{"embeddable":true,"href":"https:\/\/www.cstuit.com\/home\/wp-json\/wp\/v2\/comments?post=5194"}],"version-history":[{"count":0,"href":"https:\/\/www.cstuit.com\/home\/wp-json\/wp\/v2\/posts\/5194\/revisions"}],"wp:featuredmedia":[{"embeddable":true,"href":"https:\/\/www.cstuit.com\/home\/wp-json\/wp\/v2\/media\/5240"}],"wp:attachment":[{"href":"https:\/\/www.cstuit.com\/home\/wp-json\/wp\/v2\/media?parent=5194"}],"wp:term":[{"taxonomy":"category","embeddable":true,"href":"https:\/\/www.cstuit.com\/home\/wp-json\/wp\/v2\/categories?post=5194"},{"taxonomy":"post_tag","embeddable":true,"href":"https:\/\/www.cstuit.com\/home\/wp-json\/wp\/v2\/tags?post=5194"}],"curies":[{"name":"wp","href":"https:\/\/api.w.org\/{rel}","templated":true}]}}