

	{"id":5268,"date":"2019-11-28T14:40:34","date_gmt":"2019-11-28T14:40:34","guid":{"rendered":"https:\/\/www.cstuit.com\/home\/?p=5268"},"modified":"2019-11-28T20:36:14","modified_gmt":"2019-11-28T20:36:14","slug":"plano-mais-brasil-escancara-privilegio-da-divida","status":"publish","type":"post","link":"https:\/\/www.cstuit.com\/home\/2019\/11\/28\/plano-mais-brasil-escancara-privilegio-da-divida\/","title":{"rendered":"Plano &#8220;Mais Brasil&#8221; escancara privil\u00e9gio da D\u00edvida"},"content":{"rendered":"<h6 style=\"text-align: right;\"><strong>Texto<\/strong> Maria Lucia Fattorelli *<\/h6>\n<hr \/>\n<p>&nbsp;<\/p>\n<p>Recentemente, Bolsonaro entregou ao Senado um pacote batizado de \u201cPlano Mais Brasil\u201d, contendo tr\u00eas novas Propostas de Emenda \u00e0 Constitui\u00e7\u00e3o &#8211; PEC n\u00ba 186, 187 e 188\/2019.<\/p>\n<div id=\"attachment_5276\" style=\"width: 1310px\" class=\"wp-caption aligncenter\"><img loading=\"lazy\" decoding=\"async\" aria-describedby=\"caption-attachment-5276\" class=\"size-full wp-image-5276\" src=\"https:\/\/www.cstuit.com\/home\/wp-content\/uploads\/2019\/11\/Mais-Brasil_Davi-Alcolumbre-e-Bolsonaro.jpg\" alt=\"\" width=\"1300\" height=\"875\" srcset=\"https:\/\/www.cstuit.com\/home\/wp-content\/uploads\/2019\/11\/Mais-Brasil_Davi-Alcolumbre-e-Bolsonaro.jpg 1300w, https:\/\/www.cstuit.com\/home\/wp-content\/uploads\/2019\/11\/Mais-Brasil_Davi-Alcolumbre-e-Bolsonaro-300x202.jpg 300w, https:\/\/www.cstuit.com\/home\/wp-content\/uploads\/2019\/11\/Mais-Brasil_Davi-Alcolumbre-e-Bolsonaro-768x517.jpg 768w, https:\/\/www.cstuit.com\/home\/wp-content\/uploads\/2019\/11\/Mais-Brasil_Davi-Alcolumbre-e-Bolsonaro-1024x689.jpg 1024w, https:\/\/www.cstuit.com\/home\/wp-content\/uploads\/2019\/11\/Mais-Brasil_Davi-Alcolumbre-e-Bolsonaro-50x34.jpg 50w, https:\/\/www.cstuit.com\/home\/wp-content\/uploads\/2019\/11\/Mais-Brasil_Davi-Alcolumbre-e-Bolsonaro-600x404.jpg 600w, https:\/\/www.cstuit.com\/home\/wp-content\/uploads\/2019\/11\/Mais-Brasil_Davi-Alcolumbre-e-Bolsonaro-210x140.jpg 210w, https:\/\/www.cstuit.com\/home\/wp-content\/uploads\/2019\/11\/Mais-Brasil_Davi-Alcolumbre-e-Bolsonaro-272x182.jpg 272w\" sizes=\"auto, (max-width: 1300px) 100vw, 1300px\" \/><p id=\"caption-attachment-5276\" class=\"wp-caption-text\">Foto: Marcelo Camargo\/Ag\u00eancia Brasil<\/p><\/div>\n<p>&nbsp;<\/p>\n<blockquote>\n<h2><span style=\"color: #999999;\">O pacote deveria ser chamado de <strong>\u201cMais Brasil para Banqueiros\u201d<\/strong>, pois as medidas escancaram o privil\u00e9gio dos gastos com a chamada d\u00edvida p\u00fablica, que nunca foi auditada como manda a Constitui\u00e7\u00e3o de 1988.<\/span><\/h2>\n<\/blockquote>\n<p>Para que sobrem mais recursos para os gastos com a question\u00e1vel d\u00edvida p\u00fablica, os investimentos sociais urgentes para o pa\u00eds s\u00e3o postos de lado, consolidando ainda mais a posi\u00e7\u00e3o do Estado brasileiro a servi\u00e7o do grande capital rentista &#8211; ou seja, de grandes bancos e investidores.<\/p>\n<p>Tais medidas pretendem inserir na Constitui\u00e7\u00e3o Federal mais restri\u00e7\u00f5es ainda aos Direitos Sociais, acompanhadas de mais garantias aos rentistas, o que aprofundar\u00e1 a vergonhosa situa\u00e7\u00e3o de mis\u00e9ria que j\u00e1 alcan\u00e7a cerca de \u00bc da popula\u00e7\u00e3o brasileira, enquanto aumenta o n\u00famero de bilion\u00e1rios, e o lucro dos bancos bate novo recorde a cada trimestre.<\/p>\n<p>No Chile, essa redu\u00e7\u00e3o de pol\u00edticas p\u00fablicas e a aus\u00eancia do Estado em \u00e1reas essenciais para a garantia de servi\u00e7os p\u00fablicos \u00e0 popula\u00e7\u00e3o tem sido a causa das grandes manifesta\u00e7\u00f5es que acabaram obrigando o governo a rever tais pol\u00edticas e passar a priorizar algumas demandas do povo.<\/p>\n<p>O Pacote de Guedes\/Bolsonaro amea\u00e7a diretamente conquistas hist\u00f3ricas da popula\u00e7\u00e3o, fragilizando o artigo 6\u00ba da Constitui\u00e7\u00e3o, que garante Direitos Sociais a todos os brasileiros e brasileiras. Se aprovado o pacote, esse artigo ficar\u00e1 condicionado a um <em><strong>\u201cequil\u00edbrio fiscal intergeracional\u201d<\/strong><\/em>, ou seja, s\u00f3 ter\u00e1 que ser cumprido ap\u00f3s o pagamento dos gastos com a question\u00e1vel d\u00edvida p\u00fablica.<\/p>\n<p>O pacote prev\u00ea tamb\u00e9m que leis, atos ou decis\u00f5es judiciais que impliquem despesa somente produzir\u00e3o efeitos quando houver a <em><strong>\u201crespectiva e suficiente dota\u00e7\u00e3o or\u00e7ament\u00e1ria\u201d<\/strong><\/em>. Tal limite nunca existiu para os privilegiados gastos com a d\u00edvida p\u00fablica: de cont\u00ednua e crescente ocorre a emiss\u00e3o e venda de novos t\u00edtulos p\u00fablicos para o pagamento de juros nominais da d\u00edvida, apesar de ser inconstitucional (art. 167, III)!<\/p>\n<p>Tamb\u00e9m fazem parte do pacote a redu\u00e7\u00e3o de sal\u00e1rio dos servidores p\u00fablicos em at\u00e9 25%, assim como o congelamento total do teto de gastos institu\u00eddo pela Emenda Constitucional 95\/2016, devido \u00e0 elimina\u00e7\u00e3o da atualiza\u00e7\u00e3o monet\u00e1ria.<\/p>\n<p>Por outro lado, al\u00e9m dos gastos financeiros com a d\u00edvida continuarem sem limite ou controle algum, o pacote ainda deixa expl\u00edcita a utiliza\u00e7\u00e3o do estoque de centenas de bilh\u00f5es de reais da Conta \u00danica do Tesouro (vinculados a \u00e1reas sociais) para pagamento da d\u00edvida p\u00fablica, confirmando a den\u00fancia feita pela Auditoria Cidad\u00e3 da D\u00edvida, de que o governo tem muito dinheiro em caixa, mas essa montanha de dinheiro \u00e9 reservada somente para o pagamento da d\u00edvida p\u00fablica.<\/p>\n<p>O pacote acaba com os Planos Plurianuais e o Or\u00e7amento Anual, estabelecendo-se o \u201cOr\u00e7amento Plurianual\u201d, o que aumentar\u00e1 ainda mais a blindagem de recursos para o pagamento aos privilegiados rentistas.<\/p>\n<p>O governo assume que a d\u00edvida ocupa o centro das decis\u00f5es econ\u00f4micas, e todas as demais pol\u00edticas fiscais depender\u00e3o de sua \u201csustentabilidade\u201d, como previsto textualmente: <em><strong>\u201cA Uni\u00e3o, os Estados, o Distrito Federal e os Munic\u00edpios conduzir\u00e3o suas pol\u00edticas fiscais de forma a manter a d\u00edvida p\u00fablica em n\u00edveis que assegurem sua sustentabilidade\u201d <\/strong><\/em>e que<em><strong> \u201cA elabora\u00e7\u00e3o e a execu\u00e7\u00e3o de planos e or\u00e7amentos devem refletir a compatibilidade dos indicadores fiscais com a sustentabilidade da d\u00edvida\u201d. <\/strong><\/em><\/p>\n<p>Nesse sentido, o pacote aumenta o arrocho fiscal para privilegiar a d\u00edvida. Em vez de auditar a question\u00e1vel d\u00edvida (que at\u00e9 o TCU j\u00e1 declarou que n\u00e3o serviu para investimentos no pa\u00eds); estabelecer juros negativos, e direcionar recursos para investimentos produtivos que gerem crescimento socioecon\u00f4mico, o governo reza na cartilha do retr\u00f3grado \u201cPensamento \u00danico\u201d que corta investimentos sociais, aplica contrarreformas como a da previd\u00eancia, e privatiza tudo para transferir recursos aos privilegiados rentistas.<\/p>\n<p>O cumprimento de todas as exig\u00eancias desse pacote ser\u00e1 monitorado por um novo \u00f3rg\u00e3o que est\u00e1 sendo criado: Conselho Fiscal da Rep\u00fablica, formado pelo Presidente da Rep\u00fablica, da C\u00e2mara, do Senado, do STF, do TCU, tr\u00eas governadores e tr\u00eas prefeitos. \u00c9 o fim do federalismo, pois estados e munic\u00edpios perdem a sua autonomia e ainda ficar\u00e3o amarrados \u00e0s limita\u00e7\u00f5es absurdas impostas pelo pacote.<\/p>\n<p>Apesar de ser apresentado como uma recupera\u00e7\u00e3o do Pacto Federativo, o pacote prev\u00ea tamb\u00e9m o fim da compensa\u00e7\u00e3o das perdas dos estados com a Lei Kandir e das a\u00e7\u00f5es judiciais relativas ao tema, em troca de um suposto recurso a mais para estados e munic\u00edpios. Por\u00e9m, tal recurso adicional \u00e9 apenas uma promessa vaga, pois ele ainda ser\u00e1 condicionado \u00e0 execu\u00e7\u00e3o de determinadas pol\u00edticas que n\u00e3o se encontram detalhadas no pacote.<\/p>\n<blockquote>\n<h2><span style=\"color: #999999;\"><strong>Quais pol\u00edticas?<\/strong> Seria o ajuste fiscal? A implementa\u00e7\u00e3o de outras reformas da previd\u00eancia? A privatiza\u00e7\u00e3o de mais empresas estatais? O corte de investimentos sociais? <\/span><\/h2>\n<\/blockquote>\n<p>Outro absurdo \u00e9 a disputa entre os direitos sociais: Uni\u00e3o, Estados, DF ou munic\u00edpios ter\u00e3o que escolher entre aplicar em sa\u00fade ou educa\u00e7\u00e3o. Segundo o pacote, se os entes federados aplicarem em sa\u00fade mais que o piso exigido, poder\u00e3o deduzir este valor do piso de recursos destinados \u00e0 educa\u00e7\u00e3o, e vice-versa. Com o congelamento do teto, essas \u00e1reas sociais ter\u00e3o que disputar recursos, o que significa redu\u00e7\u00e3o nos recursos destas \u00e1reas sociais essenciais.<\/p>\n<p>O pacote ainda corta medidas destinadas \u00e0 redu\u00e7\u00e3o das desigualdades regionais. Por exemplo, desobriga o poder p\u00fablico deinvestir prioritariamente na expans\u00e3o de sua rede de ensino na localidade em que haja falta de vagas, ou de aplicar no Nordeste (preferencialmente no semi-\u00e1rido) no m\u00ednimo 50% do valor destinado a irriga\u00e7\u00e3o no pa\u00eds.<\/p>\n<p>Essa breve an\u00e1lise do pacote mostra mais uma vez que o Sistema da D\u00edvida precisa ser enfrentado, pois n\u00e3o h\u00e1 limite para os privil\u00e9gios dos rentistas que, al\u00e9m de tudo isso, querem se apoderar diretamente dos impostos que pagamos por meio da chamada \u201cSecuritiza\u00e7\u00e3o de Cr\u00e9ditos P\u00fablicos\u201d (PLP 459\/2017 e PEC 438\/2018)!<br \/>\nA ferramenta eficaz para enfrentar esse privil\u00e9gio abusivo do Sistema da D\u00edvida \u00e9 a auditoria integral, realizada com ampla transpar\u00eancia e participa\u00e7\u00e3o da sociedade que tem pago essa elevada conta!\u00a0\u25a0<\/p>\n<hr \/>\n<h6><span style=\"font-weight: 400;\">Maria Lucia Fattorelli \u00e9 Coordenadora Nacional da Auditoria Cidad\u00e3 da D\u00edvida &lt;<\/span><a href=\"http:\/\/www.auditoriacidada.org.br\"><span style=\"font-weight: 400;\">www.auditoriacidada.org.br<\/span><\/a><span style=\"font-weight: 400;\">&gt;. Membro da Comiss\u00e3o de Auditoria Oficial da d\u00edvida Equatoriana, nomeada pelo Presidente Rafael Correa (2007\/2008). Assessora da CPI da D\u00edvida P\u00fablica na C\u00e2mara dos Deputados Federais no Brasil (2009\/2010). Membro da Comiss\u00e3o de Auditoria da D\u00edvida da Gr\u00e9cia, convidada pela Presidente do parlamento Hel\u00eanico, deputada Zoe Konstantopoulou (2015).<\/span><\/h6>\n<hr \/>\n<h6><a href=\"https:\/\/www.cstuit.com\/home\/index.php\/category\/especial\/maisbrasilmenosdireitos\/\" target=\"_blank\" rel=\"noopener\"><br \/>\n<img loading=\"lazy\" decoding=\"async\" class=\"aligncenter wp-image-5285 size-full\" src=\"https:\/\/www.cstuit.com\/home\/wp-content\/uploads\/2019\/11\/Divulgacao_Serie_MaisBrasilMenosDireitos.jpg\" alt=\"\" width=\"1300\" height=\"875\" srcset=\"https:\/\/www.cstuit.com\/home\/wp-content\/uploads\/2019\/11\/Divulgacao_Serie_MaisBrasilMenosDireitos.jpg 1300w, https:\/\/www.cstuit.com\/home\/wp-content\/uploads\/2019\/11\/Divulgacao_Serie_MaisBrasilMenosDireitos-300x202.jpg 300w, https:\/\/www.cstuit.com\/home\/wp-content\/uploads\/2019\/11\/Divulgacao_Serie_MaisBrasilMenosDireitos-768x517.jpg 768w, https:\/\/www.cstuit.com\/home\/wp-content\/uploads\/2019\/11\/Divulgacao_Serie_MaisBrasilMenosDireitos-1024x689.jpg 1024w, https:\/\/www.cstuit.com\/home\/wp-content\/uploads\/2019\/11\/Divulgacao_Serie_MaisBrasilMenosDireitos-50x34.jpg 50w, https:\/\/www.cstuit.com\/home\/wp-content\/uploads\/2019\/11\/Divulgacao_Serie_MaisBrasilMenosDireitos-600x404.jpg 600w, https:\/\/www.cstuit.com\/home\/wp-content\/uploads\/2019\/11\/Divulgacao_Serie_MaisBrasilMenosDireitos-210x140.jpg 210w, https:\/\/www.cstuit.com\/home\/wp-content\/uploads\/2019\/11\/Divulgacao_Serie_MaisBrasilMenosDireitos-272x182.jpg 272w\" sizes=\"auto, (max-width: 1300px) 100vw, 1300px\" \/><\/a><\/h6>\n<h6>Facebook\u00a0<a href=\"https:\/\/www.facebook.com\/cstpsol\/\">@cstpsol<\/a>\u00a0\u00a0<a href=\"https:\/\/www.facebook.com\/combatesindical\/\">@combatesindical<\/a>\u00a0 \u2192<\/h6>\n","protected":false},"excerpt":{"rendered":"<p>Texto Maria Lucia Fattorelli * &nbsp; Recentemente, Bolsonaro entregou ao Senado um pacote batizado de \u201cPlano Mais Brasil\u201d, contendo tr\u00eas novas Propostas de Emenda \u00e0 Constitui\u00e7\u00e3o &#8211; PEC n\u00ba 186, 187 e 188\/2019. &nbsp; O pacote deveria ser chamado de \u201cMais Brasil para Banqueiros\u201d, pois<\/p>\n","protected":false},"author":1,"featured_media":5292,"comment_status":"open","ping_status":"open","sticky":false,"template":"","format":"standard","meta":{"footnotes":""},"categories":[965],"tags":[549,967,966],"class_list":["post-5268","post","type-post","status-publish","format-standard","has-post-thumbnail","hentry","category-maisbrasilmenosdireitos","tag-bolsonaro","tag-paulo-guedes","tag-plano-mais-brasil"],"_links":{"self":[{"href":"https:\/\/www.cstuit.com\/home\/wp-json\/wp\/v2\/posts\/5268","targetHints":{"allow":["GET"]}}],"collection":[{"href":"https:\/\/www.cstuit.com\/home\/wp-json\/wp\/v2\/posts"}],"about":[{"href":"https:\/\/www.cstuit.com\/home\/wp-json\/wp\/v2\/types\/post"}],"author":[{"embeddable":true,"href":"https:\/\/www.cstuit.com\/home\/wp-json\/wp\/v2\/users\/1"}],"replies":[{"embeddable":true,"href":"https:\/\/www.cstuit.com\/home\/wp-json\/wp\/v2\/comments?post=5268"}],"version-history":[{"count":0,"href":"https:\/\/www.cstuit.com\/home\/wp-json\/wp\/v2\/posts\/5268\/revisions"}],"wp:featuredmedia":[{"embeddable":true,"href":"https:\/\/www.cstuit.com\/home\/wp-json\/wp\/v2\/media\/5292"}],"wp:attachment":[{"href":"https:\/\/www.cstuit.com\/home\/wp-json\/wp\/v2\/media?parent=5268"}],"wp:term":[{"taxonomy":"category","embeddable":true,"href":"https:\/\/www.cstuit.com\/home\/wp-json\/wp\/v2\/categories?post=5268"},{"taxonomy":"post_tag","embeddable":true,"href":"https:\/\/www.cstuit.com\/home\/wp-json\/wp\/v2\/tags?post=5268"}],"curies":[{"name":"wp","href":"https:\/\/api.w.org\/{rel}","templated":true}]}}