

	{"id":5464,"date":"2019-12-12T05:02:29","date_gmt":"2019-12-12T05:02:29","guid":{"rendered":"https:\/\/www.cstuit.com\/home\/?p=5464"},"modified":"2019-12-22T17:06:13","modified_gmt":"2019-12-22T17:06:13","slug":"o-pacote-anti-crime-e-a-esquerda","status":"publish","type":"post","link":"https:\/\/www.cstuit.com\/home\/2019\/12\/12\/o-pacote-anti-crime-e-a-esquerda\/","title":{"rendered":"O pacote anti-crime e a Esquerda"},"content":{"rendered":"<div>\n<div class=\"du\">\n<div class=\"n dv dw dx dy\">\n<div class=\"o n\">\n<div class=\"ec ak r\">\n<div class=\"n\">\n<div class=\"ed n o ee\"><\/div>\n<\/div>\n<div><\/div>\n<\/div>\n<\/div>\n<div class=\"n fc fd fe ff fg fh fi fj ab\">\n<div class=\"n o\">\n<div class=\"fk r ar\">Dispon\u00edvel em\u00a0<span class=\"bj ef eg bl eh ei ej ek el em dc\"><a class=\"at au av aw ax ay az ba bb bc en bf bg bh bi\" href=\"https:\/\/medium.com\/@Contrapoderbr?source=post_page-----d43f08ca8f65----------------------\" rel=\"noopener\">Contrapoder<\/a><\/span><\/div>\n<div class=\"fk r ar\"><\/div>\n<div class=\"fl r ao\">\n<div>\n<div class=\"cf\" role=\"tooltip\" aria-hidden=\"true\" aria-describedby=\"1\" aria-labelledby=\"1\">\n<p id=\"07b1\" class=\"gj gk dc bk gl b gm gn go gp gq gr gs gt gu gv gw\" data-selectable-paragraph=\"\"><strong class=\"gl gx\">Por: Joice Souza<\/strong><\/p>\n<p data-selectable-paragraph=\"\"><a href=\"https:\/\/www.cstuit.com\/home\/wp-content\/uploads\/2019\/12\/contrapoderjo.jpeg\"><img loading=\"lazy\" decoding=\"async\" class=\"size-medium wp-image-5466 aligncenter\" src=\"https:\/\/www.cstuit.com\/home\/wp-content\/uploads\/2019\/12\/contrapoderjo-300x157.jpeg\" alt=\"\" width=\"300\" height=\"157\" srcset=\"https:\/\/www.cstuit.com\/home\/wp-content\/uploads\/2019\/12\/contrapoderjo-300x157.jpeg 300w, https:\/\/www.cstuit.com\/home\/wp-content\/uploads\/2019\/12\/contrapoderjo-768x402.jpeg 768w, https:\/\/www.cstuit.com\/home\/wp-content\/uploads\/2019\/12\/contrapoderjo-1024x536.jpeg 1024w, https:\/\/www.cstuit.com\/home\/wp-content\/uploads\/2019\/12\/contrapoderjo-50x26.jpeg 50w, https:\/\/www.cstuit.com\/home\/wp-content\/uploads\/2019\/12\/contrapoderjo-600x314.jpeg 600w, https:\/\/www.cstuit.com\/home\/wp-content\/uploads\/2019\/12\/contrapoderjo.jpeg 1200w\" sizes=\"auto, (max-width: 300px) 100vw, 300px\" \/><\/a><\/p>\n<p id=\"15c8\" class=\"gj gk dc bk gl b gm gn go gp gq gr gs gt gu gv gw\" data-selectable-paragraph=\"\">No ultimo dia 4 de dezembro, a c\u00e2mara Federal aprovou, por 408 votos a 9, o Pacote anticrime, que altera o c\u00f3digo penal brasileiro e outras leis relativas a seguran\u00e7a p\u00fablica. O texto aprovado trata-se de um projeto substitutivo, fruto de muitas costuras entre a base governista, o \u201ccentr\u00e3o\u201d e a oposi\u00e7\u00e3o. O texto substitutivo trata-se de uma esp\u00e9cie compila\u00e7\u00e3o do Texto original do Pacote anticrimes, apresentado pelo Ministro da Justi\u00e7a, Sergio Moro e o Texto enviado pelo ministro do STF Alexandre Moraes em 2018.<\/p>\n<h1 id=\"83e7\" class=\"gy gz dc bk bj ha de hb dg hc hd he hf hg hh hi hj\" data-selectable-paragraph=\"\"><strong class=\"az\">Um projeto a servi\u00e7o da repress\u00e3o dos mais pobres.<\/strong><\/h1>\n<p id=\"d6fe\" class=\"gj gk dc bk gl b gm hk go hl gq hm gs hn gu ho gw\" data-selectable-paragraph=\"\">Sabemos que frente aos \u00edndices de viol\u00eancia o projeto \u00e9 visto com bons olhos por v\u00e1rios setores da popula\u00e7\u00e3o, principalmente por conter alguns elementos em que, a princ\u00edpio, qualquer pessoa seria favor\u00e1vel como o confisco de bens obtidos de forma ilegal. No entanto, mesmo com o texto substitutivo \u201camenizado\u201d o que vemos \u00e9 um projeto extremamente elitista, que endurece penas, promovendo ainda mais o encarceramento da popula\u00e7\u00e3o e que em nada visa corrigir o problema estrutural da viol\u00eancia.<\/p>\n<p id=\"0fc0\" class=\"gj gk dc bk gl b gm gn go gp gq gr gs gt gu gv gw\" data-selectable-paragraph=\"\">Em todo o seu conte\u00fado n\u00e3o \u00e9 dif\u00edcil prever que seus dispositivos ser\u00e3o aplicados com rigor contra a parcela pobre da popula\u00e7\u00e3o enquanto que as poucas garantias de direitos que ele traz ser\u00e1 privil\u00e9gio de poucos, em especial dos chamados bandidos do colarinho branco. N\u00e3o a toa houve preocupa\u00e7\u00e3o especial dos deputados com os dispositivos relativos a crimes de corrup\u00e7\u00e3o.<\/p>\n<p id=\"ce26\" class=\"gj gk dc bk gl b gm gn go gp gq gr gs gt gu gv gw\" data-selectable-paragraph=\"\">Outro elemento no m\u00ednimo assustador \u00e9 a cria\u00e7\u00e3o de uma banco de dados gen\u00e9ticos ou a amplia\u00e7\u00e3o do entendimento de leg\u00edtima defesa, abrangendo as situa\u00e7\u00f5es em que agentes de seguran\u00e7a executam sequestradores, como ocorreu no caso do \u00f4nibus sequestrado na Ponte Rio x Niter\u00f3i onde a execu\u00e7\u00e3o de um jovem com transtornos mentais foi comemorado aos pulos pelo governador do Rio de Janeiro.<\/p>\n<h1 id=\"1ecd\" class=\"gy gz dc bk bj ha de hb dg hc hd he hf hg hh hi hj\" data-selectable-paragraph=\"\"><strong class=\"az\">Moro saiu derrotado?<\/strong><\/h1>\n<p id=\"8a01\" class=\"gj gk dc bk gl b gm hk go hl gq hm gs hn gu ho gw\" data-selectable-paragraph=\"\">Cerca de 30% do texto original foi exclu\u00eddo, e dispositivos como a excludente de licitude (que dava carta branca para agentes de seguran\u00e7a apertarem o gatilho) e a Plea bargain (que favorece a tortura) foram derrubados e por isso alguns setores da esquerda e centro-esquerda comemoram a vota\u00e7\u00e3o como uma vit\u00f3ria sobre Sergio Moro.<\/p>\n<p id=\"3635\" class=\"gj gk dc bk gl b gm gn go gp gq gr gs gt gu gv gw\" data-selectable-paragraph=\"\">No entanto a pr\u00f3pria comemora\u00e7\u00e3o do ministro da justi\u00e7a nas redes sociais demonstra o contr\u00e1rio. 70% das propostas de Moro foram aprovadas e o que faltou deve ser reapresentado ao congresso em outros projetos de lei como no caso da Excludente de licitude. A base governista comemora, a direita e extrema-direita comemoram. N\u00e3o houve vit\u00f3ria para os trabalhadores e para a popula\u00e7\u00e3o pobre e negra em nosso pa\u00eds<\/p>\n<h1 id=\"4013\" class=\"gy gz dc bk bj ha de hb dg hc hd he hf hg hh hi hj\" data-selectable-paragraph=\"\"><strong class=\"az\">O erro de Freixo, Edmilson e Fernanda.<\/strong><\/h1>\n<p id=\"679d\" class=\"gj gk dc bk gl b gm hk go hl gq hm gs hn gu ho gw\" data-selectable-paragraph=\"\">Apesar de todos os problemas mantidos no texto substitutivo e da posi\u00e7\u00e3o votada pela Executiva do Partido contr\u00e1ria ao Projeto, o PSOL liberou o voto de seus parlamentares e infelizmente 3 deputados votaram a favor do projeto: Marcelo Freixo (RJ) que tamb\u00e9m era relator do projeto, Edmilson Rodrigues (PA) e Fernanda Melchionna (RS).<\/p>\n<p id=\"14dd\" class=\"gj gk dc bk gl b gm gn go gp gq gr gs gt gu gv gw\" data-selectable-paragraph=\"\">A nosso ver, trata-se de um erro tremendo, tanto da bancada em liberar o voto quanto dos companheiros que votaram a favor do projeto. Ainda mais quando lembramos que se trata de pr\u00e9-candidatos a prefeitos em suas respectivas cidades.<\/p>\n<p id=\"e6ac\" class=\"gj gk dc bk gl b gm gn go gp gq gr gs gt gu gv gw\" data-selectable-paragraph=\"\">Freixo que em 2016 disputou o segundo turno com Marcelo Crivela no RJ, tem chances reais de assumir a prefeitura da capital carioca, vitrine do modelo de exterm\u00ednio aplicada por Witzel e Bolsonaro, que todos os dias ocupa o notici\u00e1rios com morte de jovens negros pelas m\u00e3os do Estado. Dominada e aterrorizada por mil\u00edcias, a periferia de Bel\u00e9m do Par\u00e1 sempre vota massivamente em Edmilson Rodrigues que tem ido ao segundo turno em todas as \u00faltimas elei\u00e7\u00f5es municipais. E Fernanda, eleita com vota\u00e7\u00e3o expressiva \u00e9 a pr\u00e9-candidata do PSOL em Porto Alegre. Essa condi\u00e7\u00e3o n\u00e3o deixa espa\u00e7o para dubiedades por parte dos companheiros. O programa do PSOL a cerca da seguran\u00e7a p\u00fablica \u00e9 incompat\u00edvel com o projeto aprovado pela C\u00e2mara.<\/p>\n<h1 id=\"d2b8\" class=\"gy gz dc bk bj ha de hb dg hc hd he hf hg hh hi hj\" data-selectable-paragraph=\"\"><strong class=\"az\">A sa\u00edda \u00e9 ocupar as ruas.<\/strong><\/h1>\n<p id=\"0598\" class=\"gj gk dc bk gl b gm hk go hl gq hm gs hn gu ho gw\" data-selectable-paragraph=\"\">Em seu v\u00eddeo de justificativa de voto, o deputado Marcelo Freixo argumenta que n\u00e3o havia outra sa\u00edda que n\u00e3o votar em um dos dois projetos, ou seja, que votar contra o substitutivo seria votar a favor do projeto de Moro. Na mesma linha Fernanda Melchionna argumenta que apesar de o projeto substitutivo n\u00e3o representar o projeto do PSOL, se tratou de uma derrota imposta a Sergio Moro. Discordamos de ambos os argumentos.<\/p>\n<p id=\"bf6b\" class=\"gj gk dc bk gl b gm gn go gp gq gr gs gt gu gv gw\" data-selectable-paragraph=\"\">O primeiro, que restringe \u00e0 atua\u00e7\u00e3o da esquerda ao parlamento e a institucionalidade e deseduca toda uma vanguarda de ativistas ao fazer crer que a \u00fanica possibilidade de atua\u00e7\u00e3o da esquerda \u00e9 jogando o jogo dos acordos e barganhas dos podres poderes, ou que a \u00fanica forma de derrotar a extrema-direita \u00e9 buscando alian\u00e7as rebaixadas com o \u201cCentr\u00e3o\u201d. O segundo que traz novamente a l\u00f3gica do \u201cmenos pior\u201d se contentando com concess\u00f5es t\u00e3o m\u00ednimas que sequer podem ser chamadas de vit\u00f3ria. Enquanto os companheiros falavam que Moro tinha sido derrotado, este comemorava a aprova\u00e7\u00e3o do projeto nas redes sociais.<\/p>\n<p id=\"6ae0\" class=\"gj gk dc bk gl b gm gn go gp gq gr gs gt gu gv gw\" data-selectable-paragraph=\"\">O parlamento nunca foi nosso espa\u00e7o e a Hist\u00f3ria tem nos mostrado com uma vasta lista de exemplos que \u00e9 somente a mobiliza\u00e7\u00e3o que consegue arrancar conquistas e derrotar ataques. Vejamos o primeiro semestre de 2019: a juventude ocupou as ruas aos milhares contra os cortes na educa\u00e7\u00e3o e a classe trabalhadora organizou sua primeira greve geral contra o governo Bolsonaro. O movimento de massas naquele momento conseguiu impor uma paralisia em diversos projetos do governo como a reforma da Previd\u00eancia, provocou a queda de 4 ministros e fez com que v\u00e1rias MPs fossem derrotadas. Mas depois do 14 de Junho as centrais se retiraram de cena e os dias nacionais de luta foram sendo esvaziado, e desde ent\u00e3o primam os acordos de c\u00fapula e o resultado \u00e9 desastroso: Reforma da Previd\u00eancia aprovada com tranquilidade, Base de Alc\u00e2ntara entregue aos EUA com o aval do PCdoB e agora a aprova\u00e7\u00e3o do Pacote anticrime. Ou seja Quando as dire\u00e7\u00f5es de esquerda recuam, o governo avan\u00e7a.<\/p>\n<p id=\"f262\" class=\"gj gk dc bk gl b gm gn go gp gq gr gs gt gu gv gw\" data-selectable-paragraph=\"\">N\u00e3o podemos deixar de citar exemplos internacionais como no Chile, cujo modelo econ\u00f4mico \u00e9 a menina dos olhos do governo brasileiro. Nesse pa\u00eds as mobiliza\u00e7\u00f5es j\u00e1 arrancaram diversas conquistas para o povo chileno.<\/p>\n<p id=\"f06c\" class=\"gj gk dc bk gl b gm gn go gp gq gr gs gt gu gv gw\" data-selectable-paragraph=\"\">Acreditamos que n\u00e3o somente \u00e9 um erro votar a favor do substitutivo, como \u00e9 um erro embarcar na linha de oposi\u00e7\u00e3o comportada que vem aplicando o PT e o PCdoB, se limitando a atua\u00e7\u00e3o no Parlamento. \u00c9 urgente que os parlamentares sejam parte dos chamados ao enfrentamento das pol\u00edticas do governo Bolsonaro nas ruas. Que pressione as centrais a convocar novas datas de luta.<\/p>\n<p id=\"509c\" class=\"gj gk dc bk gl b gm gn go gp gq gr gs gt gu gv gw\" data-selectable-paragraph=\"\">Por fim saudamos a posi\u00e7\u00e3o acertada de S\u00e2mia, Tal\u00edria, Aurea, Glauber, Ivan e Erundina. Os mandatos do PSOL s\u00e3o conhecidos por se posicionarem sempre a favor dos trabalhadores e do povo.<\/p>\n<\/div>\n<\/div>\n<\/div>\n<\/div>\n<\/div>\n<\/div>\n<\/div>\n<\/div>\n<figure class=\"fn fo fp fq fr fs cl cm paragraph-image\">\n<div class=\"ft fu fv fw ak\">\n<div class=\"cl cm fm\">\n<div class=\"gc r fv gd\">\n<div class=\"fx fy cp t u fz ak eh ga gb\"><\/div>\n<\/div>\n<\/div>\n<\/div>\n<\/figure>\n","protected":false},"excerpt":{"rendered":"<p>Dispon\u00edvel em\u00a0Contrapoder Por: Joice Souza No ultimo dia 4 de dezembro, a c\u00e2mara Federal aprovou, por 408 votos a 9, o Pacote anticrime, que altera o c\u00f3digo penal brasileiro e outras leis relativas a seguran\u00e7a p\u00fablica. O texto aprovado trata-se de um projeto substitutivo, fruto<\/p>\n","protected":false},"author":2,"featured_media":5466,"comment_status":"open","ping_status":"open","sticky":false,"template":"","format":"standard","meta":{"footnotes":""},"categories":[5],"tags":[],"class_list":["post-5464","post","type-post","status-publish","format-standard","has-post-thumbnail","hentry","category-nacional"],"_links":{"self":[{"href":"https:\/\/www.cstuit.com\/home\/wp-json\/wp\/v2\/posts\/5464","targetHints":{"allow":["GET"]}}],"collection":[{"href":"https:\/\/www.cstuit.com\/home\/wp-json\/wp\/v2\/posts"}],"about":[{"href":"https:\/\/www.cstuit.com\/home\/wp-json\/wp\/v2\/types\/post"}],"author":[{"embeddable":true,"href":"https:\/\/www.cstuit.com\/home\/wp-json\/wp\/v2\/users\/2"}],"replies":[{"embeddable":true,"href":"https:\/\/www.cstuit.com\/home\/wp-json\/wp\/v2\/comments?post=5464"}],"version-history":[{"count":0,"href":"https:\/\/www.cstuit.com\/home\/wp-json\/wp\/v2\/posts\/5464\/revisions"}],"wp:featuredmedia":[{"embeddable":true,"href":"https:\/\/www.cstuit.com\/home\/wp-json\/wp\/v2\/media\/5466"}],"wp:attachment":[{"href":"https:\/\/www.cstuit.com\/home\/wp-json\/wp\/v2\/media?parent=5464"}],"wp:term":[{"taxonomy":"category","embeddable":true,"href":"https:\/\/www.cstuit.com\/home\/wp-json\/wp\/v2\/categories?post=5464"},{"taxonomy":"post_tag","embeddable":true,"href":"https:\/\/www.cstuit.com\/home\/wp-json\/wp\/v2\/tags?post=5464"}],"curies":[{"name":"wp","href":"https:\/\/api.w.org\/{rel}","templated":true}]}}