

	{"id":605,"date":"2009-09-25T00:41:00","date_gmt":"2009-09-25T00:41:00","guid":{"rendered":"https:\/\/www.cstuit.com\/home\/index.php\/2009\/09\/25\/arquivoid-9640\/"},"modified":"2009-09-25T00:41:00","modified_gmt":"2009-09-25T00:41:00","slug":"arquivoid-9640","status":"publish","type":"post","link":"https:\/\/www.cstuit.com\/home\/2009\/09\/25\/arquivoid-9640\/","title":{"rendered":"Congresso do PSOL reafirma posi\u00e7\u00e3o sobre a forma\u00e7\u00e3o de nova central sindical"},"content":{"rendered":"<p>Resolu\u00e7\u00e3o aprovada no segundo congresso do PSOL. | www.psol.org.br<\/p>\n<p>Al\u00e9m da elei\u00e7\u00e3o, o 2\u00ba Congresso Nacional do PSOL dedicou parte do terceiro dia do evento (domingo, 23) para debater a forma\u00e7\u00e3o de uma nova central sindical que pretende unir Conlutas e Intersindical. O plen\u00e1rio, 95% dos militantes presentes, aprovou a primeira resolu\u00e7\u00e3o proposta (ver abaixo). Em rela\u00e7\u00e3o ao Congresso passado, o aumento da ades\u00e3o mostra o crescimento da unidade do partido em torno do tema.<\/p>\n<p>Reorganizar o Movimento Sindical e Popular numa perspectiva socialista!<\/p>\n<p>Estamos em um momento decisivo no importante processo de reorganiza\u00e7\u00e3o do movimento sindical e popular no pa\u00eds. Os ataques do capital e dos governos liberais aos direitos dos trabalhadores e trabalhadoras e a criminaliza\u00e7\u00e3o dos movimentos sociais s\u00e3o incessantes. As maiores organiza\u00e7\u00f5es do campo sindical encontram-se atreladas ao governo Lula e \u00e0 l\u00f3gica do capital e s\u00e3o incapazes de oferecer a dire\u00e7\u00e3o que a classe demanda nesse momento hist\u00f3rico.<\/p>\n<p>Trabalhadores\/trabalhadoras do campo e da cidade que atuam nos movimentos sindicais e populares urbanos e rurais, nas entidades estudantis e de luta contra as opress\u00f5es t\u00eam tido importante papel na resist\u00eancia organizada. Entretanto, encontram-se limitados pelas dificuldades de mobiliza\u00e7\u00e3o e a\u00e7\u00e3o unificada. Portanto, reverter o processo de fragmenta\u00e7\u00e3o atrav\u00e9s da unifica\u00e7\u00e3o dos movimentos que mant\u00eam a perspectiva da luta classista \u00e9 essencial.<\/p>\n<p>Num contexto de profunda crise econ\u00f4mica, de crise do referencial socialista, de crise do movimento sindical e popular, os lutadores e lutadoras sociais do pa\u00eds e suas organiza\u00e7\u00f5es combativas buscam a reconstru\u00e7\u00e3o do movimento e a constru\u00e7\u00e3o de uma central que unifique a classe trabalhadora e enfrente em melhores condi\u00e7\u00f5es os ataques do capital e dos governos.<\/p>\n<p>As iniciativas de Reorganiza\u00e7\u00e3o ocorrida no F\u00f3rum Social Mundial no m\u00eas de fevereiro, a constru\u00e7\u00e3o do dia de luta unit\u00e1rio ocorrido no dia 30 de mar\u00e7o e dia de paralisa\u00e7\u00e3o\/mobiliza\u00e7\u00e3o do dia 14 de agosto demonstraram o potencial de unidade do setor combativo composto pela CONLUTAS, INTERSINDICAL, PASTORAIS SOCIAIS, MTST, MTL. Embora ainda muito limitados em raz\u00e3o da fragmenta\u00e7\u00e3o estes setores tem potencialidade para recolocar uma agenda de mobiliza\u00e7\u00f5es tendo como centro as reivindica\u00e7\u00f5es imediatas e hist\u00f3ricas da classe, bem como a resist\u00eancia em rela\u00e7\u00e3o aos ataques dos governos e dos patr\u00f5es.<\/p>\n<p>Deste modo o II Congresso do Psol entende que a constru\u00e7\u00e3o de uma central do mundo do trabalho, classista, ampla, plural, democr\u00e1tica, internacionalista, solid\u00e1ria, que tenha a unidade como valor estrat\u00e9gico e desenvolva o sindicalismo com uma concep\u00e7\u00e3o de frente \u00fanica, que combata o corporativismo, o economicismo e a burocratiza\u00e7\u00e3o, colocando-o a o movimento sindical a servi\u00e7o da luta pelo socialismo deve ser constru\u00eddo pela base e a partir de cada mobiliza\u00e7\u00e3o contra os ataques dos governos e dos patr\u00f5es.<\/p>\n<p>Diante desta conjuntura, o PSOL:<\/p>\n<p>1- Reafirma o apoio a todas as lutas contra o desemprego, a flexibiliza\u00e7\u00e3o dos direitos, em defesa da reforma agr\u00e1ria e urbana, dos servi\u00e7os p\u00fablicos e das pol\u00edticas sociais, dentre outros;<br \/>\n2- Refor\u00e7a a necessidade de constru\u00e7\u00e3o de uma central sindical de trabalhadores, ou seja, uma central que incorpore todos os setores formais e informais, do campo e da cidade, ativos, aposentados, subempregados e desempregados, que vivam do trabalho;<br \/>\n3- Conclama sua milit\u00e2ncia a participar ativamente dos semin\u00e1rios estaduais e regionais de reorganiza\u00e7\u00e3o, preparat\u00f3rios ao II Semin\u00e1rio Nacional de Reorganiza\u00e7\u00e3o, que acontecer\u00e1 nos dias 01 e 02 de novembro;<br \/>\n4- Se empenhar\u00e1 pela retomada e consolida\u00e7\u00e3o do F\u00f3rum Nacional de Mobiliza\u00e7\u00f5es, com funcionamento org\u00e2nico e permanente, que seja um instrumento de mobiliza\u00e7\u00e3o e luta de todos os setores do movimento sindical e popular, estudantil, de combate \u00e0 opress\u00e3o etc., de forma democr\u00e1tica e que tenha o mais profundo respeito \u00e0 autonomia e independ\u00eancia de cada movimento;<br \/>\n5- Realizar\u00e1 a II Conferencia Sindical para debater concep\u00e7\u00e3o e pr\u00e1tica sindical;<br \/>\n6- Reafirma o respeito \u00e0 autonomia e independ\u00eancia dos movimentos sociais;<br \/>\n7- Intensificar\u00e1 o combate \u00e0 estrutura sindical corporativa e a luta para libertar o movimento das amarras do Estado, quer seja no campo econ\u00f4mico (imposto sindical), jur\u00eddico (fim do poder normativo da Justi\u00e7a do Trabalho e a defesa do direito de greve e da liberdade e autonomia sindical e do direito de organiza\u00e7\u00e3o por local de trabalho), ou pol\u00edtico (contra a inger\u00eancia do Governo nas organiza\u00e7\u00f5es sindicais e a criminaliza\u00e7\u00e3o dos movimentos sociais).<br \/>\nFinalmente conclama todos seus\/suas militantes a envidarem todos os esfor\u00e7os no sentido de acelerar e aprofundar o debate acerca da natureza e car\u00e1ter da central, de modo a criar as condi\u00e7\u00f5es para realizar um grande Encontro Nacional de Funda\u00e7\u00e3o da Central, em mar\u00e7o de 2010.<\/p>\n<p>II Congresso Nacional do Psol<br \/>\nAgosto\/2009<\/p>\n","protected":false},"excerpt":{"rendered":"<p>Resolu\u00e7\u00e3o aprovada no segundo congresso do PSOL. | www.psol.org.br Al\u00e9m da elei\u00e7\u00e3o, o 2\u00ba Congresso Nacional do PSOL dedicou parte do terceiro dia do evento (domingo, 23) para debater a forma\u00e7\u00e3o de uma nova central sindical que pretende unir Conlutas e Intersindical. O plen\u00e1rio, 95%<\/p>\n","protected":false},"author":1,"featured_media":0,"comment_status":"closed","ping_status":"open","sticky":false,"template":"","format":"standard","meta":{"footnotes":""},"categories":[2],"tags":[],"class_list":["post-605","post","type-post","status-publish","format-standard","hentry","category-arquivo"],"_links":{"self":[{"href":"https:\/\/www.cstuit.com\/home\/wp-json\/wp\/v2\/posts\/605","targetHints":{"allow":["GET"]}}],"collection":[{"href":"https:\/\/www.cstuit.com\/home\/wp-json\/wp\/v2\/posts"}],"about":[{"href":"https:\/\/www.cstuit.com\/home\/wp-json\/wp\/v2\/types\/post"}],"author":[{"embeddable":true,"href":"https:\/\/www.cstuit.com\/home\/wp-json\/wp\/v2\/users\/1"}],"replies":[{"embeddable":true,"href":"https:\/\/www.cstuit.com\/home\/wp-json\/wp\/v2\/comments?post=605"}],"version-history":[{"count":0,"href":"https:\/\/www.cstuit.com\/home\/wp-json\/wp\/v2\/posts\/605\/revisions"}],"wp:attachment":[{"href":"https:\/\/www.cstuit.com\/home\/wp-json\/wp\/v2\/media?parent=605"}],"wp:term":[{"taxonomy":"category","embeddable":true,"href":"https:\/\/www.cstuit.com\/home\/wp-json\/wp\/v2\/categories?post=605"},{"taxonomy":"post_tag","embeddable":true,"href":"https:\/\/www.cstuit.com\/home\/wp-json\/wp\/v2\/tags?post=605"}],"curies":[{"name":"wp","href":"https:\/\/api.w.org\/{rel}","templated":true}]}}