

	{"id":606,"date":"2015-06-05T15:08:00","date_gmt":"2015-06-05T15:08:00","guid":{"rendered":"https:\/\/www.cstuit.com\/home\/index.php\/2015\/06\/05\/arquivoid-9641\/"},"modified":"2016-02-25T18:30:33","modified_gmt":"2016-02-25T18:30:33","slug":"arquivoid-9641","status":"publish","type":"post","link":"https:\/\/www.cstuit.com\/home\/2015\/06\/05\/arquivoid-9641\/","title":{"rendered":"Argentina: Milhares de pessoas marcham contra os feminic\u00eddios!"},"content":{"rendered":"<p>| Declara\u00e7\u00e3o das Mulheres do partido Esquerda Socialista na Frente de Esquerda<\/p>\n<p>Em tr\u00eas de junho se deu uma jornada de luta hist\u00f3rcia em toda a Argentina. Centenas de milhares de pessoas sa\u00edram \u00e0s ruas em cada cidade e em cada prov\u00edncia para gritar &quot;Nem uma a menos! Basta de feminic\u00eddios!&quot;. Na quarta-feira (3) fomos todas Chiara, Daina, Melina, Lola, Marisabel, Susana&#8230;assassinadas nas m\u00e3os de seus maridos, ex-maridos ou pessoas conhecidas.<\/p>\n<p>Mas tamb\u00e9m n\u00f3s fomos Marita Ver\u00f3n, Florencia Penachi e as milhares de mulheres sequestradas e desaparecidas pelas redes tr\u00e1fico de mulheres e de explora\u00e7\u00e3o sexual. E fomos essas mulheres an\u00f4nimas, majoritariamente jovens e pobre, que morrem por abortos clandestinos.<\/p>\n<p>Ainda que muitos quiseram pendurar o cartaz de #Nemumaamenos no \u00faltimo momento para n\u00e3o perder a foto, as mulheres t\u00eam consci\u00eancia. Se ainda n\u00e3o se tenha declarado a emerg\u00eancia nacional em viol\u00eancia de g\u00eanero, se para a lei de erradica\u00e7\u00e3o de viol\u00eancia contra as mulheres ainda seguem aportando somente 0,0018% do or\u00e7amento nacional, se seguimos sem abrigos e nem centro de aten\u00e7\u00e3o \u00e0s mulheres, se os policiais seguem sendo os principais feminicidas, se n\u00e3o se h\u00e1 desmantelado nenhuma rede de tr\u00e1fico, se n\u00e3o legalizaram o aborto, se seguem livres feminicidas e agressores, se nos meios de comunica\u00e7\u00e3o seguem coisificando e acusando pelo &quot;comprimento de nossas saias&quot;, n\u00e3o \u00e9 por uma casualidade. O governo nacional, os governos provinciais, e a justi\u00e7a patriarcal s\u00e3o respons\u00e1veis pela situa\u00e7\u00e3o das mulheres. Por isso seguimos nas ruas, porque queremos terminar com a impunidade com que s\u00e3o tratados os que nos agridem, violam e assassinam, mas tamb\u00e9m contra aqueles que se gabam de serem governos que respeitam os direitos humanos quando no pa\u00eds se perpetua um genoc\u00eddio de mulheres.<\/p>\n<p>No dia tr\u00eas de mar\u00e7o fomos todas Chiara, Daiana, Melina, Lola, Marisabel, Susana&#8230;Por isso, depois deste dia nacional de luta hist\u00f3rico, entendemos que a luta s\u00f3 est\u00e1 iniciando. H\u00e1 que se organizar uma nova mobiliza\u00e7\u00e3o nacional com marcha \u00e0 Pra\u00e7a de Maio para que novamente sejamos uma multid\u00e3o lutando por cada uma de nossas reivindica\u00e7\u00f5es:<\/p>\n<p>\u2022 Nem uma a menos! Basta de feminicidios. Basta de impunidade. O governo \u00e9 respons\u00e1vel pela situa\u00e7\u00e3o das mulheres.<br \/>\n\u2022 Imediata declara\u00e7\u00e3o da emerg\u00eancia nacional em viol\u00eancia de g\u00eanero. Or\u00e7amento para a lei de preven\u00e7\u00e3o de viol\u00eancia e cria\u00e7\u00e3o de abrigos e centros de aten\u00e7\u00e3o de mulheres v\u00edtimas de viol\u00eancia.<br \/>\n\u2022 \u00a1Nem uma a menos por abortos clandestinos! As mortes por abortos s\u00e3o feminicidios. Aprova\u00e7\u00e3o imediata da  Lei de Interrup\u00e7\u00e3o Volunt\u00e1ria de Gravidez<br \/>\n\u2022 Separa\u00e7\u00e3o da Igreja do Estado<br \/>\n\u2022 Desmantelamento j\u00e1 das redes de tr\u00e1fico de mulheres e de explora\u00e7\u00e3o sexual.<br \/>\n\u2022 Basta de precariza\u00e7\u00e3o e persegui\u00e7\u00e3o no trabalho.<br \/>\n\u2022 Justi\u00e7a por Karina Abreg\u00fa! Pris\u00e3o para o feminicida Albornoz<\/p>\n","protected":false},"excerpt":{"rendered":"<p>| Declara\u00e7\u00e3o das Mulheres do partido Esquerda Socialista na Frente de Esquerda Em tr\u00eas de junho se deu uma jornada de luta hist\u00f3rcia em toda a Argentina. Centenas de milhares de pessoas sa\u00edram \u00e0s ruas em cada cidade e em cada prov\u00edncia para gritar &quot;Nem<\/p>\n","protected":false},"author":1,"featured_media":0,"comment_status":"closed","ping_status":"open","sticky":false,"template":"","format":"standard","meta":{"footnotes":""},"categories":[55],"tags":[40,68,57],"class_list":["post-606","post","type-post","status-publish","format-standard","hentry","category-mulheres","tag-argentina","tag-feminismo","tag-mulheres"],"_links":{"self":[{"href":"https:\/\/www.cstuit.com\/home\/wp-json\/wp\/v2\/posts\/606","targetHints":{"allow":["GET"]}}],"collection":[{"href":"https:\/\/www.cstuit.com\/home\/wp-json\/wp\/v2\/posts"}],"about":[{"href":"https:\/\/www.cstuit.com\/home\/wp-json\/wp\/v2\/types\/post"}],"author":[{"embeddable":true,"href":"https:\/\/www.cstuit.com\/home\/wp-json\/wp\/v2\/users\/1"}],"replies":[{"embeddable":true,"href":"https:\/\/www.cstuit.com\/home\/wp-json\/wp\/v2\/comments?post=606"}],"version-history":[{"count":0,"href":"https:\/\/www.cstuit.com\/home\/wp-json\/wp\/v2\/posts\/606\/revisions"}],"wp:attachment":[{"href":"https:\/\/www.cstuit.com\/home\/wp-json\/wp\/v2\/media?parent=606"}],"wp:term":[{"taxonomy":"category","embeddable":true,"href":"https:\/\/www.cstuit.com\/home\/wp-json\/wp\/v2\/categories?post=606"},{"taxonomy":"post_tag","embeddable":true,"href":"https:\/\/www.cstuit.com\/home\/wp-json\/wp\/v2\/tags?post=606"}],"curies":[{"name":"wp","href":"https:\/\/api.w.org\/{rel}","templated":true}]}}