

	{"id":607,"date":"2015-06-07T10:45:00","date_gmt":"2015-06-07T10:45:00","guid":{"rendered":"https:\/\/www.cstuit.com\/home\/index.php\/2015\/06\/07\/arquivoid-9642\/"},"modified":"2016-02-25T18:30:09","modified_gmt":"2016-02-25T18:30:09","slug":"arquivoid-9642","status":"publish","type":"post","link":"https:\/\/www.cstuit.com\/home\/2015\/06\/07\/arquivoid-9642\/","title":{"rendered":"Espanha: Luta Internacionalista elege um vereador em Girona"},"content":{"rendered":"<p>| Oscar Vilades (El Socialista)*<\/p>\n<p>O companheiro Toni Granados, militante de Luta Internacionalista (LI), se\u00e7\u00e3o da UIT-QI no Estado Espanhol, foi eleito como vereador na cidade de Girona, na Catalunha. Granado \u00e9 filho de pais que emigraram de Andaluzia e vive no bairro oper\u00e1rio de Germans Sabbath. \u00c9 trabalhador qu\u00edmico e presidente do Comit\u00ea de empresa da f\u00e1brica Medichem de Celr\u00e1 com 186 trabalhadores. Afiliado \u00e0 CCOO (Comiss\u00f5es Oper\u00e1rias) e sindicalistas da corrente cr\u00edtica &quot;por um giro \u00e0 esquerda&quot; de Girona, tem participado ativamente apoiando as campanhas em apoio \u00e0 greve de Panrico e outras lutas.<\/p>\n<p>Luta Internacionalista integrou em Girona as listas de CUP-Crida per Girona (Candidatura de Unidade Popular-Chamamento por Girona) para articular uma proposta pol\u00edtica de ruptura independentista e anticapitalista. A bagagem e a atividade institucional acumulados pela CUP a n\u00edvel municipal como oposi\u00e7\u00e3o \u00e0 pol\u00edtica neoliberal de CiU (governo patronal municipal) durante os \u00faltimos quatro anos e o trabalho de base com organiza\u00e7\u00f5es de luta e pessoas, fazia-se necess\u00e1rio impulsionar uma alternativa anticapitalista, soberanista, antiracista, feminista e ecologista, ligada \u00e0s lutas sociais e comprometida s\u00f3 com os e as de baixo.<\/p>\n<p>Luta Internacionalista participou na candidatura CUP-Crida por Girona com tr\u00eas dirigentes: Toni Granados, Alfons Enrique e Ibrahim Sano, ambos envolvidos nas lutas sindicais e sociais.<\/p>\n<p>*El Socialista \u00e9 o jornal do partido argentino Izquierda Socialista, que, assim como a CST do Brasil e o Luta Internacionalista de Espanha, pertence \u00e0 Unidade Internacional dos Trabalhadores &#8211; Quarta Internacional (UIT-QI).<\/p>\n","protected":false},"excerpt":{"rendered":"<p>| Oscar Vilades (El Socialista)* O companheiro Toni Granados, militante de Luta Internacionalista (LI), se\u00e7\u00e3o da UIT-QI no Estado Espanhol, foi eleito como vereador na cidade de Girona, na Catalunha. Granado \u00e9 filho de pais que emigraram de Andaluzia e vive no bairro oper\u00e1rio de<\/p>\n","protected":false},"author":1,"featured_media":0,"comment_status":"closed","ping_status":"open","sticky":false,"template":"","format":"standard","meta":{"footnotes":""},"categories":[6],"tags":[14,125],"class_list":["post-607","post","type-post","status-publish","format-standard","hentry","category-internacional","tag-espanha","tag-lucha-internacionalista"],"_links":{"self":[{"href":"https:\/\/www.cstuit.com\/home\/wp-json\/wp\/v2\/posts\/607","targetHints":{"allow":["GET"]}}],"collection":[{"href":"https:\/\/www.cstuit.com\/home\/wp-json\/wp\/v2\/posts"}],"about":[{"href":"https:\/\/www.cstuit.com\/home\/wp-json\/wp\/v2\/types\/post"}],"author":[{"embeddable":true,"href":"https:\/\/www.cstuit.com\/home\/wp-json\/wp\/v2\/users\/1"}],"replies":[{"embeddable":true,"href":"https:\/\/www.cstuit.com\/home\/wp-json\/wp\/v2\/comments?post=607"}],"version-history":[{"count":0,"href":"https:\/\/www.cstuit.com\/home\/wp-json\/wp\/v2\/posts\/607\/revisions"}],"wp:attachment":[{"href":"https:\/\/www.cstuit.com\/home\/wp-json\/wp\/v2\/media?parent=607"}],"wp:term":[{"taxonomy":"category","embeddable":true,"href":"https:\/\/www.cstuit.com\/home\/wp-json\/wp\/v2\/categories?post=607"},{"taxonomy":"post_tag","embeddable":true,"href":"https:\/\/www.cstuit.com\/home\/wp-json\/wp\/v2\/tags?post=607"}],"curies":[{"name":"wp","href":"https:\/\/api.w.org\/{rel}","templated":true}]}}