

	{"id":635,"date":"2009-10-07T08:10:00","date_gmt":"2009-10-07T08:10:00","guid":{"rendered":"https:\/\/www.cstuit.com\/home\/index.php\/2009\/10\/07\/arquivoid-9670\/"},"modified":"2009-10-07T08:10:00","modified_gmt":"2009-10-07T08:10:00","slug":"arquivoid-9670","status":"publish","type":"post","link":"https:\/\/www.cstuit.com\/home\/2009\/10\/07\/arquivoid-9670\/","title":{"rendered":"Nota sobre o vazamento das provas do ENEM"},"content":{"rendered":"<p>| Vamos \u00e0 Luta<\/p>\n<p>Desde o ano passado, quando surgiu a proposta do novo ENEM para torn\u00e1-lo um instrumento nacional unificado de sele\u00e7\u00e3o para acesso ao ensino superior, temos percebidos os atropelos  do governo federal analisado a quest\u00e3o como preocupante.<\/p>\n<p>Os atos que est\u00e3o acontecendo em todo o pa\u00eds, como no Rio de Janeiro e em Recife que reuniu mais de 500 estudantes, desde o an\u00fancio do adiamento da prova, s\u00e3o o resultado de uma pol\u00edtica desastrosa do Governo Lula. Al\u00e9m do fato de o Governo Federal, atrav\u00e9s do Minist\u00e9rio da Educa\u00e7\u00e3o, ter empurrado tal modelo goela abaixo dos estudantes, se prova que t\u00e9cnica e politicamente a proposta \u00e9 confusa e equivocada. <\/p>\n<p>Desde antes da not\u00edcia do vazamento e do cancelamento do exame, milhares de estudantes j\u00e1 sofriam dificuldades com a organiza\u00e7\u00e3o da prova. Diante do atual esc\u00e2ndalo at\u00e9 a Pol\u00edcia Federal investiga o vazamento. O fato \u00e9 que o Governo n\u00e3o teve capacidade de organizar o exame e n\u00e3o conseguiria corrigir a tempo os erros at\u00e9 a data da prova. Um n\u00famero, que passa dos 50 mil estudantes, tentava desesperadamente reorganizar seu local de realiza\u00e7\u00e3o da prova, pois o Minist\u00e9rio da Educa\u00e7\u00e3o os havia alocado em lugares muito distantes da sua cidade de moradia para a realiza\u00e7\u00e3o da mesma. Isto prova que o vazamento e o cancelamento n\u00e3o s\u00e3o os primeiros e nem ser\u00e3o os \u00faltimos problemas do ENEM. Por essa raz\u00e3o, devemos apoiar todas as mobiliza\u00e7\u00f5es que se desenvolvem, dos estudantes pr\u00e9-universit\u00e1rios e dos universit\u00e1rios como na UFMT que ocuparam a reitoria contra a proposta do novo ENEM.<\/p>\n<p>Infelizmente as dire\u00e7\u00f5es majorit\u00e1rias da UBES \u2013 Uni\u00e3o Brasileira dos Estudantes Secundaristas -, e da UNE \u2013 Uni\u00e3o Nacional dos Estudantes -, que ap\u00f3iam o Governo Lula entusiasticamente nada falaram sobre a implanta\u00e7\u00e3o do ENEM, s\u00e3o contra as mobiliza\u00e7\u00f5es, e agora simplesmente ignoram que cerca de 4 milh\u00f5es de estudantes est\u00e3o prejudicados.<\/p>\n<p>N\u00f3s, da O.E. (Oposi\u00e7\u00e3o de Esquerda) da UNE, somos a favor da universaliza\u00e7\u00e3o do acesso ao ensino superior, por isso, contra o novo modelo do ENEM, por acreditarmos que este novo modelo n\u00e3o atinge e n\u00e3o reverte o principal problema que temos hoje, que \u00e9 a falta de vagas nas universidades p\u00fablicas. Hoje, apenas 11% dos jovens brasileiros em idade universit\u00e1ria (18 a 25 anos) fazem um curso superior, e destes menos de 4% est\u00e3o matriculados em universidades p\u00fablicas. Al\u00e9m disso, o novo ENEM coloca arbitrariamente em um mesmo patamar estudantes de realidades distintas. A prova \u00e9 \u00fanica para todos os estudantes do pa\u00eds e n\u00e3o leva em considera\u00e7\u00e3o disparidades e diferen\u00e7as regionais e culturais.<\/p>\n<p>Diante do cen\u00e1rio de crise econ\u00f4mica em que o governo Lula cortou 1,2 Bilh\u00f5es do or\u00e7amento da educa\u00e7\u00e3o, a \u00fanica sa\u00edda que os estudantes t\u00eam \u00e9 seguir o exemplo das mobiliza\u00e7\u00f5es para exigir apura\u00e7\u00e3o do vazamento das provas e a amplia\u00e7\u00e3o de vagas no ensino superior p\u00fablico com qualidade.<\/p>\n<p>02 de Outubro de 2009.<\/p>\n<p>Silaedson da Silva Juninho \u2013 Diretor de Universidades P\u00fablicas da UNE  21-9394-6339<\/p>\n<p>B\u00e1rbara Sinedino Pinheiro \u2013 DCE \u2013 UNIRIO  21- 8873-6479<\/p>\n<p>Marco Ant\u00f4nio Costa \u2013 DCE \u2013 UFF   &#8211;  21- 8764-5051<\/p>\n<p>Julia Borges \u2013 DCE UNAMA PA<\/p>\n<p>Zaraia Guar\u00e1 \u2013 DCE UFPA<\/p>\n<p>Thais S\u00e1 \u2013 DCE UNIFAP<\/p>\n<p>Cleber Melo \u2013 DCE UFRS<\/p>\n<p>Danilo Bianchi Moreira \u2013 DCE UFOP<\/p>\n<p>Julio Miragaia \u2013 DCE Est\u00e1cio de S\u00e1 PA<\/p>\n","protected":false},"excerpt":{"rendered":"<p>| Vamos \u00e0 Luta Desde o ano passado, quando surgiu a proposta do novo ENEM para torn\u00e1-lo um instrumento nacional unificado de sele\u00e7\u00e3o para acesso ao ensino superior, temos percebidos os atropelos do governo federal analisado a quest\u00e3o como preocupante. Os atos que est\u00e3o acontecendo<\/p>\n","protected":false},"author":1,"featured_media":0,"comment_status":"closed","ping_status":"open","sticky":false,"template":"","format":"standard","meta":{"footnotes":""},"categories":[2],"tags":[],"class_list":["post-635","post","type-post","status-publish","format-standard","hentry","category-arquivo"],"_links":{"self":[{"href":"https:\/\/www.cstuit.com\/home\/wp-json\/wp\/v2\/posts\/635","targetHints":{"allow":["GET"]}}],"collection":[{"href":"https:\/\/www.cstuit.com\/home\/wp-json\/wp\/v2\/posts"}],"about":[{"href":"https:\/\/www.cstuit.com\/home\/wp-json\/wp\/v2\/types\/post"}],"author":[{"embeddable":true,"href":"https:\/\/www.cstuit.com\/home\/wp-json\/wp\/v2\/users\/1"}],"replies":[{"embeddable":true,"href":"https:\/\/www.cstuit.com\/home\/wp-json\/wp\/v2\/comments?post=635"}],"version-history":[{"count":0,"href":"https:\/\/www.cstuit.com\/home\/wp-json\/wp\/v2\/posts\/635\/revisions"}],"wp:attachment":[{"href":"https:\/\/www.cstuit.com\/home\/wp-json\/wp\/v2\/media?parent=635"}],"wp:term":[{"taxonomy":"category","embeddable":true,"href":"https:\/\/www.cstuit.com\/home\/wp-json\/wp\/v2\/categories?post=635"},{"taxonomy":"post_tag","embeddable":true,"href":"https:\/\/www.cstuit.com\/home\/wp-json\/wp\/v2\/tags?post=635"}],"curies":[{"name":"wp","href":"https:\/\/api.w.org\/{rel}","templated":true}]}}