

	{"id":641,"date":"2009-11-09T12:25:00","date_gmt":"2009-11-09T12:25:00","guid":{"rendered":"https:\/\/www.cstuit.com\/home\/index.php\/2009\/11\/09\/arquivoid-9676\/"},"modified":"2009-11-09T12:25:00","modified_gmt":"2009-11-09T12:25:00","slug":"arquivoid-9676","status":"publish","type":"post","link":"https:\/\/www.cstuit.com\/home\/2009\/11\/09\/arquivoid-9676\/","title":{"rendered":"Luta contra o aumento da passagem \u00e9 vitoriosa"},"content":{"rendered":"<p>Vitoria em Ouro Preto | http:\/\/vamosalutaouropreto.blogspot.com<\/p>\n<p>Ap\u00f3s a vitoriosa luta dos estudantes e da popula\u00e7\u00e3o de Ouro Preto, no \u00faltimo dia 04\/11\/2009, a ju\u00edza acatou a reivindica\u00e7\u00e3o do movimento e o aumento da tarifa do transporte p\u00fablico ser\u00e1 revogado. Isso prova que s\u00f3 os estudantes nas ruas, com uma dire\u00e7\u00e3o correta \u00e9 o que ir\u00e1 garantir vit\u00f3rias.<\/p>\n<p>Foi uma dura batalha, contra as mafiosas empresas de \u00f4nibus de Ouro Preto, e seu principal aliado, a Prefeitura. A luta n\u00e3o acabou, exigimos que a determina\u00e7\u00e3o da justi\u00e7a seja cumprida imediatamente!<\/p>\n<p>Esperamos que essa seja apenas a primeira, de muitas outras lutas que vir\u00e3o. A UFOP enfrente uma tremenda crise, para especialistas em breve ela deixar\u00e1 de ser um centro de excel\u00eancia para se tornar um escol\u00e3o. Mais do que nunca os estudantes precisam estar organizados, para dizer n\u00e3o ao sucateamento da universidade p\u00fablica.<\/p>\n<p>Nos momentos das vit\u00f3rias \u00e9 onde as pessoas tomam consci\u00eancia da sua capacidade de transforma\u00e7\u00e3o, por isso fazemos um chamado para toda a comunidade estudantil. Vamos \u00e0 Luta!?<\/p>\n","protected":false},"excerpt":{"rendered":"<p>Vitoria em Ouro Preto | http:\/\/vamosalutaouropreto.blogspot.com Ap\u00f3s a vitoriosa luta dos estudantes e da popula\u00e7\u00e3o de Ouro Preto, no \u00faltimo dia 04\/11\/2009, a ju\u00edza acatou a reivindica\u00e7\u00e3o do movimento e o aumento da tarifa do transporte p\u00fablico ser\u00e1 revogado. Isso prova que s\u00f3 os estudantes<\/p>\n","protected":false},"author":1,"featured_media":0,"comment_status":"closed","ping_status":"open","sticky":false,"template":"","format":"standard","meta":{"footnotes":""},"categories":[2],"tags":[],"class_list":["post-641","post","type-post","status-publish","format-standard","hentry","category-arquivo"],"_links":{"self":[{"href":"https:\/\/www.cstuit.com\/home\/wp-json\/wp\/v2\/posts\/641","targetHints":{"allow":["GET"]}}],"collection":[{"href":"https:\/\/www.cstuit.com\/home\/wp-json\/wp\/v2\/posts"}],"about":[{"href":"https:\/\/www.cstuit.com\/home\/wp-json\/wp\/v2\/types\/post"}],"author":[{"embeddable":true,"href":"https:\/\/www.cstuit.com\/home\/wp-json\/wp\/v2\/users\/1"}],"replies":[{"embeddable":true,"href":"https:\/\/www.cstuit.com\/home\/wp-json\/wp\/v2\/comments?post=641"}],"version-history":[{"count":0,"href":"https:\/\/www.cstuit.com\/home\/wp-json\/wp\/v2\/posts\/641\/revisions"}],"wp:attachment":[{"href":"https:\/\/www.cstuit.com\/home\/wp-json\/wp\/v2\/media?parent=641"}],"wp:term":[{"taxonomy":"category","embeddable":true,"href":"https:\/\/www.cstuit.com\/home\/wp-json\/wp\/v2\/categories?post=641"},{"taxonomy":"post_tag","embeddable":true,"href":"https:\/\/www.cstuit.com\/home\/wp-json\/wp\/v2\/tags?post=641"}],"curies":[{"name":"wp","href":"https:\/\/api.w.org\/{rel}","templated":true}]}}