

	{"id":643,"date":"2015-08-12T16:56:00","date_gmt":"2015-08-12T16:56:00","guid":{"rendered":"https:\/\/www.cstuit.com\/home\/index.php\/2015\/08\/12\/arquivoid-9678\/"},"modified":"2016-02-25T13:52:38","modified_gmt":"2016-02-25T13:52:38","slug":"arquivoid-9678","status":"publish","type":"post","link":"https:\/\/www.cstuit.com\/home\/2015\/08\/12\/arquivoid-9678\/","title":{"rendered":"21 de agosto: jornada internacional em apoio \u00e0 revolu\u00e7\u00e3o s\u00edria"},"content":{"rendered":"<p>Dois anos do massacre com armas qu\u00edmicas em Goutha, S\u00edria | UIT-QI<\/p>\n<p>Romper o bloqueio da Revolu\u00e7\u00e3o S\u00edria<br \/>\nCom o povo da S\u00edria: abaixo Bashar, ISIS e as interven\u00e7\u00f5es imperialistas<\/p>\n<p>Em 21 de agosto, se completar\u00e1 o segundo anivers\u00e1rio do massacre qu\u00edmico que ocorreu em Goutha, periferia de Damasco. O ataque qu\u00edmico do regime de Bashar al Assad matou, em quest\u00e3o de minutos, mais de mil pessoas, a maioria das quais mulheres e crian\u00e7as que estavam dormindo tranquilamente de leste \u00e0 oeste de Goutha. Como outros massacres, o massacre qu\u00edmico passou e o culpado segue impune. As diversas organiza\u00e7\u00f5es da esquerda S\u00edria e mundial, que se reuniram em Istambul em julho, convocam a realiza\u00e7\u00e3o de uma jornada unit\u00e1ria de mobiliza\u00e7\u00e3o em todo mundo para, mais uma vez, repudiar esse massacre e em apoio \u00e0 resist\u00eancia do povo s\u00edrio. <\/p>\n<p>\u201cEm mar\u00e7o de 2011, na onda revolucion\u00e1ria desencadeada na regi\u00e3o, os trabalhadores, os jovens e camponeses s\u00edrios sa\u00edram massivamente \u00e0s ruas contra o regime ditatorial de Bashar Al Assad, que respondeu as manifesta\u00e7\u00f5es pac\u00edficas com uma feroz repress\u00e3o: pris\u00f5es, torturas, barris explosivos, armas qu\u00edmicas lan\u00e7adas contra os bairros populares. Quatro anos depois, o povo paga um alto pre\u00e7o por sua luta por liberdade: mais de 300 mil mortos, 95% nas m\u00e3os das for\u00e7as de Assad. O n\u00famero de feridos, presos e desaparecidos \u00e9 ainda desconhecido, ainda que poderia se estimar em pelo menos meio milh\u00e3o no total. (&#8230;)<\/p>\n<p>\u201cSabemos que a luta na S\u00edria \u00e9 uma express\u00e3o da demanda pela liberdade e justi\u00e7a social a n\u00edvel regional e mundial. \u00c9 parte de uma onda internacional revolucion\u00e1ria desencadeada pela profunda crise capitalista desde 2008, que levou a uma ofensiva do imperialismo e da burguesia contra os interesses dos trabalhadores, jovens e dos pobres. A luta contra os efeitos da crise capitalista n\u00e3o pode se separar da luta contra as ditaduras. O destino da Revolu\u00e7\u00e3o s\u00edria est\u00e1 ligado ao das lutas populares em Iraque, Bahrein, Egito, Tun\u00edsia, L\u00edbia, I\u00eamen e outros pa\u00edses onde a juventude, os trabalhadores e os camponeses se rebelaram contra a opress\u00e3o e a mis\u00e9ria. Tamb\u00e9m se une \u00e0 luta dos palestinos que resistem \u00e0 ocupa\u00e7\u00e3o desde 1948. E para al\u00e9m da regi\u00e3o, tamb\u00e9m faz eco dos movimentos na Am\u00e9rica Latina e Europa contra o neoliberalismo, como o contundente &quot;n\u00e3o&quot; dos trabalhadores e da juventude na Gr\u00e9cia contra a austeridade e a ditadura da d\u00edvida. (&#8230;)<\/p>\n<p>\u201cApoiamos os comit\u00eas locais, os conselhos revolucion\u00e1rios e os grupos humanit\u00e1rios que trabalham no pa\u00eds, e as brigadas independentes do Ex\u00e9rcito S\u00edrio Livre que lutam contra o regime e os grupos fundamentalistas. E apoiamos os grupos de esquerda na S\u00edria para que se fortale\u00e7am e possam proteger e aprofundar a revolu\u00e7\u00e3o para conseguir seus objetivos originais. Sem d\u00favidas, a vit\u00f3ria da revolu\u00e7\u00e3o na S\u00edria, abriria um novo caminho em toda regi\u00e3o e, mais ainda, em benef\u00edcio das lutas dos trabalhadores e das massas populares\u201d. (Declara\u00e7\u00e3o do Encontro de Istambul)<\/p>\n<p>Por tudo isso, fazemos um chamado \u00e0s organiza\u00e7\u00f5es pol\u00edticas, sindicais, democr\u00e1ticas, anti-imperialistas e da esquerda mundial a realizar a\u00e7\u00f5es unit\u00e1rias no dia 21 de agosto nas principais cidades do mundo. No segundo anivers\u00e1rio do massacre de Goutha, em rep\u00fadio aos crimes do regime e em apoio ao povo s\u00edrio contra a ditadura de Al Assad, contra o reacion\u00e1rio ISIS (Daesh, em \u00e1rabe) e toda forma de interven\u00e7\u00e3o imperialista.<\/p>\n<p>Unidade Internacional dos Trabalhadores \u2013 Quarta Internacional (UIT-QI), integrante do Comit\u00ea Coordenador da campanha Internacional <\/p>\n<p>9 de agosto de 2015<\/p>\n","protected":false},"excerpt":{"rendered":"<p>Dois anos do massacre com armas qu\u00edmicas em Goutha, S\u00edria | UIT-QI Romper o bloqueio da Revolu\u00e7\u00e3o S\u00edria Com o povo da S\u00edria: abaixo Bashar, ISIS e as interven\u00e7\u00f5es imperialistas Em 21 de agosto, se completar\u00e1 o segundo anivers\u00e1rio do massacre qu\u00edmico que ocorreu em<\/p>\n","protected":false},"author":1,"featured_media":0,"comment_status":"closed","ping_status":"open","sticky":false,"template":"","format":"standard","meta":{"footnotes":""},"categories":[6],"tags":[112,90],"class_list":["post-643","post","type-post","status-publish","format-standard","hentry","category-internacional","tag-campanhas","tag-siria"],"_links":{"self":[{"href":"https:\/\/www.cstuit.com\/home\/wp-json\/wp\/v2\/posts\/643","targetHints":{"allow":["GET"]}}],"collection":[{"href":"https:\/\/www.cstuit.com\/home\/wp-json\/wp\/v2\/posts"}],"about":[{"href":"https:\/\/www.cstuit.com\/home\/wp-json\/wp\/v2\/types\/post"}],"author":[{"embeddable":true,"href":"https:\/\/www.cstuit.com\/home\/wp-json\/wp\/v2\/users\/1"}],"replies":[{"embeddable":true,"href":"https:\/\/www.cstuit.com\/home\/wp-json\/wp\/v2\/comments?post=643"}],"version-history":[{"count":0,"href":"https:\/\/www.cstuit.com\/home\/wp-json\/wp\/v2\/posts\/643\/revisions"}],"wp:attachment":[{"href":"https:\/\/www.cstuit.com\/home\/wp-json\/wp\/v2\/media?parent=643"}],"wp:term":[{"taxonomy":"category","embeddable":true,"href":"https:\/\/www.cstuit.com\/home\/wp-json\/wp\/v2\/categories?post=643"},{"taxonomy":"post_tag","embeddable":true,"href":"https:\/\/www.cstuit.com\/home\/wp-json\/wp\/v2\/tags?post=643"}],"curies":[{"name":"wp","href":"https:\/\/api.w.org\/{rel}","templated":true}]}}