

	{"id":654,"date":"2015-09-04T12:46:00","date_gmt":"2015-09-04T12:46:00","guid":{"rendered":"https:\/\/www.cstuit.com\/home\/index.php\/2015\/09\/04\/arquivoid-9689\/"},"modified":"2016-02-25T04:41:58","modified_gmt":"2016-02-25T04:41:58","slug":"arquivoid-9689","status":"publish","type":"post","link":"https:\/\/www.cstuit.com\/home\/2015\/09\/04\/arquivoid-9689\/","title":{"rendered":"Ditador s\u00edrio e imperialismo europeu s\u00e3o respons\u00e1veis pela morte do menino Aylan!"},"content":{"rendered":"<p>| UIT &#8211; CI \/ www.uit-ci.org<\/p>\n<p>Os governos europeus e a ditadura s\u00edria de Al Assad s\u00e3o respons\u00e1veis pelas mortes e milhares de refugiados como o menino Aylan Kurdi<\/p>\n<p>O mundo inteiro ficou consternado com a foto do menino s\u00edrio, chamado Aylan Kurdi, de somente tr\u00eas anos, que morreu ao lado de seu irm\u00e3o e sua m\u00e3e; o \u00fanico sobrevivente da fam\u00edlia foi seu pai. Eles vinham da cidade de Kobane e fugiam das atrocidades do regime de Bashar Al Assad na S\u00edria, dos bombardeios da Otan e do reacion\u00e1rio ISIS, que surgiu como outra for\u00e7a na S\u00edria para destruir a luta do povo s\u00edrio e curdo. <\/p>\n<p>A fam\u00edlia estava tentando chegar ao Canad\u00e1, onde tinham familiares. Haviam tentando v\u00e1rias vezes o pedido de asilo no pa\u00eds, que foi negado. O mesmo fazem os governos imperialistas da Europa. O que aconteceu com o menino Aylan \u00e9 parte do drama cotidiano de milhares de imigrantes e refugiados que morrem ou arriscam suas vidas cruzando o Mediterr\u00e2neo. <\/p>\n<p>Os governos europeus levantam muros, balas e \u201cblindam\u201d suas fronteiras com pol\u00edcias militares, patrulhamento, expuls\u00f5es e leis de imigra\u00e7\u00e3o. Enquanto isso, deixam que continue, de fato, a ditadura de Al Assad que \u00e9 uma das causas que faz com que milhares de s\u00edrios escapem de seus bombardeios massivo e ataques qu\u00edmicos. O cinismo dos governos da Uni\u00e3o Europeia (UE), de Merkel ou Hollande, n\u00e3o tem limites. <\/p>\n<p>Para a UE se trata somente de levantar muros, de abordar a imigra\u00e7\u00e3o como um problema de p\u00fablico. Cada muro que se levanta na Europa, abre um novo neg\u00f3cio para as m\u00e1fias que lucram com o desespero. Seu \u201cmercado\u201d \u00e9 inesgot\u00e1vel. A melhor maneira de lutar contra os traficantes \u00e9 abrir as portas para a entrada legal dos refugiados e acabar com o tratado de Schengen e as leis de imigra\u00e7\u00e3o, \u00e9 p\u00f4r fim ao esp\u00f3lio, \u00e9 deixar de respaldar e armar os tiranos.<\/p>\n<p>Os povos europeus, diferente de seus governos, est\u00e3o dando uma demonstra\u00e7\u00e3o de solidariedade aos refugiados. A popula\u00e7\u00e3o da Isl\u00e2ndia oferece asilo em suas casas aos refugiados, o povo s\u00e9rvio oferece aberta solidariedade em Belgrado, ou a mobiliza\u00e7\u00e3o de 30 mil pessoas, em Viena (\u00c1ustria), expressando sua solidariedade e disposi\u00e7\u00e3o de que se abram as fronteiras aos imigrantes. \u00c9 urgente abrir todas as fronteiras da Europa, permitindo e facilitando a livre circula\u00e7\u00e3o dos milhares de refugiados, outorgando asilo, moradia e trabalho a cada um. Deve-se prestar assist\u00eancia para que eles escapem de seus pa\u00edses de origem e n\u00e3o morram tentando. Esta exig\u00eancia \u00e9 extensiva aos governos do mundo, cessando imediatamente o apoio \u00e0s ditaduras como a da S\u00edria e \u00e0s interven\u00e7\u00f5es imperialistas e do reacion\u00e1rio ISIS. Por tudo isso, devemos denunciar os governantes da Europa e Estados Unidos que vem condenando \u00e0 morte milhares e milhares de refugiados e dar apoio aos refugiados e \u00e0 luta do povo s\u00edrio. Chamamos a mobiliza\u00e7\u00e3o dos povos, dos trabalhadores e juventude do mundo, as organiza\u00e7\u00f5es de trabalhadores e solid\u00e1ria com os refugiados, a enfrentar as pol\u00edticas de imigra\u00e7\u00e3o dos governos e contra o regime de Al Assad e o Isis, em solidariedade ao povo s\u00edrio.<\/p>\n<p>UIT-CI (Unidade Internacional dos Trabalhadores \u2013 Quarta Internacional)<br \/>\n3 de setembro de 2015<\/p>\n","protected":false},"excerpt":{"rendered":"<p>| UIT &#8211; CI \/ www.uit-ci.org Os governos europeus e a ditadura s\u00edria de Al Assad s\u00e3o respons\u00e1veis pelas mortes e milhares de refugiados como o menino Aylan Kurdi O mundo inteiro ficou consternado com a foto do menino s\u00edrio, chamado Aylan Kurdi, de somente<\/p>\n","protected":false},"author":1,"featured_media":0,"comment_status":"closed","ping_status":"open","sticky":false,"template":"","format":"standard","meta":{"footnotes":""},"categories":[6],"tags":[90],"class_list":["post-654","post","type-post","status-publish","format-standard","hentry","category-internacional","tag-siria"],"_links":{"self":[{"href":"https:\/\/www.cstuit.com\/home\/wp-json\/wp\/v2\/posts\/654","targetHints":{"allow":["GET"]}}],"collection":[{"href":"https:\/\/www.cstuit.com\/home\/wp-json\/wp\/v2\/posts"}],"about":[{"href":"https:\/\/www.cstuit.com\/home\/wp-json\/wp\/v2\/types\/post"}],"author":[{"embeddable":true,"href":"https:\/\/www.cstuit.com\/home\/wp-json\/wp\/v2\/users\/1"}],"replies":[{"embeddable":true,"href":"https:\/\/www.cstuit.com\/home\/wp-json\/wp\/v2\/comments?post=654"}],"version-history":[{"count":0,"href":"https:\/\/www.cstuit.com\/home\/wp-json\/wp\/v2\/posts\/654\/revisions"}],"wp:attachment":[{"href":"https:\/\/www.cstuit.com\/home\/wp-json\/wp\/v2\/media?parent=654"}],"wp:term":[{"taxonomy":"category","embeddable":true,"href":"https:\/\/www.cstuit.com\/home\/wp-json\/wp\/v2\/categories?post=654"},{"taxonomy":"post_tag","embeddable":true,"href":"https:\/\/www.cstuit.com\/home\/wp-json\/wp\/v2\/tags?post=654"}],"curies":[{"name":"wp","href":"https:\/\/api.w.org\/{rel}","templated":true}]}}