

	{"id":663,"date":"2009-11-17T02:14:00","date_gmt":"2009-11-17T02:14:00","guid":{"rendered":"https:\/\/www.cstuit.com\/home\/index.php\/2009\/11\/17\/arquivoid-9698\/"},"modified":"2009-11-17T02:14:00","modified_gmt":"2009-11-17T02:14:00","slug":"arquivoid-9698","status":"publish","type":"post","link":"https:\/\/www.cstuit.com\/home\/2009\/11\/17\/arquivoid-9698\/","title":{"rendered":"Carlos Nelson Coutinho"},"content":{"rendered":"<p>Resposta \u00e0 Luciana Genro |<\/p>\n<p>Querida Luciana,<\/p>\n<p>     Li com aten\u00e7\u00e3o a tua declara\u00e7\u00e3o de apoio a Marina e a resposta de nosso bravo Temer, onde sou citado.  Quero dizer, antes de qualquer coisa, que n\u00e3o me considero &quot;\u00e0 esquerda&quot; dos que defendem, em nosso Partido, o apoio a Marina, at\u00e9 porque estou de pleno acordo com os princ\u00edpios estrat\u00e9gicos pelos quais este apoio \u00e9 justificado, sobretudo em tua declara\u00e7\u00e3o.<\/p>\n<p>     Em outras palavras: concordo plenamente que devemos evitar o isolamento, devemos fazer alian\u00e7as etc. etc.  Se eu n\u00e3o acreditasse em tais princ\u00edpios estrat\u00e9gicos, n\u00e3o teria militado por mais de vinte anos no velho PCB.  Fico feliz em ver que voc\u00ea, mas tamb\u00e9m muitos outros companheiros compreenderam a validade geral destes princ\u00edpios, que eu n\u00e3o hesitaria em chamar de leninistas.<\/p>\n<p>     Mas, como dizia o velho L\u00eanin, a alma do marxismo \u00e9 a an\u00e1lise concreta de situa\u00e7\u00f5es concretas.  Os meios para sair do isolamento &#8212; e a natureza das alian\u00e7as que devem ser buscadas para que isso ocorra &#8212; dependem sempre de uma an\u00e1lise de cada caso concreto. A justeza do princ\u00edpio n\u00e3o assegura automaticamente a sua correta aplica\u00e7\u00e3o.  A hist\u00f3ria do PCB est\u00e1 repleta dessa combina\u00e7\u00e3o entre um princ\u00edpio justo e uma aplica\u00e7\u00e3o desastrosa.  Esta hist\u00f3ria demonstra como \u00e9 dif\u00edcil se manter no estreito fio da navalha entre um princ\u00edpio correto (o de evitar o isolamento e de fazer alian\u00e7as) e o mais deslavado oportunismo.  A incapacidade de faz\u00ea-lo \u00e9 uma das raz\u00f5es do decl\u00ednio do PCB.<\/p>\n<p>     Um racioc\u00ednio semelhante vale para o PT.  Demorei a entrar no PT, mesmo depois de minha sa\u00edda do PCB, porque n\u00e3o concordava com a pol\u00edtica isolacionista que marcou os primeiros anos do Partido.  Aderi ao PT quando ele come\u00e7ou a compreender, embora ainda com limita\u00e7\u00f5es, os princ\u00edpios que vc defende hoje.  E o abandonei precisamente quando tais princ\u00edpios, mal aplicados, levaram a alian\u00e7as oportunistas, como aquelas que Lula fez para ser eleito e governar.<\/p>\n<p>     Entrei no PSOL temoroso de que o Partido, em sua maioria, optasse por uma pol\u00edtica isolacionista.  At\u00e9 por isso, fiz a brincadeira, mencionada pelo Temer, de que eu estava \u00e0 direita.  Sa\u00fado com alegria o fato de que lideran\u00e7as t\u00e3o expressivas como voc\u00ea, Robaina, Martiniano e tantos outros estejam defendendo uma pol\u00edtica de alian\u00e7as, no esfor\u00e7o para evitar o isolamento.  Concordo inteiramente com a ideia de que o PSOL n\u00e3o deve ser  um simp\u00e1tico bando de abnegados que d\u00e3o um testemunho da sua coer\u00eancia, mas sem que isso tenha a menor incid\u00eancia na vida real de nosso povo.<\/p>\n<p>     Portanto, o que agora nos divide n\u00e3o s\u00e3o os princ\u00edpios, mas sua amplia\u00e7\u00e3o a um caso concreto.  O apoio a Marina significaria uma alian\u00e7a com o PV, um partido liderado nacionalmente por figuras como Sirkis, Sarneysinho, Gabeira etc.  Com que autoridade combater\u00edamos a alian\u00e7a do PT com o PMDB, com os Meireles da vida etc., e justificar\u00edamos ao mesmo tempo a nossa com tais figuras, quase sempre aliados do DEM e do PSDB?  E voc\u00ea acha que ter\u00edamos algum espa\u00e7o na constru\u00e7\u00e3o do programa da candidatura Marina?  Ter\u00edamos ocasi\u00e3o de defender o socialismo e mostrar que o capitalismo n\u00e3o pode resolver os problemas ecol\u00f3gicos?   No seio de tal alian\u00e7a, n\u00e3o lastreada num programa claro, perder\u00edamos nossa identidade &#8212; uma identidade ainda pouco definida e que, por isso, precisa ser fortalecida.<\/p>\n<p>     N\u00e3o quero aqui discutir a figura de Marina.  O que importa avaliar \u00e9 o  que ela e seu partido representam no cen\u00e1rio pol\u00edtico de hoje.  Como ela certamente n\u00e3o vai ser eleita ter\u00edamos o desprazer de ver nossos aliados desembarcando em massa na candidatura tucana no segundo turno.  E se, por milagre, ela o fosse, ter\u00edamos certamente desprazeres ainda maiores, ao ver como ela comporia o seu governo. Por outro lado, ao contr\u00e1rio do que voc\u00ea sup\u00f5e, n\u00e3o creio que este apoio fortaleceria o nosso Partido.  Nisso, como em tantas outras coisas, fa\u00e7o minhas as palavras do Temer.<\/p>\n<p>     Por tudo isso, fui e continuo favor\u00e1vel \u00e0 candidatura da Helo\u00edsa.  Entre outras coisas porque o risco de que ela n\u00e3o seja eleita para o Senado &#8212; um risco real &#8212; seria, caso concretizado, uma cat\u00e1strofe para n\u00f3s.  N\u00e3o sendo Helo\u00edsa a candidata, continuo defendendo uma candidatura pr\u00f3pria.  Pouco importa que este candidato seja Pl\u00ednio, Temer, Chico Alencar ou&#8230; voc\u00ea.  (Uma bela candidata!)  Entre outras coisas, isso manteria a possibilidade de uma alian\u00e7a com o PSTU e o atual PCB, que certamente est\u00e3o \u00e0 minha esquerda, mas com os quais partilho o empenho na luta por uma nova sociedade.<\/p>\n<p>     Bem, querida, dixi et salvavi animam meam.  Desculpe por ter escrito um e-mail t\u00e3o grande.  \u00c9 que, tal como se d\u00e1 com vc, o tema me \u00e9 muito caro.  A correta resolu\u00e7\u00e3o desta quest\u00e3o me parece condi\u00e7\u00e3o para a sobreviv\u00eancia do PSOL.<\/p>\n<p>Saudades.<br \/>\nUm beijo grande,<br \/>\nCarlos Nelson<\/p>\n","protected":false},"excerpt":{"rendered":"<p>Resposta \u00e0 Luciana Genro | Querida Luciana, Li com aten\u00e7\u00e3o a tua declara\u00e7\u00e3o de apoio a Marina e a resposta de nosso bravo Temer, onde sou citado. Quero dizer, antes de qualquer coisa, que n\u00e3o me considero &quot;\u00e0 esquerda&quot; dos que defendem, em nosso Partido,<\/p>\n","protected":false},"author":1,"featured_media":0,"comment_status":"closed","ping_status":"open","sticky":false,"template":"","format":"standard","meta":{"footnotes":""},"categories":[2],"tags":[],"class_list":["post-663","post","type-post","status-publish","format-standard","hentry","category-arquivo"],"_links":{"self":[{"href":"https:\/\/www.cstuit.com\/home\/wp-json\/wp\/v2\/posts\/663","targetHints":{"allow":["GET"]}}],"collection":[{"href":"https:\/\/www.cstuit.com\/home\/wp-json\/wp\/v2\/posts"}],"about":[{"href":"https:\/\/www.cstuit.com\/home\/wp-json\/wp\/v2\/types\/post"}],"author":[{"embeddable":true,"href":"https:\/\/www.cstuit.com\/home\/wp-json\/wp\/v2\/users\/1"}],"replies":[{"embeddable":true,"href":"https:\/\/www.cstuit.com\/home\/wp-json\/wp\/v2\/comments?post=663"}],"version-history":[{"count":0,"href":"https:\/\/www.cstuit.com\/home\/wp-json\/wp\/v2\/posts\/663\/revisions"}],"wp:attachment":[{"href":"https:\/\/www.cstuit.com\/home\/wp-json\/wp\/v2\/media?parent=663"}],"wp:term":[{"taxonomy":"category","embeddable":true,"href":"https:\/\/www.cstuit.com\/home\/wp-json\/wp\/v2\/categories?post=663"},{"taxonomy":"post_tag","embeddable":true,"href":"https:\/\/www.cstuit.com\/home\/wp-json\/wp\/v2\/tags?post=663"}],"curies":[{"name":"wp","href":"https:\/\/api.w.org\/{rel}","templated":true}]}}