

	{"id":664,"date":"2009-11-17T02:28:00","date_gmt":"2009-11-17T02:28:00","guid":{"rendered":"https:\/\/www.cstuit.com\/home\/index.php\/2009\/11\/17\/arquivoid-9699\/"},"modified":"2009-11-17T02:28:00","modified_gmt":"2009-11-17T02:28:00","slug":"arquivoid-9699","status":"publish","type":"post","link":"https:\/\/www.cstuit.com\/home\/2009\/11\/17\/arquivoid-9699\/","title":{"rendered":"Milton Temer"},"content":{"rendered":"<p>Resposta \u00e0 Luciana Genro |<\/p>\n<p>Minha querida.<br \/>\nMuito obrigado pela defer\u00eancia do envio do texto que toca em todas as quest\u00f5es fundamentais da candidatura Marina. Candidatura, ali\u00e1s, que em um primeiro momento, aceitei discutir, esperan\u00e7oso que ela nascera de uma ruptura logo depois desmentida. E vou a ele, por partes, pedindo permiss\u00e3o para enviar c\u00f3pia a alguns de nossos mais pr\u00f3ximos.<\/p>\n<p>1- Vamos admitir, o que acho imposs\u00edvel, tendo em vista o hist\u00f3rico confirmado pelas movimenta\u00e7\u00f5es at\u00e9 agora implementadas pela campanha Marina, que ela viesse a aceitar alguns de nossos pontos na quest\u00e3o clim\u00e1tica(at\u00e9 ai ter\u00edamos problema, por serem not\u00f3rias as op\u00e7\u00f5es pelo &quot;capitalismo social&quot; que ela materializou nas &quot;filia\u00e7\u00f5es&quot; de alguns grandes empres\u00e1rios). Porque n\u00e3o acredito que ela venha a incorporar cr\u00edticas \u00e0 pol\u00edtica econ\u00f4mica ou \u00e0 forma assistencialista com que se implementam as pol\u00edticas sociais no governo Lula. O que ganhamos com isso, com respeito \u00e0 simbologia e aos objetivos do Partido, depois da campanha eleitoral? Vamos gerar uma concorrente, minimizada, da simbologia HH? Com que objetivo?<\/p>\n<p>2- Caso ela n\u00e3o incorpore essa pauta, absolutamente insuficiente, sa\u00edda da decis\u00e3o da Executiva, o que faremos? Vamos cair de pau? Vamos desperdi\u00e7ar energia com quem j\u00e1 declarou publicamente n\u00e3o ser contra Dilma nem contra Serra? Com que legitimidade entramos no combate \u00e0 falsa dicotomia verdadeira, j\u00e1 decretada, e na qual Marina n\u00e3o vai passar nem perto, diferentemente do que fez HH em 2006? Vamos sair para a candidatura pr\u00f3pria inteiramente rendidos aos segmentos menos interessados na pol\u00edtica real que ocupam espa\u00e7os importantes em nosso partido?<\/p>\n<p>3- E caso ela incorpore? Como faremos campanha, tendo em vista que seus principais mentores se dividem &#8212; interna e externamente &#8212; entre Dilma e Serra no segundo turno?<\/p>\n<p>4- Passo agora, para n\u00e3o te tomar muito tempo, a quest\u00f5es pr\u00e1ticas, independentemente da vis\u00e3o ideol\u00f3gica. Acho fundamental, n\u00e3o s\u00f3 a reelei\u00e7\u00e3o da atual bancada federal, mas tamb\u00e9m, a amplia\u00e7\u00e3o do nosso efetivo de deputados federais. Mercadante, com sua emenda estabelecendo condi\u00e7\u00f5es dr\u00e1sticas para n\u00f3s de participa\u00e7\u00e3o de candidatos a postos majorit\u00e1rios em debates de TV, j\u00e1 deixou claro que n\u00e3o \u00e9 s\u00f3 a velha direita que tenha interesse na cl\u00e1usula de barreira que excluiria a esquerda combativa de representa\u00e7\u00e3o no Parlamento. A nova direita, a lulista, tamb\u00e9m j\u00e1 se integrou na tarefa.  E te pergunto. O que ganhamos com a entrega de nosso tempo de TV no hor\u00e1rio presidencial \u00e0 Marina? Tempo de TV que, para ser negociado, \u00e9 dez vezes menor do que o tempo que ter\u00edamos caso apresentemos candidato (porque a\u00ed, pelo tempo igualmente distribu\u00eddo a todos, ter\u00edamos bem mais que os 7 segundos a que teremos direito com os deputados atuais)? Sumimos do hor\u00e1rio pol\u00edtico em que se disputa modelo de sociedade e deixamos o espa\u00e7o aberto a Z\u00e9 Maria &#8212; que em campanha presidencial, como bem demonstrou na que j\u00e1 disputou n\u00e3o se mostra nada sect\u00e1rio &#8212; que desta vez n\u00e3o ter\u00e1 o Lula para neutraliza-lo pela esquerda. Sumimos e nos entregamos a quem n\u00e3o far\u00e1 sequer refer\u00eancia ao car\u00e1ter predat\u00f3rio da pol\u00edtica macroecon\u00f4mica desse governo, nem \u00e0 sua submiss\u00e3o total aos banqueiros, empreiteiros e ao grande capital especulativo.<\/p>\n<p>5- Na quest\u00e3o Helo\u00edsa Helena t\u00eam outras d\u00favidas. N\u00e3o dou como favas contadas a certeza de que a candidatura HH represente garantia de oito anos de mandato contra tr\u00eas meses de campanha presidencial. At\u00e9 porque uma campanha presidencial de peso n\u00e3o se encerra nela mesmo. Lula \u00e9 prova. Espero estar profundamente equivocado &#8212; at\u00e9 tor\u00e7o muito para isso, mas estou com imensa preocupa\u00e7\u00e3o na conjuntura de Alagoas. O crime pol\u00edtico organizado vai dar, de barato, vit\u00f3ria eleitoral a HH, contra a alian\u00e7a hoje consolidada entre Renan e Collor? Temos tempo de TV e recursos materiais para garantir \u00e0 nossa Heloisa condi\u00e7\u00f5es m\u00ednimas de disputa, tendo em vista o que ela enfrentar\u00e1 a partir do assassinato de seu principal operador no interior do Estado?<\/p>\n<p>N\u00e3o, minha querid\u00edssima Luciana. Essa opera\u00e7\u00e3o, longe de nos manter na pol\u00edtica real, vai simplesmente nos submeter a riscos grandes com respeito aos espa\u00e7os j\u00e1 conquistados. E, pior; vai igualar aos outros partidos. Porque n\u00e3o ser\u00e3o poucos os que nos olham com simpatia que perguntar\u00e3o: por que apoiar Marina, t\u00e3o pr\u00f3xima de Serra, se j\u00e1 hav\u00edamos reconhecido, com a funda\u00e7\u00e3o do PSOL, n\u00e3o haver mais espa\u00e7os para a disputa interna no PT, onde est\u00e1 a verdadeira base social que queremos conquistar?<\/p>\n<p>Vamos continuar essa discuss\u00e3o, minha brava e corajosa guerrilheira. Mas estou com um gosto amargo na boca, lembrando frase do Carlos Nelson Coutinho, no primeiro debate de que participou no PSOL-RJ: &quot;s\u00f3 espero, daqui a dez anos, continuar na direita do PSOL&quot;. Carlos Nelson est\u00e1 com candidatura pr\u00f3pria. Assim como boa parte de nossa base aliada na academia da UFRJ. Tenho medo de ele n\u00e3o ter que esperar dez anos para, como no PT, se sentir fora do ninho.<\/p>\n<p>Beijo grande, do admirador e amigo, Milton Temer.<\/p>\n","protected":false},"excerpt":{"rendered":"<p>Resposta \u00e0 Luciana Genro | Minha querida. Muito obrigado pela defer\u00eancia do envio do texto que toca em todas as quest\u00f5es fundamentais da candidatura Marina. Candidatura, ali\u00e1s, que em um primeiro momento, aceitei discutir, esperan\u00e7oso que ela nascera de uma ruptura logo depois desmentida. E<\/p>\n","protected":false},"author":1,"featured_media":0,"comment_status":"closed","ping_status":"open","sticky":false,"template":"","format":"standard","meta":{"footnotes":""},"categories":[2],"tags":[],"class_list":["post-664","post","type-post","status-publish","format-standard","hentry","category-arquivo"],"_links":{"self":[{"href":"https:\/\/www.cstuit.com\/home\/wp-json\/wp\/v2\/posts\/664","targetHints":{"allow":["GET"]}}],"collection":[{"href":"https:\/\/www.cstuit.com\/home\/wp-json\/wp\/v2\/posts"}],"about":[{"href":"https:\/\/www.cstuit.com\/home\/wp-json\/wp\/v2\/types\/post"}],"author":[{"embeddable":true,"href":"https:\/\/www.cstuit.com\/home\/wp-json\/wp\/v2\/users\/1"}],"replies":[{"embeddable":true,"href":"https:\/\/www.cstuit.com\/home\/wp-json\/wp\/v2\/comments?post=664"}],"version-history":[{"count":0,"href":"https:\/\/www.cstuit.com\/home\/wp-json\/wp\/v2\/posts\/664\/revisions"}],"wp:attachment":[{"href":"https:\/\/www.cstuit.com\/home\/wp-json\/wp\/v2\/media?parent=664"}],"wp:term":[{"taxonomy":"category","embeddable":true,"href":"https:\/\/www.cstuit.com\/home\/wp-json\/wp\/v2\/categories?post=664"},{"taxonomy":"post_tag","embeddable":true,"href":"https:\/\/www.cstuit.com\/home\/wp-json\/wp\/v2\/tags?post=664"}],"curies":[{"name":"wp","href":"https:\/\/api.w.org\/{rel}","templated":true}]}}