

	{"id":665,"date":"2009-11-17T14:21:00","date_gmt":"2009-11-17T14:21:00","guid":{"rendered":"https:\/\/www.cstuit.com\/home\/index.php\/2009\/11\/17\/arquivoid-9700\/"},"modified":"2009-11-17T14:21:00","modified_gmt":"2009-11-17T14:21:00","slug":"arquivoid-9700","status":"publish","type":"post","link":"https:\/\/www.cstuit.com\/home\/2009\/11\/17\/arquivoid-9700\/","title":{"rendered":"Resolu\u00e7\u00e3o da Minoria \u00e0 Executiva"},"content":{"rendered":"<p>Resolu\u00e7\u00e3o do Comit\u00ea Executivo do PSOL 13\/11\/2009 (Minoria) |<\/p>\n<p>Resolu\u00e7\u00e3o do Comit\u00ea Executivo do PSOL 13\/11\/2009 (Minoria)<\/p>\n<p>1 \u2013 O PSOL se apresentar\u00e1 para as elei\u00e7\u00f5es 2010 mantendo sua voca\u00e7\u00e3o de construir uma alternativa ampla anticapitalista e socialista, buscando sua inser\u00e7\u00e3o e capilaridades nas lutas sociais em estreito contato com os movimentos sociais aut\u00eanticos e combativos, com setores organizados da classe trabalhadora, da juventude e de todos os setores explorados e oprimidos da popula\u00e7\u00e3o.<\/p>\n<p>2 \u2013 O PSOL se apresenta nas elei\u00e7\u00f5es 2010 para desmascarar a falsa polariza\u00e7\u00e3o entre os dois blocos pol\u00edticos dominantes dos \u00faltimos 16 anos, de forma inequ\u00edvoca contra o bloco liderado pelo PSDB e por outro lado, contra o bloco de sustenta\u00e7\u00e3o do governo Lula. Por isso, o PSOL se apresenta de forma inequ\u00edvoca como oposi\u00e7\u00e3o de esquerda, socialista e independente.<\/p>\n<p>3- De esta forma, o PSOL, que est\u00e1 em pleno debate sobre sua t\u00e1tica eleitoral e programa para as elei\u00e7\u00f5es 2010, atrav\u00e9s de suas Executiva Nacional, informa que n\u00e3o iniciar\u00e1 negocia\u00e7\u00e3o oficial com a pr\u00e9 candidata do PV Marina Silva.<\/p>\n<p>4 \u2013 A Executiva Nacional considera que n\u00e3o devemos sinalizar negocia\u00e7\u00f5es com uma pr\u00e9 candidatura filiada a um partido que est\u00e1 na base de sustenta\u00e7\u00e3o do governo Lula e de v\u00e1rios governos tucanos e democratas nos \u00e2mbitos estadual e municipal. E consideramos tamb\u00e9m que n\u00e3o cabe tal aproxima\u00e7\u00e3o nesse contexto de aus\u00eancia de cr\u00edtica e, menos ainda, de ruptura da pr\u00e9 candidata do PV com a pol\u00edtica econ\u00f4mica vigente no pa\u00eds desde o governo FHC.<\/p>\n<p>5 \u2013 Por essas raz\u00f5es a Executiva Nacional do PSOL indica para o DN e para sua Confer\u00eancia Eleitoral, a t\u00e1tica preferencial de candidatura proporia do partido para presid\u00eancia da Republica nas elei\u00e7\u00f5es de 2010, respeitando e organizando o leg\u00edtimo debate de posi\u00e7\u00f5es em torno da t\u00e1tica eleitoral e programa que ser\u00e1 conclu\u00eddo na confer\u00eancia de Mar\u00e7o.<\/p>\n<p>Fernando Silva \u2013 Silvia Santos \u2013 Erico Correia<\/p>\n","protected":false},"excerpt":{"rendered":"<p>Resolu\u00e7\u00e3o do Comit\u00ea Executivo do PSOL 13\/11\/2009 (Minoria) | Resolu\u00e7\u00e3o do Comit\u00ea Executivo do PSOL 13\/11\/2009 (Minoria) 1 \u2013 O PSOL se apresentar\u00e1 para as elei\u00e7\u00f5es 2010 mantendo sua voca\u00e7\u00e3o de construir uma alternativa ampla anticapitalista e socialista, buscando sua inser\u00e7\u00e3o e capilaridades nas lutas<\/p>\n","protected":false},"author":1,"featured_media":0,"comment_status":"closed","ping_status":"open","sticky":false,"template":"","format":"standard","meta":{"footnotes":""},"categories":[2],"tags":[],"class_list":["post-665","post","type-post","status-publish","format-standard","hentry","category-arquivo"],"_links":{"self":[{"href":"https:\/\/www.cstuit.com\/home\/wp-json\/wp\/v2\/posts\/665","targetHints":{"allow":["GET"]}}],"collection":[{"href":"https:\/\/www.cstuit.com\/home\/wp-json\/wp\/v2\/posts"}],"about":[{"href":"https:\/\/www.cstuit.com\/home\/wp-json\/wp\/v2\/types\/post"}],"author":[{"embeddable":true,"href":"https:\/\/www.cstuit.com\/home\/wp-json\/wp\/v2\/users\/1"}],"replies":[{"embeddable":true,"href":"https:\/\/www.cstuit.com\/home\/wp-json\/wp\/v2\/comments?post=665"}],"version-history":[{"count":0,"href":"https:\/\/www.cstuit.com\/home\/wp-json\/wp\/v2\/posts\/665\/revisions"}],"wp:attachment":[{"href":"https:\/\/www.cstuit.com\/home\/wp-json\/wp\/v2\/media?parent=665"}],"wp:term":[{"taxonomy":"category","embeddable":true,"href":"https:\/\/www.cstuit.com\/home\/wp-json\/wp\/v2\/categories?post=665"},{"taxonomy":"post_tag","embeddable":true,"href":"https:\/\/www.cstuit.com\/home\/wp-json\/wp\/v2\/tags?post=665"}],"curies":[{"name":"wp","href":"https:\/\/api.w.org\/{rel}","templated":true}]}}