

	{"id":666,"date":"2009-11-20T13:41:00","date_gmt":"2009-11-20T13:41:00","guid":{"rendered":"https:\/\/www.cstuit.com\/home\/index.php\/2009\/11\/20\/arquivoid-9701\/"},"modified":"2009-11-20T13:41:00","modified_gmt":"2009-11-20T13:41:00","slug":"arquivoid-9701","status":"publish","type":"post","link":"https:\/\/www.cstuit.com\/home\/2009\/11\/20\/arquivoid-9701\/","title":{"rendered":"N\u00e3o em nosso nome!"},"content":{"rendered":"<p>Nota da CST |<\/p>\n<p>A companheira Helo\u00edsa Helena, presidente Nacional do PSOL, mais uma vez faz declara\u00e7\u00f5es enf\u00e1ticas em apoio \u00e0 candidata do PV, Marina Silva, na disputa para a presid\u00eancia da Rep\u00fablica de 2010.<\/p>\n<p>Consideramos importante esclarecer, que em que pese a Helo\u00edsa ser presidenta do Partido, n\u00e3o fala em nosso nome, e tampouco em nome de uma grande quantidade de filiados e militantes. Fala em seu pr\u00f3prio nome.<\/p>\n<p>Helo\u00edsa Helena se equivoca. A candidata do PV n\u00e3o pode defender o desenvolvimento sustent\u00e1vel nem a inclus\u00e3o social, pois defendeu o contr\u00e1rio durante seis anos como ministra do governo Lula, governo que continua reivindicando. Sua ruptura tem sido com o PT, mas n\u00e3o com o projeto encabe\u00e7ado pelo atual presidente, que conta com o apoio de sinistros personagens da pol\u00edtica brasileira tais como Jader Barbalho, Sarney, Collor, Renan Calheiros, e tantos outros.<\/p>\n<p>N\u00e3o pode defender a Amaz\u00f4nia quem reivindica o Presidente da multinacional Natura, que rouba segredos milenares dos povos da floresta, n\u00e3o para garantir a inclus\u00e3o social dos mesmos, mas para auferir poderosos lucros.  Como afirmou o companheiro Osmarino Am\u00e2ncio, dirigente do PSOL\/AC se referindo a Marina Silva: \u201cEla aceitou os transg\u00eanicos&#8230; ajudou a implanta\u00e7\u00e3o de projetos que mercantilizam a Amaz\u00f4nia&#8230; privatizou 5% dos rios e lagos para o agroneg\u00f3cio\u201d.  Tamb\u00e9m, Marina n\u00e3o pode defender o desenvolvimento sustent\u00e1vel uma vez que defendeu e defende a pol\u00edtica econ\u00f4mica de FHC e de Lula. Coerente com sua vis\u00e3o, Marina prop\u00f4s em mar\u00e7o a unidade do PSDB com o PT.<\/p>\n<p>Da nossa parte, lamentamos que Helo\u00edsa tente desqualificar aos companheiros e companheiras do PSOL que defendem candidatura pr\u00f3pria, os acusando de c\u00ednicos e eleitoreiros. N\u00e3o se trata de um debate qualquer, pois consideramos um verdadeiro crime pol\u00edtico, um atentado contra o PSOL, apoiar Marina, com quem nosso partido n\u00e3o tem nenhum projeto em comum. Apoiar sua candidatura, no entanto, ter\u00e1 um alt\u00edssimo custo pol\u00edtico: o de abandonar a estrat\u00e9gia e a coer\u00eancia do PSOL. Como podemos defender uma candidatura que n\u00e3o se diferencia do governo nem da falsa oposi\u00e7\u00e3o da velha direita, que n\u00e3o por acaso decidiu filiar-se ao PV, partido que \u00e9 parte de sustenta\u00e7\u00e3o do governo Lula, e por sua vez comp\u00f5e com os tucanos e o PMDB em alguns estados a exemplo do RJ?<\/p>\n<p>A decis\u00e3o de Helo\u00edsa e de alguns dirigentes de defender a candidatura de Marina enfrenta uma importante oposi\u00e7\u00e3o no partido, que defende de forma unit\u00e1ria que o PSOL se apresente com candidatura pr\u00f3pria. Esta \u00e9 a tarefa e a batalha que, os que defendemos o projeto pol\u00edtico que originou o PSOL, temos pela frente.<\/p>\n<p>Bab\u00e1 &#8211; Silvia Santos &#8211; Douglas Diniz &#8211; Michel Oliveira &#8211; Wellington Cabral (Diret\u00f3rio Nacional do PSOL) &#8211; Rosi Messias (Executiva PSOL RJ) Pedro Rosa &#8211; Juninho Alves (Diret\u00f3rio PSOL\/RJ) \u2013 B\u00e1rbara Sinedino (Coord. DCE\/UIRIO) &#8211; Neide Solim\u00f5es (Executiva Estadual PSOL\/PA) &#8211; Manuel Iraola (Executiva Estadual PSOL\/SP) &#8211; Diego Vitello (Diret\u00f3rio Estadual PSOL\/RS) &#8211; Luis Percio (Presidente PSOL Alegrete\/RS), F\u00e1bio Felix (Secret\u00e1rio de juventude PSOL\/DF) &#8211; Angelo Balbino (Diret\u00f3rio PSOL\/DF) &#8211; Osmar Tonini-Oposi\u00e7\u00e3o (SINPRO\/DF), Uerley Valdomiro (Executiva PSOL\/ES), Waleska Timoteo (Vice-Presidente SINDSMUV\/ES) &#8211; Thiago Peixoto (Ass. dos Fiscias da Serra\/ES) &#8211; Danilo Bianchio (Coord. DCE UFOP\/MG) \u2013 Dorinaldo Malafaia (Executiva PSOL\/AP e Presidente do SindSa\u00fade\/AP).<\/p>\n","protected":false},"excerpt":{"rendered":"<p>Nota da CST | A companheira Helo\u00edsa Helena, presidente Nacional do PSOL, mais uma vez faz declara\u00e7\u00f5es enf\u00e1ticas em apoio \u00e0 candidata do PV, Marina Silva, na disputa para a presid\u00eancia da Rep\u00fablica de 2010. Consideramos importante esclarecer, que em que pese a Helo\u00edsa ser<\/p>\n","protected":false},"author":1,"featured_media":0,"comment_status":"closed","ping_status":"open","sticky":false,"template":"","format":"standard","meta":{"footnotes":""},"categories":[2],"tags":[],"class_list":["post-666","post","type-post","status-publish","format-standard","hentry","category-arquivo"],"_links":{"self":[{"href":"https:\/\/www.cstuit.com\/home\/wp-json\/wp\/v2\/posts\/666","targetHints":{"allow":["GET"]}}],"collection":[{"href":"https:\/\/www.cstuit.com\/home\/wp-json\/wp\/v2\/posts"}],"about":[{"href":"https:\/\/www.cstuit.com\/home\/wp-json\/wp\/v2\/types\/post"}],"author":[{"embeddable":true,"href":"https:\/\/www.cstuit.com\/home\/wp-json\/wp\/v2\/users\/1"}],"replies":[{"embeddable":true,"href":"https:\/\/www.cstuit.com\/home\/wp-json\/wp\/v2\/comments?post=666"}],"version-history":[{"count":0,"href":"https:\/\/www.cstuit.com\/home\/wp-json\/wp\/v2\/posts\/666\/revisions"}],"wp:attachment":[{"href":"https:\/\/www.cstuit.com\/home\/wp-json\/wp\/v2\/media?parent=666"}],"wp:term":[{"taxonomy":"category","embeddable":true,"href":"https:\/\/www.cstuit.com\/home\/wp-json\/wp\/v2\/categories?post=666"},{"taxonomy":"post_tag","embeddable":true,"href":"https:\/\/www.cstuit.com\/home\/wp-json\/wp\/v2\/tags?post=666"}],"curies":[{"name":"wp","href":"https:\/\/api.w.org\/{rel}","templated":true}]}}