

	{"id":669,"date":"2009-11-20T13:44:00","date_gmt":"2009-11-20T13:44:00","guid":{"rendered":"https:\/\/www.cstuit.com\/home\/index.php\/2009\/11\/20\/arquivoid-9704\/"},"modified":"2009-11-20T13:44:00","modified_gmt":"2009-11-20T13:44:00","slug":"arquivoid-9704","status":"publish","type":"post","link":"https:\/\/www.cstuit.com\/home\/2009\/11\/20\/arquivoid-9704\/","title":{"rendered":"Mo\u00e7\u00e3o PSOL-SE"},"content":{"rendered":"<p>Mo\u00e7\u00e3o da Dire\u00e7\u00e3o Estadual do PSOL-SE sobre o debate eleitoral 2010 |<\/p>\n<p>Os filiados e militantes do PSOL de Sergipe, representados pela sua dire\u00e7\u00e3o eleita no Congresso de julho de 2009, em reuni\u00e3o realizada em 15 de novembro de 2009, na qual participaram representantes de todos os n\u00facleos do PSOL no estado, aprovaram por unanimidade a mo\u00e7\u00e3o a seguir destinada ao Diret\u00f3rio Nacional do Partido:<\/p>\n<p>1-Apoiamos o lan\u00e7amento de candidatura pr\u00f3pria do partido com ampla discuss\u00e3o interna e com decis\u00e3o numa conven\u00e7\u00e3o eleitoral democr\u00e1tica e representativa;<\/p>\n<p>2-Apoiamos o fortalecimento da Frente de Esquerda, buscando amplia-la com os movimentos sociais combativos que fazem oposi\u00e7\u00e3o ao governo Lula;<\/p>\n<p>3-Repudiamos o desrespeito \u00e0s decis\u00f5es do II Congresso do PSOL e o adiamento da conven\u00e7\u00e3o eleitoral;<\/p>\n<p>4-Repudiamos o rebaixamento do programa do PSOL no sentido de viabilizar o apoio a qualquer candidatura burguesa;<\/p>\n<p>5-Repudiamos as conversa\u00e7\u00f5es como PV e com Marina da Silva para apoiar sua candidatura \u00e0 presid\u00eancia. N\u00e3o podemos apoiar um partido que n\u00e3o tem acordo program\u00e1tico com o PSOL e que est\u00e1 inserido nas administra\u00e7\u00f5es de direita. O PV \u00e9 aliado de PT ou PSDB na maioria dos estados, comprovando que n\u00e3o concorda com a oposi\u00e7\u00e3o de esquerda que fazemos a estas administra\u00e7\u00f5es.<\/p>\n<p>Aracaju, 15 de novembro de 2009Dire\u00e7\u00e3o Estadual PSOL SE<\/p>\n","protected":false},"excerpt":{"rendered":"<p>Mo\u00e7\u00e3o da Dire\u00e7\u00e3o Estadual do PSOL-SE sobre o debate eleitoral 2010 | Os filiados e militantes do PSOL de Sergipe, representados pela sua dire\u00e7\u00e3o eleita no Congresso de julho de 2009, em reuni\u00e3o realizada em 15 de novembro de 2009, na qual participaram representantes de<\/p>\n","protected":false},"author":1,"featured_media":0,"comment_status":"closed","ping_status":"open","sticky":false,"template":"","format":"standard","meta":{"footnotes":""},"categories":[2],"tags":[],"class_list":["post-669","post","type-post","status-publish","format-standard","hentry","category-arquivo"],"_links":{"self":[{"href":"https:\/\/www.cstuit.com\/home\/wp-json\/wp\/v2\/posts\/669","targetHints":{"allow":["GET"]}}],"collection":[{"href":"https:\/\/www.cstuit.com\/home\/wp-json\/wp\/v2\/posts"}],"about":[{"href":"https:\/\/www.cstuit.com\/home\/wp-json\/wp\/v2\/types\/post"}],"author":[{"embeddable":true,"href":"https:\/\/www.cstuit.com\/home\/wp-json\/wp\/v2\/users\/1"}],"replies":[{"embeddable":true,"href":"https:\/\/www.cstuit.com\/home\/wp-json\/wp\/v2\/comments?post=669"}],"version-history":[{"count":0,"href":"https:\/\/www.cstuit.com\/home\/wp-json\/wp\/v2\/posts\/669\/revisions"}],"wp:attachment":[{"href":"https:\/\/www.cstuit.com\/home\/wp-json\/wp\/v2\/media?parent=669"}],"wp:term":[{"taxonomy":"category","embeddable":true,"href":"https:\/\/www.cstuit.com\/home\/wp-json\/wp\/v2\/categories?post=669"},{"taxonomy":"post_tag","embeddable":true,"href":"https:\/\/www.cstuit.com\/home\/wp-json\/wp\/v2\/tags?post=669"}],"curies":[{"name":"wp","href":"https:\/\/api.w.org\/{rel}","templated":true}]}}