

	{"id":672,"date":"2009-11-22T23:53:00","date_gmt":"2009-11-22T23:53:00","guid":{"rendered":"https:\/\/www.cstuit.com\/home\/index.php\/2009\/11\/22\/arquivoid-9707\/"},"modified":"2009-11-22T23:53:00","modified_gmt":"2009-11-22T23:53:00","slug":"arquivoid-9707","status":"publish","type":"post","link":"https:\/\/www.cstuit.com\/home\/2009\/11\/22\/arquivoid-9707\/","title":{"rendered":"PSOL baiano contra apoio a Marina"},"content":{"rendered":"<p>| http:\/\/politicaecidadania.atarde.com.br\/?p=4556<\/p>\n<p>O Diret\u00f3rio Regional do PSOL na Bahia decidiu bater o martelo nesta discuss\u00e3o sobre fazer ou n\u00e3o fazer alian\u00e7a com o PV em torno da candidatura \u00e0 Presid\u00eancia da senadora Marina Silva. Reunido na sexta-feira, \u00e0 noite, e durante o dia do s\u00e1bado, o Diret\u00f3rio aprovou um indicativo de candidatura pr\u00f3pria do PSOL, mas n\u00e3o ficou s\u00f3 nisto: durante os debates, foram amplamente majorit\u00e1rias as cr\u00edticas \u00e0 candidatura de Marina, mostrando que a proposta da ex-senadora Helo\u00edsa Helena de fechar uma coliga\u00e7\u00e3o com o PV ter\u00e1 pela frente a resist\u00eancia dos baianos.<\/p>\n<p>     Em termos estaduais, o PSOL tamb\u00e9m decidiu que ter\u00e1 candidatura pr\u00f3pria para o governo e anunciou que as alian\u00e7as da legenda na Bahia ser\u00e3o, preferencialmente, com o PCB e com o PSTU, desmentindo que esteja acontecendo qalqur negocia\u00e7\u00e3o com o PV.<\/p>\n<p>     Como eu j\u00e1 havia adiantado aqui (leia o post \u201cHeloisa Helena fecha com Marina. O PSOL n\u00e3o\u201c), n\u00e3o ser\u00e1 nada f\u00e1cil para Helo\u00edsa Helena e tamb\u00e9m para os parlamentares da legenda, convencerem o coletivo do PSOL a se coligar com o PV.<\/p>\n<p>     O entendimento no interior do partido \u00e9 que a proposta desta coliga\u00e7\u00e3o s\u00f3 beneficia a ex-senadora (que ganhar\u00e1 a chance de retornar \u00e0 vitrine nacional da pol\u00edtica) e aos parlamentares (que ter\u00e3o a reelei\u00e7\u00e3o facilitada).<\/p>\n","protected":false},"excerpt":{"rendered":"<p>| http:\/\/politicaecidadania.atarde.com.br\/?p=4556 O Diret\u00f3rio Regional do PSOL na Bahia decidiu bater o martelo nesta discuss\u00e3o sobre fazer ou n\u00e3o fazer alian\u00e7a com o PV em torno da candidatura \u00e0 Presid\u00eancia da senadora Marina Silva. Reunido na sexta-feira, \u00e0 noite, e durante o dia do s\u00e1bado,<\/p>\n","protected":false},"author":1,"featured_media":0,"comment_status":"closed","ping_status":"open","sticky":false,"template":"","format":"standard","meta":{"footnotes":""},"categories":[2],"tags":[],"class_list":["post-672","post","type-post","status-publish","format-standard","hentry","category-arquivo"],"_links":{"self":[{"href":"https:\/\/www.cstuit.com\/home\/wp-json\/wp\/v2\/posts\/672","targetHints":{"allow":["GET"]}}],"collection":[{"href":"https:\/\/www.cstuit.com\/home\/wp-json\/wp\/v2\/posts"}],"about":[{"href":"https:\/\/www.cstuit.com\/home\/wp-json\/wp\/v2\/types\/post"}],"author":[{"embeddable":true,"href":"https:\/\/www.cstuit.com\/home\/wp-json\/wp\/v2\/users\/1"}],"replies":[{"embeddable":true,"href":"https:\/\/www.cstuit.com\/home\/wp-json\/wp\/v2\/comments?post=672"}],"version-history":[{"count":0,"href":"https:\/\/www.cstuit.com\/home\/wp-json\/wp\/v2\/posts\/672\/revisions"}],"wp:attachment":[{"href":"https:\/\/www.cstuit.com\/home\/wp-json\/wp\/v2\/media?parent=672"}],"wp:term":[{"taxonomy":"category","embeddable":true,"href":"https:\/\/www.cstuit.com\/home\/wp-json\/wp\/v2\/categories?post=672"},{"taxonomy":"post_tag","embeddable":true,"href":"https:\/\/www.cstuit.com\/home\/wp-json\/wp\/v2\/tags?post=672"}],"curies":[{"name":"wp","href":"https:\/\/api.w.org\/{rel}","templated":true}]}}