

	{"id":676,"date":"2009-11-25T13:17:00","date_gmt":"2009-11-25T13:17:00","guid":{"rendered":"https:\/\/www.cstuit.com\/home\/index.php\/2009\/11\/25\/arquivoid-9711\/"},"modified":"2009-11-25T13:17:00","modified_gmt":"2009-11-25T13:17:00","slug":"arquivoid-9711","status":"publish","type":"post","link":"https:\/\/www.cstuit.com\/home\/2009\/11\/25\/arquivoid-9711\/","title":{"rendered":"Nota do PSOL de S\u00e3o Bernardo do Campo"},"content":{"rendered":"<p>| Diretorio Municipal<\/p>\n<p>Nota ao Partido Socialismo e Liberdade e \u00e0 sociedade em geral<\/p>\n<p>Comunicamos a todos, que O Diret\u00f3rio Municipal do Partido Socialismo e Liberdade \u2013 PSOL \u2013 de S\u00e3o Bernardo do Campo, reunido na data supra, deliberou formalizar junto \u00e0s inst\u00e2ncias partid\u00e1rias seu descontentamento e seu posicionamento frente aos fatos que tentam se impor acima dos debates e delibera\u00e7\u00f5es internas, bem como dar publicidade junto aos meios de comunica\u00e7\u00e3o em geral, que discordamos veementemente de posturas que est\u00e3o sendo \u201calinhavadas\u201d nestes \u00faltimos meses de forma, no m\u00ednimo, bastante question\u00e1veis, tais como:<\/p>\n<p>a) Executiva Nacional remarcar para mar\u00e7o\/2.010 a Confer\u00eancia Eleitoral, contrariando a determina\u00e7\u00e3o do Congresso Nacional do partido de realiz\u00e1-la no m\u00eas de outubro;<\/p>\n<p>b) Postura como a de nossa presidente nacional Heloisa Helena de manifestar, atrav\u00e9s dos meios de comunica\u00e7\u00e3o, seu apre\u00e7o pela candidatura de Marina Silva, desprestigiando o Partido e construindo a pol\u00edtica do fato consumado, favorecendo as disputas internas ante uma pol\u00edtica de unidade partid\u00e1ria.<\/p>\n<p>N\u00f3s, do PSOL de S\u00e3o Bernardo do Campo, queremos registrar nossa discord\u00e2ncia com essas posturas e reafirmar que defendemos CANDIDATURAS PR\u00d3PRIAS DE NOSSO PARTIDO EM TODOS OS N\u00cdVEIS.<\/p>\n<p>S\u00e3o Bernardo do Campo<\/p>\n<p>Diret\u00f3rio Municipal do Partido Socialismo e Liberdade<br \/>\nAldo Santos \u2013 Presidente<br \/>\nMel\u00e3o Monteiro \u2013 Vice<\/p>\n","protected":false},"excerpt":{"rendered":"<p>| Diretorio Municipal Nota ao Partido Socialismo e Liberdade e \u00e0 sociedade em geral Comunicamos a todos, que O Diret\u00f3rio Municipal do Partido Socialismo e Liberdade \u2013 PSOL \u2013 de S\u00e3o Bernardo do Campo, reunido na data supra, deliberou formalizar junto \u00e0s inst\u00e2ncias partid\u00e1rias seu<\/p>\n","protected":false},"author":1,"featured_media":0,"comment_status":"closed","ping_status":"open","sticky":false,"template":"","format":"standard","meta":{"footnotes":""},"categories":[2],"tags":[],"class_list":["post-676","post","type-post","status-publish","format-standard","hentry","category-arquivo"],"_links":{"self":[{"href":"https:\/\/www.cstuit.com\/home\/wp-json\/wp\/v2\/posts\/676","targetHints":{"allow":["GET"]}}],"collection":[{"href":"https:\/\/www.cstuit.com\/home\/wp-json\/wp\/v2\/posts"}],"about":[{"href":"https:\/\/www.cstuit.com\/home\/wp-json\/wp\/v2\/types\/post"}],"author":[{"embeddable":true,"href":"https:\/\/www.cstuit.com\/home\/wp-json\/wp\/v2\/users\/1"}],"replies":[{"embeddable":true,"href":"https:\/\/www.cstuit.com\/home\/wp-json\/wp\/v2\/comments?post=676"}],"version-history":[{"count":0,"href":"https:\/\/www.cstuit.com\/home\/wp-json\/wp\/v2\/posts\/676\/revisions"}],"wp:attachment":[{"href":"https:\/\/www.cstuit.com\/home\/wp-json\/wp\/v2\/media?parent=676"}],"wp:term":[{"taxonomy":"category","embeddable":true,"href":"https:\/\/www.cstuit.com\/home\/wp-json\/wp\/v2\/categories?post=676"},{"taxonomy":"post_tag","embeddable":true,"href":"https:\/\/www.cstuit.com\/home\/wp-json\/wp\/v2\/tags?post=676"}],"curies":[{"name":"wp","href":"https:\/\/api.w.org\/{rel}","templated":true}]}}