

	{"id":678,"date":"2009-11-26T19:39:00","date_gmt":"2009-11-26T19:39:00","guid":{"rendered":"https:\/\/www.cstuit.com\/home\/index.php\/2009\/11\/26\/arquivoid-9713\/"},"modified":"2009-11-26T19:39:00","modified_gmt":"2009-11-26T19:39:00","slug":"arquivoid-9713","status":"publish","type":"post","link":"https:\/\/www.cstuit.com\/home\/2009\/11\/26\/arquivoid-9713\/","title":{"rendered":"Psol capixaba rejeita alian\u00e7a com Marina Silva, do PV, em 2010"},"content":{"rendered":"<p>| http:\/\/www.seculodiario.com.br\/exibir_not.asp?id=4512 &#8211; Renata Oliveira<\/p>\n<p>A presidente do Psol\/ES e candidata ao governo do Estado, Brice Bragato, considera preocupante a forma como vem sendo tratada a aproxima\u00e7\u00e3o entre o Psol e o PV em n\u00edvel nacional. Para ela, a id\u00e9ia de alian\u00e7a vem sendo divulgada como consolidada, enquanto h\u00e1 muita resist\u00eancia nas bases sobre o assunto.<\/p>\n<p>Nessa ter\u00e7a-feira (24), a senadora e ex-ministra do Meio Ambiente Marina Silva (PV-AC) e a ex-senadora Helo\u00edsa Helena (Psol-AL) se reuniram em Bras\u00edlia para discutir uma poss\u00edvel parceria em 2010. Brice alerta, por\u00e9m, que at\u00e9 o momento o que existe \u00e9 a cria\u00e7\u00e3o de uma comiss\u00e3o executiva para ouvir a candidata do PV sobre alguns pontos.<\/p>\n<p>Mesmo com a declara\u00e7\u00e3o de Helo\u00edsa Helena de que prefere disputar o Senado, Brice defende um palanque presidencial pr\u00f3prio do Psol. \u201cSem d\u00favida Helo\u00edsa Helena \u00e9 o melhor nome para disputa presidencial, mas ela est\u00e1 visando \u00e0 possibilidade de conseguir um mandato, que \u00e9 mais vi\u00e1vel com a disputa ao Senado. Mas o partido tem nomes que podem ser trabalhados. O que n\u00e3o \u00e9 vi\u00e1vel \u00e9 substituir pelo nome da Marina Silva. H\u00e1 muita diverg\u00eancia dentro do partido sobre isso\u201d, explicou.<\/p>\n<p>Independentemente da decis\u00e3o dos partidos em n\u00edvel nacional, Brice garante que isso n\u00e3o vai implicar em mudan\u00e7as na conjuntura estadual. \u201cNo Esp\u00edrito Santo, PV e Psol est\u00e3o campos pol\u00edticos opostos, o PV \u00e9 governista e o Psol \u00e9 oposi\u00e7\u00e3o ao governador Paulo Hartung. Por isso n\u00e3o h\u00e1 como haver composi\u00e7\u00e3o\u201d, afirmou.<\/p>\n<p>Mesmo com a grande maioria dos partidos apoiando o projeto governista, a candidata do Psol n\u00e3o acredita que o partido ficar\u00e1 isolado. \u201cN\u00e3o vamos ficar isolados, teremos poucos apoios, mas h\u00e1 partidos que v\u00e3o se afinar com os interesses do Psol. A ideia \u00e9 fazer uma proposta votada para os anseios da popula\u00e7\u00e3o, a defesa dos quilombolas, \u00edndios, a popula\u00e7\u00e3o que est\u00e1 esperando atendimento na fila do S\u00e3o Lucas, e o governo n\u00e3o mostra. N\u00e3o vamos atender aos interesses das grandes empresas\u201d, argumentou.<\/p>\n<p>O PV n\u00e3o ter\u00e1 candidato ao governo do Estado. O maior expoente do partido \u00e9 o presidente do Bandes, Guerino Balestrassi, que vai disputar uma vaga ao Senado para compor uma parceria com o governador Paulo Hartung. \u201cUma alian\u00e7a com o PV s\u00f3 seria poss\u00edvel se eles mudassem a postura deles, deixando o grupo do governador Paulo Hartung\u201d, define Brice.<\/p>\n","protected":false},"excerpt":{"rendered":"<p>| http:\/\/www.seculodiario.com.br\/exibir_not.asp?id=4512 &#8211; Renata Oliveira A presidente do Psol\/ES e candidata ao governo do Estado, Brice Bragato, considera preocupante a forma como vem sendo tratada a aproxima\u00e7\u00e3o entre o Psol e o PV em n\u00edvel nacional. Para ela, a id\u00e9ia de alian\u00e7a vem sendo divulgada<\/p>\n","protected":false},"author":1,"featured_media":0,"comment_status":"closed","ping_status":"open","sticky":false,"template":"","format":"standard","meta":{"footnotes":""},"categories":[2],"tags":[],"class_list":["post-678","post","type-post","status-publish","format-standard","hentry","category-arquivo"],"_links":{"self":[{"href":"https:\/\/www.cstuit.com\/home\/wp-json\/wp\/v2\/posts\/678","targetHints":{"allow":["GET"]}}],"collection":[{"href":"https:\/\/www.cstuit.com\/home\/wp-json\/wp\/v2\/posts"}],"about":[{"href":"https:\/\/www.cstuit.com\/home\/wp-json\/wp\/v2\/types\/post"}],"author":[{"embeddable":true,"href":"https:\/\/www.cstuit.com\/home\/wp-json\/wp\/v2\/users\/1"}],"replies":[{"embeddable":true,"href":"https:\/\/www.cstuit.com\/home\/wp-json\/wp\/v2\/comments?post=678"}],"version-history":[{"count":0,"href":"https:\/\/www.cstuit.com\/home\/wp-json\/wp\/v2\/posts\/678\/revisions"}],"wp:attachment":[{"href":"https:\/\/www.cstuit.com\/home\/wp-json\/wp\/v2\/media?parent=678"}],"wp:term":[{"taxonomy":"category","embeddable":true,"href":"https:\/\/www.cstuit.com\/home\/wp-json\/wp\/v2\/categories?post=678"},{"taxonomy":"post_tag","embeddable":true,"href":"https:\/\/www.cstuit.com\/home\/wp-json\/wp\/v2\/tags?post=678"}],"curies":[{"name":"wp","href":"https:\/\/api.w.org\/{rel}","templated":true}]}}