

	{"id":687,"date":"2009-11-26T19:40:00","date_gmt":"2009-11-26T19:40:00","guid":{"rendered":"https:\/\/www.cstuit.com\/home\/index.php\/2009\/11\/26\/arquivoid-9722\/"},"modified":"2009-11-26T19:40:00","modified_gmt":"2009-11-26T19:40:00","slug":"arquivoid-9722","status":"publish","type":"post","link":"https:\/\/www.cstuit.com\/home\/2009\/11\/26\/arquivoid-9722\/","title":{"rendered":"Nota do PSOL-Cear\u00e1"},"content":{"rendered":"<p>Nota do PSOL-Cear\u00e1 \u00e0 Executiva Nacional do partido | http:\/\/www.psolceara.org.br\/index.php?option=com_content&#038;view=category&#038;layout=blog&#038;id=35&#038;Itemid=115<\/p>\n<p>\u00c0 Executiva Nacional do PSOL<\/p>\n<p>Prezad@s companheir@s<\/p>\n<p>Em nosso \u00faltimo Congresso nacional, percebemos a fragmenta\u00e7\u00e3o em que se encontra o nosso Partido. A superficialidade das discuss\u00f5es &#8211; ou mesmo a aus\u00eancia delas \u2013 no que tange \u00e0 nossa interven\u00e7\u00e3o nas elei\u00e7\u00f5es 2010, ao balan\u00e7o da atua\u00e7\u00e3o da Dire\u00e7\u00e3o Nacional precedente e \u00e0 discuss\u00e3o conjuntural s\u00e3o mostras desse processo, revelam os impasses e nos inquietam com o futuro do projeto partid\u00e1rio.<\/p>\n<p>Tais impasses expressam-se na forma como vem sendo travado o debate a prop\u00f3sito da posi\u00e7\u00e3o do PSOL diante das elei\u00e7\u00f5es 2010. Ainda que seja leg\u00edtimo que as diversas correntes levantem possibilidades e apresentem nomes, expressamos nossa preocupa\u00e7\u00e3o com a maneira de como est\u00e1 se realizando esse debate, por fora das inst\u00e2ncias partid\u00e1rias e pautada a partir da m\u00eddia, tanto escrita como eletr\u00f4nica. Temos compreens\u00e3o de que tais m\u00e9todos de discuss\u00e3o (ou a aus\u00eancia deles) implicam na falta de funcionamento de nossas inst\u00e2ncias internas, e que tal discuss\u00e3o n\u00e3o tem sido feita de forma aberta e democr\u00e1tica no seio da milit\u00e2ncia partid\u00e1ria.<\/p>\n<p>Diante dessas constata\u00e7\u00f5es, a Dire\u00e7\u00e3o Estadual do PSOL no estado do Cear\u00e1  considera necess\u00e1rio expressar sua inquietude com essa situa\u00e7\u00e3o e cobrar da Executiva Nacional que sejam tomadas medidas urgentes visando regularizar o funcionamento do conjunto da organiza\u00e7\u00e3o partid\u00e1ria, com a imediata abertura de discuss\u00f5es visando assegurar as condi\u00e7\u00f5es pol\u00edticas para que a confer\u00eancia eleitoral convocada para o m\u00eas de mar\u00e7o\/2010 n\u00e3o sofra nova altera\u00e7\u00f5es.<\/p>\n<p>Ao mesmo tempo, expressamos a posi\u00e7\u00e3o constru\u00edda no seio do Psol-Ce de que as tarefas decorrentes do processo de reorganiza\u00e7\u00e3o da esquerda socialista no pa\u00eds exigem a reafirma\u00e7\u00e3o e fortalecimento do compromisso estrat\u00e9gico que gerou o pr\u00f3prio PSOL, a partir da ruptura com o governo Lula\/PT. Desta \u00f3tica, repelimos qualquer tentativa de desviar o PSOL do rumo da oposi\u00e7\u00e3o de esquerda, de conte\u00fado popular, ecol\u00f3gico e socialista que temos constru\u00eddo nos \u00faltimos anos, degradando nosso projeto numa posi\u00e7\u00e3o de apoio (aberto ou envergonhado) \u00e0 candidaturas e partidos que n\u00e3o rompam de fato com o governo Lula\/PT, nem  expressem as lutas mais gerais da classe trabalhadora e demais oprimidos por um novo projeto de sociedade, s\u00edntese dos anseios de igualdade e liberdade social e da luta contra a mercantiliza\u00e7\u00e3o e degrada\u00e7\u00e3o do meio-ambiente.<\/p>\n<p>Ante isso, o PSOL-Cear\u00e1 expressa a sua decis\u00e3o de fortalecer a posi\u00e7\u00e3o dos que dentro do partido se colocam pela constru\u00e7\u00e3o de uma candidatura pr\u00f3pria do PSOL, com um programa de enfrentamento da crise civilizat\u00f3ria do capital (econ\u00f4mica e ambiental) capaz de contribuir na reorganiza\u00e7\u00e3o da esquerda socialista em nosso pa\u00eds, a ser colocada \u00e0 disposi\u00e7\u00e3o dos movimentos e lutadores sociais e \u00e0s for\u00e7as e partidos pol\u00edticos que se colocam no terreno da oposi\u00e7\u00e3o de esquerda ao governo Lula\/PT. Essa alternativa socialista e democr\u00e1tica somente poder\u00e1 emergir do debate fraterno, como devem ser os debates entre socialistas.<\/p>\n<p>Sauda\u00e7\u00f5es socialistas!<\/p>\n<p>A Dire\u00e7\u00e3o Estadual Partido Socialismo e Liberdade do Cear\u00e1.<\/p>\n","protected":false},"excerpt":{"rendered":"<p>Nota do PSOL-Cear\u00e1 \u00e0 Executiva Nacional do partido | http:\/\/www.psolceara.org.br\/index.php?option=com_content&#038;view=category&#038;layout=blog&#038;id=35&#038;Itemid=115 \u00c0 Executiva Nacional do PSOL Prezad@s companheir@s Em nosso \u00faltimo Congresso nacional, percebemos a fragmenta\u00e7\u00e3o em que se encontra o nosso Partido. A superficialidade das discuss\u00f5es &#8211; ou mesmo a aus\u00eancia delas \u2013 no que<\/p>\n","protected":false},"author":1,"featured_media":0,"comment_status":"closed","ping_status":"open","sticky":false,"template":"","format":"standard","meta":{"footnotes":""},"categories":[2],"tags":[],"class_list":["post-687","post","type-post","status-publish","format-standard","hentry","category-arquivo"],"_links":{"self":[{"href":"https:\/\/www.cstuit.com\/home\/wp-json\/wp\/v2\/posts\/687","targetHints":{"allow":["GET"]}}],"collection":[{"href":"https:\/\/www.cstuit.com\/home\/wp-json\/wp\/v2\/posts"}],"about":[{"href":"https:\/\/www.cstuit.com\/home\/wp-json\/wp\/v2\/types\/post"}],"author":[{"embeddable":true,"href":"https:\/\/www.cstuit.com\/home\/wp-json\/wp\/v2\/users\/1"}],"replies":[{"embeddable":true,"href":"https:\/\/www.cstuit.com\/home\/wp-json\/wp\/v2\/comments?post=687"}],"version-history":[{"count":0,"href":"https:\/\/www.cstuit.com\/home\/wp-json\/wp\/v2\/posts\/687\/revisions"}],"wp:attachment":[{"href":"https:\/\/www.cstuit.com\/home\/wp-json\/wp\/v2\/media?parent=687"}],"wp:term":[{"taxonomy":"category","embeddable":true,"href":"https:\/\/www.cstuit.com\/home\/wp-json\/wp\/v2\/categories?post=687"},{"taxonomy":"post_tag","embeddable":true,"href":"https:\/\/www.cstuit.com\/home\/wp-json\/wp\/v2\/tags?post=687"}],"curies":[{"name":"wp","href":"https:\/\/api.w.org\/{rel}","templated":true}]}}