

	{"id":688,"date":"2015-11-15T13:43:00","date_gmt":"2015-11-15T13:43:00","guid":{"rendered":"https:\/\/www.cstuit.com\/home\/index.php\/2015\/11\/15\/arquivoid-9723\/"},"modified":"2016-02-25T02:51:38","modified_gmt":"2016-02-25T02:51:38","slug":"arquivoid-9723","status":"publish","type":"post","link":"https:\/\/www.cstuit.com\/home\/2015\/11\/15\/arquivoid-9723\/","title":{"rendered":"Em defesa de Chico e Jean!"},"content":{"rendered":"<p>Basta de ataques contra o PSOL! | Publicado no CS n68 &#8211; novembro<\/p>\n<p>O PSOL vem cumprindo um importante papel na C\u00e2mara Federal. \u00c9 do PSOL a representa\u00e7\u00e3o exigindo a sa\u00edda de Cunha da presid\u00eancia da C\u00e2mara, sendo a \u00fanica bancada que se manteve coerente e que denunciou o acord\u00e3o para salv\u00e1-lo. Na recente CPI da Petrobras, o PSOL denunciou que tudo terminaria em pizza, sem punir ningu\u00e9m. Nas vota\u00e7\u00f5es, nossos deputados enfrentam as bancadas da bala, do boi e do fundamentalismo.<\/p>\n<p>Por isso, Chico Alencar e Jean Wyllys est\u00e3o sofrendo diversos ataques por parte de aliados de Cunha e dos reacion\u00e1rios. Algo inaceit\u00e1vel. Chico e Jean merecem a solidariedade da esquerda, dos sindicatos, entidades estudantis, movimentos sociais e entidades democr\u00e1ticas.<\/p>\n<p>Novamente fica evidente que o objetivo desses setores \u00e9 acabar com o espa\u00e7o eleitoral do PSOL, por isso votaram uma lei da morda\u00e7a para as pr\u00f3ximas elei\u00e7\u00f5es. Eles querem acabar com deputados como Chico e Jean, impedir que candidaturas como a de Freixo e Luciana Genro apare\u00e7am nos debates de TV. N\u00e3o aceitam que existam vereadores como Bab\u00e1,<br \/>\nRenato Cinco e Paulo Pinheiro. Mas o povo n\u00e3o \u00e9 bobo, vai saber dar o troco por meio da solidariedade aos companheiros Chico e Jean. Luta que segue!<\/p>\n","protected":false},"excerpt":{"rendered":"<p>Basta de ataques contra o PSOL! | Publicado no CS n68 &#8211; novembro O PSOL vem cumprindo um importante papel na C\u00e2mara Federal. \u00c9 do PSOL a representa\u00e7\u00e3o exigindo a sa\u00edda de Cunha da presid\u00eancia da C\u00e2mara, sendo a \u00fanica bancada que se manteve coerente<\/p>\n","protected":false},"author":1,"featured_media":0,"comment_status":"closed","ping_status":"open","sticky":false,"template":"","format":"standard","meta":{"footnotes":""},"categories":[8],"tags":[66,67,37],"class_list":["post-688","post","type-post","status-publish","format-standard","hentry","category-debates-socialistas","tag-chico-alencar","tag-jean-willys","tag-psol"],"_links":{"self":[{"href":"https:\/\/www.cstuit.com\/home\/wp-json\/wp\/v2\/posts\/688","targetHints":{"allow":["GET"]}}],"collection":[{"href":"https:\/\/www.cstuit.com\/home\/wp-json\/wp\/v2\/posts"}],"about":[{"href":"https:\/\/www.cstuit.com\/home\/wp-json\/wp\/v2\/types\/post"}],"author":[{"embeddable":true,"href":"https:\/\/www.cstuit.com\/home\/wp-json\/wp\/v2\/users\/1"}],"replies":[{"embeddable":true,"href":"https:\/\/www.cstuit.com\/home\/wp-json\/wp\/v2\/comments?post=688"}],"version-history":[{"count":0,"href":"https:\/\/www.cstuit.com\/home\/wp-json\/wp\/v2\/posts\/688\/revisions"}],"wp:attachment":[{"href":"https:\/\/www.cstuit.com\/home\/wp-json\/wp\/v2\/media?parent=688"}],"wp:term":[{"taxonomy":"category","embeddable":true,"href":"https:\/\/www.cstuit.com\/home\/wp-json\/wp\/v2\/categories?post=688"},{"taxonomy":"post_tag","embeddable":true,"href":"https:\/\/www.cstuit.com\/home\/wp-json\/wp\/v2\/tags?post=688"}],"curies":[{"name":"wp","href":"https:\/\/api.w.org\/{rel}","templated":true}]}}