

	{"id":689,"date":"2015-11-15T14:28:00","date_gmt":"2015-11-15T14:28:00","guid":{"rendered":"https:\/\/www.cstuit.com\/home\/index.php\/2015\/11\/15\/arquivoid-9724\/"},"modified":"2016-02-25T02:51:00","modified_gmt":"2016-02-25T02:51:00","slug":"arquivoid-9724","status":"publish","type":"post","link":"https:\/\/www.cstuit.com\/home\/2015\/11\/15\/arquivoid-9724\/","title":{"rendered":"Repudiamos os atentados terroristas do Estado Isl\u00e2mico em Paris!"},"content":{"rendered":"<p>| UIT-QI<\/p>\n<p>Na noite de 13 de novembro, se produziu uma s\u00e9rie de atentados em Paris, capital da Fran\u00e7a. As v\u00edtimas chegam a cerca de 150 pessoas. Os atentados terroristas se realizaram de forma indiscriminada sobre a popula\u00e7\u00e3o indefesa, matando pessoas que assistiam um espet\u00e1culo art\u00edstico ou pr\u00f3ximo ao est\u00e1dio de futebol. Uma a\u00e7\u00e3o criminosa, repudi\u00e1vel e inaceit\u00e1vel.<\/p>\n<p>N\u00f3s, socialistas da UIT-QI, repudiamos esta a\u00e7\u00e3o terrorista que confunde e debilita a leg\u00edtima causa dos povos \u00e1rabes, em especial o s\u00edrio e o palestino na luta contra o imperialismo e seus aliados reacion\u00e1rios como Bashar al Assad e o sionista Benjamin Netanyahu. E porque, novamente, ser\u00e1 utilizada pelo imperialismo franc\u00eas, por seu governo do socialdemocrata Hollande, para fortalecer a repress\u00e3o sobre seus povos e sua juventude.<\/p>\n<p>A origem deste atentado est\u00e1 no conflito da S\u00edria e na reiterada interven\u00e7\u00e3o imperialista da chamada &quot;Coaliz\u00e3o contra o terrorismo&quot;, encabe\u00e7ada pelos Estados Unidos e integrada pela Fran\u00e7a, que atua bombardeando o territ\u00f3rio s\u00edrio. Da mesma forma que o fazem a R\u00fassia e o Ir\u00e3.<\/p>\n<p>O ditador Bashar al Assad saiu a declarar que tamb\u00e9m \u00e9 respons\u00e1vel pelo que ocorreu o governo franc\u00eas que &quot;respalda o terrorismo&quot; opositor contra seu &quot;leg\u00edtimo governo&quot;. Isto \u00e9 falso. Tanto Bashar, como a Fran\u00e7a e o imperialismo norte-americano tem sua cota de responsabilidade nestes atentados. Em primeiro lugar, o de Bashar al Assad que n\u00e3o \u00e9 um governo &quot;leg\u00edtimo&quot;, mas uma ditadura que enfrenta desde 2011 uma rebeli\u00e3o popular que foi parte da &quot;Primavera \u00e1rabe&quot; iniciada na Tun\u00edsia e Egito. Desde ent\u00e3o, vem massacrando o povo com tanques, bombardeios e armas qu\u00edmicas. Com o apoio aberto do reacion\u00e1rio Putin que est\u00e1 bombardeando indiscriminadamente a popula\u00e7\u00e3o civil que se op\u00f5e ao ditador. Em segundo lugar, tamb\u00e9m Fran\u00e7a, Inglaterra, Turquia e os EUA com sua &quot;coaliz\u00e3o&quot;, bombardeiam as zonas rebeldes, coordenando com Assad e R\u00fassia, com o mesmo argumento de combater o terrorismo do Estado Isl\u00e2mico. Ou seja, todos, objetivamente, sustentam Assad ou buscam uma sa\u00edda negociada com o ditador; como est\u00e3o discutindo em Viena e na reuni\u00e3o do G20 na Turquia. <\/p>\n<p>Na guerra s\u00edria existem tr\u00eas frentes: 1) a encabe\u00e7ada pela ditadura de Al Assad; 2) a do reacion\u00e1rio Estado Isl\u00e2mico; e 3) a do restante do povo rebelde armado que deu in\u00edcio a revolu\u00e7\u00e3o popular de mar\u00e7o de 2011, da qual fazem parte o Ex\u00e9rcito Livre da S\u00edria (ELS), variadas mil\u00edcias independentes e as brigadas curdas de Kobane e outros lugares.<\/p>\n<p>O Estado Isl\u00e2mico, que reivindica a autoria dos atentados criminosos ocorridos na Fran\u00e7a, \u00e9 um desprendimento da Al Qaeda, \u00e9 uma mil\u00edcia jihadista ultra reacion\u00e1ria criada em 2013 e financiada em seu in\u00edcio pelas monarquias petroleiras e pr\u00f3-ianques da Ar\u00e1bia Saudita, Qatar e pela Turquia. Se suspeita que Assad deixou que ela se organizasse, inclusive liberando muitos de seus militantes que estavam presos em seus c\u00e1rceres. Jogam o papel de quinta coluna para derrotar a rebeli\u00e3o popular contra Bashar al Assad com o projeto de criar um &quot;Califado&quot;, ou seja uma nova ditadura, mas de tipo teocr\u00e1tica.<\/p>\n<p>Por isso, suas a\u00e7\u00f5es terroristas na Fran\u00e7a, ou onde forem, devem ser repudiadas, porque est\u00e3o ao servi\u00e7o de uma causa reacion\u00e1ria e contribuem para criar ainda mais confus\u00e3o sobre as massas sobre quem s\u00e3o seus verdadeiros inimigos, que s\u00e3o o imperialismo, R\u00fassia e seus agentes como Assad e todos os governos reacion\u00e1rios do Norte da \u00c1frica e Oriente M\u00e9dio, incluindo entre eles, Israel e tamb\u00e9m o Estado Isl\u00e2mico.<\/p>\n<p>Agora Fran\u00e7a, Estados Unidos, Alemanha e todo os imperialismos e seus aliados v\u00e3o querer se apresentar como v\u00edtimas quando, na realidade, s\u00e3o, historicamente, os respons\u00e1veis m\u00e1ximos deste desastre. O imperialismo franc\u00eas tem uma larga hist\u00f3ria de viol\u00eancia colonial na \u00c1frica. Agora s\u00e3o parte da coaliza\u00e7\u00e3o que bombardeia sistematicamente Iraque e a S\u00edria. Junto \u00e0 Alemanha e aos EUA, respaldam a pol\u00edtica belicista da OTAN. Apoiam os crimes do sionismo contra o povo palestino. E s\u00e3o insens\u00edveis diante do drama de milhares de refugiados que chegam \u00e0 Europa escapando da mis\u00e9ria e fome capitalistas e das guerras provocadas por eles.<\/p>\n<p>Desde a UIT-QI repudiamos, uma vez mais, estes novos atentados terroristas que confundem a causa dos povos em luta e ajudam, objetivamente, o imperialismo a seguir aplicando sua pol\u00edtica de repress\u00e3o e bombardeios na S\u00edria, Iraque ou Afeganist\u00e3o. Somente a luta dos povos do mundo inteiro poder\u00e1 terminar com as agress\u00f5es imperialistas e com as ditaduras genocidas como a de Bashar al Assad.  <\/p>\n<p>Repudiamos os atentados do Estado Isl\u00e2mico na Fran\u00e7a<\/p>\n<p>Basta de Bashar al Assad! N\u00e3o ao Estado Isl\u00e2mico! Basta de bombardeios da R\u00fassia, Estados Unidos e Fran\u00e7a<\/p>\n<p>Viva a luta do povo rebelde s\u00edrio. Viva a luta palestina!<\/p>\n<p>Total solidariedade com os refugiados!<\/p>\n<p>Unidade Internacional dos Trabalhadores &#8211; Quarta Internacional (UIT-QI) <\/p>\n<p>14 de novembro 2015<\/p>\n","protected":false},"excerpt":{"rendered":"<p>| UIT-QI Na noite de 13 de novembro, se produziu uma s\u00e9rie de atentados em Paris, capital da Fran\u00e7a. As v\u00edtimas chegam a cerca de 150 pessoas. Os atentados terroristas se realizaram de forma indiscriminada sobre a popula\u00e7\u00e3o indefesa, matando pessoas que assistiam um espet\u00e1culo<\/p>\n","protected":false},"author":1,"featured_media":0,"comment_status":"closed","ping_status":"open","sticky":false,"template":"","format":"standard","meta":{"footnotes":""},"categories":[6],"tags":[64,65],"class_list":["post-689","post","type-post","status-publish","format-standard","hentry","category-internacional","tag-estado-islamico","tag-terrorismo"],"_links":{"self":[{"href":"https:\/\/www.cstuit.com\/home\/wp-json\/wp\/v2\/posts\/689","targetHints":{"allow":["GET"]}}],"collection":[{"href":"https:\/\/www.cstuit.com\/home\/wp-json\/wp\/v2\/posts"}],"about":[{"href":"https:\/\/www.cstuit.com\/home\/wp-json\/wp\/v2\/types\/post"}],"author":[{"embeddable":true,"href":"https:\/\/www.cstuit.com\/home\/wp-json\/wp\/v2\/users\/1"}],"replies":[{"embeddable":true,"href":"https:\/\/www.cstuit.com\/home\/wp-json\/wp\/v2\/comments?post=689"}],"version-history":[{"count":0,"href":"https:\/\/www.cstuit.com\/home\/wp-json\/wp\/v2\/posts\/689\/revisions"}],"wp:attachment":[{"href":"https:\/\/www.cstuit.com\/home\/wp-json\/wp\/v2\/media?parent=689"}],"wp:term":[{"taxonomy":"category","embeddable":true,"href":"https:\/\/www.cstuit.com\/home\/wp-json\/wp\/v2\/categories?post=689"},{"taxonomy":"post_tag","embeddable":true,"href":"https:\/\/www.cstuit.com\/home\/wp-json\/wp\/v2\/tags?post=689"}],"curies":[{"name":"wp","href":"https:\/\/api.w.org\/{rel}","templated":true}]}}