

	{"id":695,"date":"2009-12-03T21:21:00","date_gmt":"2009-12-03T21:21:00","guid":{"rendered":"https:\/\/www.cstuit.com\/home\/index.php\/2009\/12\/03\/arquivoid-9730\/"},"modified":"2009-12-03T21:21:00","modified_gmt":"2009-12-03T21:21:00","slug":"arquivoid-9730","status":"publish","type":"post","link":"https:\/\/www.cstuit.com\/home\/2009\/12\/03\/arquivoid-9730\/","title":{"rendered":"Manifesto de militanbtes do RS"},"content":{"rendered":"<p>O PSOL N\u00c3O PODE ABRIR M\u00c3O DE SUA RAZ\u00c3O DE SER! | Lista do partido<\/p>\n<p>O PSOL N\u00c3O PODE ABRIR M\u00c3O DE SUA RAZ\u00c3O DE SER!<\/p>\n<p>Em resposta \u00e0 trai\u00e7\u00e3o do PT e ao golpe infligido \u00e0 organiza\u00e7\u00e3o independente dos trabalhadores, a funda\u00e7\u00e3o do PSOL foi uma necessidade e um acerto; sua exist\u00eancia constitui um fator progressista de reagrupamento pol\u00edtico independente e de resist\u00eancia \u00e0s investidas neoliberais do governo; sua presen\u00e7a nas elei\u00e7\u00f5es de 2006, encabe\u00e7ando a Frente de Esquerda (PSOL-PSTU-PCB), permitiu denunciar a farsa da pseudo-rivalidade PSDB\/PT, apresentando uma alternativa de classe.<\/p>\n<p>At\u00e9 pouco, era consenso no partido que essa pol\u00edtica tinha sido correta, devendo ser continuada. A tal ponto que todos os delegados foram eleitos ao 2\u00ba Congresso Nacional\/PSOL com o \u00f3bvio mandato de nele aprovar resolu\u00e7\u00e3o afirmando a necessidade de candidatura pr\u00f3pria do PSOL no pleito presidencial, encabe\u00e7ando uma Frente de Esquerda. A grande maioria dos delegados estava, ali\u00e1s, pronta a definir o nome da candidatura no pr\u00f3prio 2\u00ba Congresso.<\/p>\n<p>O lan\u00e7amento da pr\u00e9-candidatura de Marina Silva pelo PV (com apoio de setores da burguesia e entusi\u00e1stico destaque da m\u00eddia), combinado com a firme decis\u00e3o de Helo\u00edsa Helena em n\u00e3o concorrer no pleito presidencial, bastaram para que um conjunto de dirigentes do PSOL passasse a trabalhar ativamente em prol de uma coliga\u00e7\u00e3o do PSOL com o PV, encabe\u00e7ada por Marina Silva como candidata a Presidente.<\/p>\n<p>Em sua reuni\u00e3o de 12\/11\/2009, a Executiva Nacional do PSOL aprovou, por maioria, a abertura de contatos e negocia\u00e7\u00f5es com Marina Silva (entre outros), em base numa plataforma t\u00e3o vaga, indefinida e d\u00fabia que nem mesmo exige uma postura de oposi\u00e7\u00e3o ao PT, PSDB, DEM, PP e consortes e aos seus governos!<\/p>\n<p>&#8211; Considerando que o PV \u00e9 uma legenda el\u00e1stica e fisiol\u00f3gica que abriga tanto donos de empresas capitalistas como velhas raposas como o Zequinha Sarney;<\/p>\n<p>&#8211; Considerando que o PV costuma coligar indiscriminadamente com PT, PMDB, PSDB, PP, PTB, DEM, etc.;<\/p>\n<p>&#8211; Considerando que o PV \u00e9 um partido da base de sustenta\u00e7\u00e3o do governo Lula, que votou as reformas neoliberais deste e continua na &quot;base aliada&quot;;<\/p>\n<p>&#8211; Considerando que o PV, tamb\u00e9m, participa do governo Serra (PSDB) no estado de SP e da administra\u00e7\u00e3o Kassab (DEM) na prefeitura paulistana, entre outros governos e administra\u00e7\u00f5es aos quais o PSOL \u00e9 oposi\u00e7\u00e3o f\u00e9rrea;<\/p>\n<p>&#8211; Considerando ainda que o PV defende um ambientalismo de fachada e recebe, para suas campanhas eleitorais, verbas de grandes empresas capitalistas que, al\u00e9m disso, s\u00e3o poluidoras;<\/p>\n<p>&#8211; Considerando que Marina Silva participou durante mais de seis anos do governo Lula, apoiando suas reformas e sua pol\u00edtica neoliberais, bem como dando cobertura a retrocessos importantes na quest\u00e3o ambiental, como a libera\u00e7\u00e3o dos transg\u00eanicos, a aprova\u00e7\u00e3o da transposi\u00e7\u00e3o do Rio S\u00e3o Francisco, o aumento do desmatamento e a privatiza\u00e7\u00e3o de vastas \u00e1reas da Amaz\u00f4nia;<\/p>\n<p>&#8211; Considerando que, no programa Roda Viva, Marina Silva reivindicou os 16 anos de &quot;estabilidade&quot; do Brasil, de FHC a Lula; que, em entrevista em Campo Grande, MS (Ag\u00eancia Estado, 23\/11\/2009), ela repisou os &quot;avan\u00e7os significativos&quot; obtidos nos governos FHC e Lula;<\/p>\n<p>&#8211; Considerando as liga\u00e7\u00f5es de Marina Silva com setores do empresariado e sua insist\u00eancia (ver declara\u00e7\u00e3o na Folha de S\u00e3o Paulo) em ter como vice o empres\u00e1rio Guilherme Leal (presidente da Natura e um dos doze brasileiros na lista de bilion\u00e1rios da revista Forbes);<\/p>\n<p>&#8211; Considerando que, em entrevista \u00e0 Veja (02\/09\/2009), Marina Silva tece elogios a FHC, colocando-o no mesmo patamar que Florestan Fernandes e Chico Mendes, e afirma que nunca foi contra os transg\u00eanicos, muito menos contra a constru\u00e7\u00e3o de hidrel\u00e9tricas na Amaz\u00f4nia;<\/p>\n<p>&#8211; Considerando que, na mesma entrevista, quando perguntada sobre economia, Marina Silva declara que o Estado n\u00e3o deve suplantar a capacidade criativa do mercado, e que est\u00e1 de acordo com a autonomia do Banco Central;<\/p>\n<p>&#8211; Considerando que Marina Silva n\u00e3o rompeu com o PT, limitando-se a trocar de partido sem estabelecer nenhuma cr\u00edtica ao governo Lula, mas continua na &quot;base aliada&quot; do governo federal, dialogando com o petismo e considerando-se &quot;vizinha&quot; do mesmo (&quot;Mudei de casa, mas continuo na mesma rua, na mesma vizinhan\u00e7a&quot; \u2013 Veja);<\/p>\n<p>&#8211; Considerando que todos os elementos arrolados acima mostram que Marina Silva \u00e9 ecocapitalista e pr\u00f3-PT, que o PV \u00e9 um partido ecocapitalista, pr\u00f3-PT e pr\u00f3-PSDB; que, portanto, uma coliga\u00e7\u00e3o com o PV e com Marina Silva traria o PSOL para o leito da colabora\u00e7\u00e3o de classes, do ecocapitalismo dito desenvolvimentista-e-sustent\u00e1vel e para a &quot;vizinhan\u00e7a&quot; do PT, do PSDB e consortes, sendo incompat\u00edvel com as bases fundadoras do partido e com os princ\u00edpios que ele defende;<\/p>\n<p>Considerando tudo isso, os abaixo-assinados, filiados e\/ou militantes do PSOL:<\/p>\n<p>-posicionam-se contra toda e qualquer coliga\u00e7\u00e3o do PSOL com o PV e com Marina Silva;<\/p>\n<p>-manifestam-se no sentido de que, na Confer\u00eancia Eleitoral, o PSOL defina uma candidatura pr\u00f3pria que encabece uma Frente de Esquerda;<\/p>\n<p>-consideram legitimas e positivas todas as pr\u00e9-candidaturas existentes ou que vierem a surgir para afirmar o partido e ajudar \u00e0 constitui\u00e7\u00e3o da necess\u00e1ria Frente de Esquerda;<\/p>\n<p>-chamam todos a posicionar-se no mesmo sentido: aderindo ao presente manifesto e\/ou elaborando e divulgando outros documentos e\/ou realizando atividades que visam afirmar a necessidade de uma candidatura pr\u00f3pria do PSOL que encabece uma Frente de Esquerda baseada numa plataforma classista, antiimperialista, democr\u00e1tica e ecossocialista.<\/p>\n<p>Subscrevem<br \/>\n:<\/p>\n<p>Alan Bica, militante do PSOL\/RS<\/p>\n<p>Alex Renato da Silva, estudante UFRGS<\/p>\n<p>Alexandre Dornelles, Diret\u00f3rio Estadual PSOL\/RS<\/p>\n<p>Alfredo Vaz Santana, Delegado Sindical Banrisul, Porto Alegre\/RS<\/p>\n<p>Alidio Luz, secundarista Santa Maria\/RS<\/p>\n<p>Almerindo Cunha, diretor do Sindicato dos Municip\u00e1rios de Porto Alegre (Simpa)<\/p>\n<p>Ana Campo, fundadora do N\u00facleo 1\u00ba de Maio e N\u00facleo Zona Sul, Porto Alegre<\/p>\n<p>Ana Lago, diretora do Sindisprev-RS e da Fenasps<\/p>\n<p>Ana Rosa Santos Montano, movimento popular Lomba do Pinheiro, Porto Alegre\/RS<\/p>\n<p>Anna Miragem, Diret\u00f3rio Estadual\/RS Ant\u00f4nio Quadros, diretor do sindisprev-RS<\/p>\n<p>Ant\u00f4nio Ruas, Executiva Municipal Porto Alegre<\/p>\n<p>Antonio Vicente dos Santos, militante do PSOL\/RS<\/p>\n<p>Arino Maciel, Diret\u00f3rio Municipal de Caxias do Sul\/RS<\/p>\n<p>Beatriz Dornelles, professora da PUC-RS<\/p>\n<p>Bruno Camilo Pereira, delegado sindical municip\u00e1rios de Cachoeirinha\/RS<\/p>\n<p>Bruno Cesar de Oliveira, DA Direito uniRitter, Desobede\u00e7a GLBT<\/p>\n<p>Carla Ferreira, historiadora e jornalista, Porto Alegre<\/p>\n<p>Carlos Alberto Dias, presidente PSOL de Rio Grande\/RS<\/p>\n<p>Carlos Figueiredo, Zona Sul Porto AlegreCarmem Beatriz Fosch, diretora do Sindisprev-RS e da Fenasps<\/p>\n<p>Caroline Falero, filiada PSOL Porto Alegre<\/p>\n<p>Ciro de Oliveira, estudante universit\u00e1rio Santa Maria\/RS<\/p>\n<p>Cl\u00e1udio Hiran Alves Duarte, N\u00facleo 1\u00ba de Maio, Refunda\u00e7\u00e3o Comunista<\/p>\n<p>Cleber Silva, estudante UFRGS, coordenador DA Pedagogia<\/p>\n<p>Cleusa Silva, Lomba do Pinheiro, Porto Alegre\/RS<\/p>\n<p>Dalmor Eduardo de Souza, estudante UniRitter, PSOL Canoas\/RS<\/p>\n<p>Dani Conte, Executiva Estadual\/RS<\/p>\n<p>Daniel Daltoe, Diret\u00f3rio Municipal de Caxias do Sul<\/p>\n<p>Daniel Emmanuel, Executiva Municipal, Caxias do Sul\/RS<\/p>\n<p>Delvair Paim, diretora do Sindisprev-RS<\/p>\n<p>Dem\u00e9trio Maia, Diret\u00f3rio Municipal, Porto Alegre\/RS<\/p>\n<p>Diego Vitello, Executiva Estadual\/RS<\/p>\n<p>Dinara Del Rio, diretora do Sindisprev-RS<\/p>\n<p>Djalmo Santos, candidato a prefeito em 2008, PSOL de Alegrete\/RS<\/p>\n<p>Douglas Moreira Vieira, estudante secundarista, Santa Maria\/RS<\/p>\n<p>Elaine Montenezzo, Diret\u00f3rio Municipal de Novo Hamburgo\/RS<\/p>\n<p>Eduardo Luis Ruppenthal, ecossocialista, Psol\/RS<\/p>\n<p>Eorlandir Madalena Fragoso, militante do PSOL\/RS<\/p>\n<p>Fabiano Pereira, estudante UFRGS<\/p>\n<p>Franco Machado, estudante UFRGS, Desobede\u00e7a GLBT<\/p>\n<p>Friedelin Buske, estudante Santa Maria\/RS<\/p>\n<p>Giuseppe Finco, diretor do Sindisprev-RS<\/p>\n<p>Glaucio Rodrigues, militante do PSOL\/RS<\/p>\n<p>Guilherme Barcelos, filiado Porto Alegre<\/p>\n<p>Heleno Goulart Rodrigues, integrante da Ordem dos M\u00fasicos do RS<\/p>\n<p>Henrique Cignachi, estudante universit\u00e1rio, Sta Maria\/RS<\/p>\n<p>Jhonnantha Hirano &quot;Japa&quot;, militante do PSOL\/RS<\/p>\n<p>Jo\u00e3o Amador, diretor do Sindisprev-RS<\/p>\n<p>Jo\u00e3o Damian, Executiva Municipal Santa Maria\/RS<\/p>\n<p>Jo\u00e3o Heredia Soares, N\u00facleo 1\u00ba de Maio, Porto Alegre<\/p>\n<p>Joel Orestes, diretor do Sindisprev-RS<\/p>\n<p>Jo\u00e3o Silva, servidor p\u00fablico, Lomba do Pinheiro POA\/RS<\/p>\n<p>Jorge Nogueira, Comiss\u00e3o de trabalhadores da Procergs, Porto Alegre\/RS<\/p>\n<p>Jorge Ricardo Moreira, diretor da Fenasps<\/p>\n<p>Jos\u00e9 de Campos Ferreira, Executiva Municipal Porto Alegre<\/p>\n<p>Jussara Cabeda, lideran\u00e7a comunit\u00e1ria da Zona Sul Porto Alegre<\/p>\n<p>Laila Garcia Marques, estudante secundarista, Santa Maria\/RS<\/p>\n<p>Leandro Sales, Desobede\u00e7a GLBT\/RJ<\/p>\n<p>Leonardo Ferreira, militante do PSOL\/RS<\/p>\n<p>Loiva Isabel Marques Chansis, funcion\u00e1ria UFSM, Executiva Municipal, Santa Maria\/RS<\/p>\n<p>L\u00facio Barcelos, suplente de vereador, Porto Alegre<\/p>\n<p>Luis Felipe Balhego, estudante PUC-RS<\/p>\n<p>Luis Francisco Alves Martins &quot;Chiquinho&quot;, militante do PSOL\/RS<\/p>\n<p>Luis P\u00e9rsio, presidente PSOL Alegrete\/RS<\/p>\n<p>Luiz Enrique Rodrigues Pilar, presidente do Sindicato dos Trabalhadores nas Ind\u00fastrias Gr\u00e1ficas de Santa Maria\/RS<\/p>\n<p>Luiz Fernando P. Dornelles, Zona Sul Porto Alegre<\/p>\n<p>Marco Frassanito Wolff, juventude PSOL Porto Alegre<\/p>\n<p>Maria Cunha de Souza, militante do PSOL\/RS<\/p>\n<p>Mateus Schneider, estudante UFRGS, Desobede\u00e7a GLBT<\/p>\n<p>Maria Izabel Cattani, N\u00facleo 1\u00ba de Maio, Ex-diretora CPERS<\/p>\n<p>Maria Nazar\u00e9 Melo, m\u00e9dica sanitarista e ambientalista, N\u00facleo 1\u00ba de Maio,<\/p>\n<p>Maria Tereza Zatti, Zona Sul Porto Alegre<\/p>\n<p>Marilia Cancelli, estudante Unisinos, membro da coordena\u00e7\u00e3o nacional da Executiva Nacional de Estudantes de Comunica\u00e7\u00e3o Social (Enecos)<\/p>\n<p>Mathias Rodrigues, estudante universit\u00e1rio, Santa Maria\/RS<\/p>\n<p>Mathias Luce, professor, Porto Alegre<\/p>\n<p>Nara H. N. Machado, N\u00facleo 1\u00ba de Maio, Executiva Municipal Porto Alegre<\/p>\n<p>Nat\u00e1lia Vastuk, militante do PSOL\/RS<\/p>\n<p>Nilza Chagas, militante do PSOL\/RS<\/p>\n<p>Omar Condotta, militante do PSOL\/RS<\/p>\n<p>Ot\u00e1vio R\u00f6hrig, N\u00facleo 1\u00ba de Maio, Diret\u00f3rio Estadual\/RS<\/p>\n<p>Paulo Roberto Aczel, Desobede\u00e7a GLBT<\/p>\n<p>Renato Vasconcellos Dornelles, juventude PSOL Porto Alegre<\/p>\n<p>Roberto Lisboa, estudante universit\u00e1rio, Santa Maria\/RS<\/p>\n<p>Roberto Ponge, N\u00facleo 1\u00ba de Maio, Diret\u00f3rio Estadual\/RS<\/p>\n<p>Roberto Rossi Jung, N\u00facleo 1\u00ba de Maio<\/p>\n<p>Roberto Seitenfus, Executiva Municipal Porto Alegre, DA Direito UniRitter, Desobede\u00e7a GLBT<\/p>\n<p>Rodrigo Kosmann, militante do PSOL\/RS<\/p>\n<p>Rodrigo Lisboa, estudante UFSM, Santa Maria\/RS<\/p>\n<p>Rodrigo Zuchelli, estudante UFRGS, Desobede\u00e7a GLBT<\/p>\n<p>Sandra Feltrin, Executiva Municipal Santa Maria\/RS, Diret\u00f3rio Nacional<\/p>\n<p>Sandra Helena Machado, N\u00facleo 1\u00ba de Maio, Ex-diretora CPERS<\/p>\n<p>Sarah Amaral, estudante UFRGS, Porto Alegre<\/p>\n<p>Shacal Lencina, militante do PSOL\/RS<\/p>\n<p>Silvia Regina, diretora do Sindisprev-RS e coordenadora estadual do Movimento Negro Unificado (MNU\/RS)<\/p>\n<p>S\u00f4nia Silva, militante do PSOL\/RS<\/p>\n<p>Sonia Santos, Executiva Municipal, Alegrete\/RS<\/p>\n<p>Suzana Dornelles, Zona Sul Porto Alegre<\/p>\n<p>Tamara Cestari, DA Direito uniRitter, Desobede\u00e7a GLBT<\/p>\n<p>Tatirr\u00ea Paz, DA de Psicologia da PUC-RS<\/p>\n<p>Thales Speroni, estudante UFRGS<\/p>\n<p>Theodoro Picaz, eletricista Santa Maria\/RS<\/p>\n<p>Tiago Cortinaz, estudante UFRGS, Porto Alegre\/RS<\/p>\n<p>Valter de Almeida Freitas, N\u00facleo 1\u00ba de Maio<\/p>\n<p>Vera Dorneles, militante do PSOL\/RS<\/p>\n<p>Vera Maria Campos Kollet, militante do PSOL\/RS<\/p>\n<p>Vito Letizia, N\u00facleo 1\u00ba de Maio<\/p>\n<p>Viviane Camejo, ecossocialista, Psol\/RS<\/p>\n<p>Yuri Vastuk, secundarista de Porto Alegre<\/p>\n","protected":false},"excerpt":{"rendered":"<p>O PSOL N\u00c3O PODE ABRIR M\u00c3O DE SUA RAZ\u00c3O DE SER! | Lista do partido O PSOL N\u00c3O PODE ABRIR M\u00c3O DE SUA RAZ\u00c3O DE SER! Em resposta \u00e0 trai\u00e7\u00e3o do PT e ao golpe infligido \u00e0 organiza\u00e7\u00e3o independente dos trabalhadores, a funda\u00e7\u00e3o do PSOL<\/p>\n","protected":false},"author":1,"featured_media":0,"comment_status":"closed","ping_status":"open","sticky":false,"template":"","format":"standard","meta":{"footnotes":""},"categories":[2],"tags":[],"class_list":["post-695","post","type-post","status-publish","format-standard","hentry","category-arquivo"],"_links":{"self":[{"href":"https:\/\/www.cstuit.com\/home\/wp-json\/wp\/v2\/posts\/695","targetHints":{"allow":["GET"]}}],"collection":[{"href":"https:\/\/www.cstuit.com\/home\/wp-json\/wp\/v2\/posts"}],"about":[{"href":"https:\/\/www.cstuit.com\/home\/wp-json\/wp\/v2\/types\/post"}],"author":[{"embeddable":true,"href":"https:\/\/www.cstuit.com\/home\/wp-json\/wp\/v2\/users\/1"}],"replies":[{"embeddable":true,"href":"https:\/\/www.cstuit.com\/home\/wp-json\/wp\/v2\/comments?post=695"}],"version-history":[{"count":0,"href":"https:\/\/www.cstuit.com\/home\/wp-json\/wp\/v2\/posts\/695\/revisions"}],"wp:attachment":[{"href":"https:\/\/www.cstuit.com\/home\/wp-json\/wp\/v2\/media?parent=695"}],"wp:term":[{"taxonomy":"category","embeddable":true,"href":"https:\/\/www.cstuit.com\/home\/wp-json\/wp\/v2\/categories?post=695"},{"taxonomy":"post_tag","embeddable":true,"href":"https:\/\/www.cstuit.com\/home\/wp-json\/wp\/v2\/tags?post=695"}],"curies":[{"name":"wp","href":"https:\/\/api.w.org\/{rel}","templated":true}]}}