

	{"id":703,"date":"2009-12-03T21:25:00","date_gmt":"2009-12-03T21:25:00","guid":{"rendered":"https:\/\/www.cstuit.com\/home\/index.php\/2009\/12\/03\/arquivoid-9738\/"},"modified":"2009-12-03T21:25:00","modified_gmt":"2009-12-03T21:25:00","slug":"arquivoid-9738","status":"publish","type":"post","link":"https:\/\/www.cstuit.com\/home\/2009\/12\/03\/arquivoid-9738\/","title":{"rendered":"Nota de Militantes do PA"},"content":{"rendered":"<p>PSOL na encruzilhada: Candidatura pr\u00f3pria X Marina Silva. |<\/p>\n<p>PSOL na encruzilhada: Candidatura pr\u00f3pria X Marina Silva.<\/p>\n<p>Os militantes do PSOL est\u00e3o indignados com as repetidas declara\u00e7\u00f5es de nossa presidente em apoio \u00e0 candidata do PV, Marina Silva. N\u00e3o compreendemos as ilus\u00f5es de dirigentes do PSOL com a ex-Ministra do governo Lula. Marina saiu do PT, s\u00f3 agora em 2009, para cair nos bra\u00e7os da legenda de Sarney Filho!<\/p>\n<p>N\u00f3s, amaz\u00f4nidas, sofremos com as medidas de Marina durante sua gest\u00e3o no Minist\u00e9rio do Meio Ambiente. Em meio ao enfretamento as madeireiras, aos sojeiros, ao agroneg\u00f3cio, as multinacionais do min\u00e9rio, constru\u00edmos o PSOL com dificuldades. Por isso, n\u00e3o podemos compactuar com o apoio a Marina. Como bem define o companheiro Osmarino Am\u00e2ncio, do PSOL AC, ela criou um marco regulat\u00f3rio de destrui\u00e7\u00e3o ambiental. O maior exemplo \u00e9 a lei de concess\u00f5es florestais.<\/p>\n<p>Na capital do Estado do Par\u00e1, em Bel\u00e9m, como far\u00edamos campanha para Marina no Ver-o-peso? A Natura, cujo presidente foi filiado por Marina no PV, roubou o conhecimento tradicional das erveiras do mercado para fabricar novos cosm\u00e9ticos de sua linha EKOS. Com um cart\u00e3o de apresenta\u00e7\u00e3o como esse, seriamos expulsos de l\u00e1, pela primeira vez. Cen\u00e1rio diferente da boa recep\u00e7\u00e3o que tivemos na campanha de Edmilson em 2006 e Marinor em 2008.<\/p>\n<p>Como explicar\u00edamos um apoio ao PV, que no Par\u00e1 foi parte do Tucanato de Almir e Jatene. Apoiou, portanto, o projeto respons\u00e1vel pela chacina de Eldorado dos Caraj\u00e1s.<\/p>\n<p>N\u00e3o aceitamos entregar nosso capital pol\u00edtico a Marina Silva. N\u00e3o aceitamos a ilus\u00e3o de que Marina \u00e9 ambientalista. Ela j\u00e1 foi, n\u00e3o \u00e9 mais. Assim como Lula um dia foi metal\u00fargico e hoje n\u00e3o \u00e9 mais. Assim como Ana J\u00falia foi banc\u00e1ria e hoje n\u00e3o mais \u00e9. Apoiar Marina significa diluir o PSOL, escond\u00ea-lo do cen\u00e1rio nacional. Isso \u00e9 um grave erro.<\/p>\n<p>Discordamos da decis\u00e3o da \u00faltima executiva nacional do nosso partido. N\u00e3o concordamos com negocia\u00e7\u00f5es com Marina Silva. Estamos preocupados que o Diret\u00f3rio Nacional do Partido referende essa resolu\u00e7\u00e3o.<\/p>\n<p>Concordamos com os argumentos de Milton Temer e Carlos Nelson Coutinho para defini\u00e7\u00e3o de nossa pol\u00edtica por candidatura pr\u00f3pria. Sabemos tamb\u00e9m que na defesa da candidatura pr\u00f3pria est\u00e3o Pl\u00ednio e Bab\u00e1.<\/p>\n<p>Os que assinam a presente nota se declaram parte do movimento que existe no PSOL em todo pa\u00eds. Reivindicamos as resolu\u00e7\u00f5es por candidatura pr\u00f3pria do PSOL ES, CE, SE, BA e de v\u00e1rios diret\u00f3rios municipais do PSOL, a exemplo do de S\u00e3o Bernardo do Campo &#8211; SP. Esse questionamento p\u00fablico das bases e de reconhecidos dirigentes obriga a executiva nacional a rever sua desastrosa decis\u00e3o.<\/p>\n<p>Em 2010 \u00e9 PSOL com candidato pr\u00f3prio. Em 2010 queremos digitar 50 e confirmar! Em 2010 \u00e9 novo partido contra a velha forma de se fazer pol\u00edtica!<\/p>\n<p>Assinam os seguintes militantes:<\/p>\n<p>Railson Jonas \u2013 Movimento Terra Trabalho e Liberdade &#8211; MTL\/PA<\/p>\n<p>Michel Oliveira \u2013 Secret\u00e1rio Geral do PSOL\/PA<\/p>\n<p>Neide Solim\u00f5es \u2013 Secret\u00e1ria Sindical do PSOL e Coord. Geral do SINTSEP\/PA<\/p>\n<p>Cedicio Vasconcelos \u2013 Coord. Nacional da CONDSEF<\/p>\n<p>Silvia Let\u00edcia \u2013 DE do PSOL\/PA e Executiva da CONLUTAS\/PA<\/p>\n<p>Jo\u00e3o Santiago \u2013 DE do PSOL\/PA e Coordenador Geral do SINDTIFES<\/p>\n<p>Marcio Amaral \u2013 Presidente do SINTRAM<\/p>\n<p>Marisa Merc\u00eas \u2013 Conselho de \u00c9tica do PSOL\/PA<\/p>\n<p>Sheila Melo \u2013 Conselho Fiscal do PSOL\/PA<\/p>\n<p>Julia Borges \u2013 Presidente do DCE UNAMA<\/p>\n<p>Julio Miragaia \u2013 Presidente do DCE da Est\u00e1cio\/FAP<\/p>\n<p>Zaraia Guar\u00e1 \u2013 Coord. Geral do DCE UFPA<\/p>\n","protected":false},"excerpt":{"rendered":"<p>PSOL na encruzilhada: Candidatura pr\u00f3pria X Marina Silva. | PSOL na encruzilhada: Candidatura pr\u00f3pria X Marina Silva. Os militantes do PSOL est\u00e3o indignados com as repetidas declara\u00e7\u00f5es de nossa presidente em apoio \u00e0 candidata do PV, Marina Silva. N\u00e3o compreendemos as ilus\u00f5es de dirigentes do<\/p>\n","protected":false},"author":1,"featured_media":0,"comment_status":"closed","ping_status":"open","sticky":false,"template":"","format":"standard","meta":{"footnotes":""},"categories":[2],"tags":[],"class_list":["post-703","post","type-post","status-publish","format-standard","hentry","category-arquivo"],"_links":{"self":[{"href":"https:\/\/www.cstuit.com\/home\/wp-json\/wp\/v2\/posts\/703","targetHints":{"allow":["GET"]}}],"collection":[{"href":"https:\/\/www.cstuit.com\/home\/wp-json\/wp\/v2\/posts"}],"about":[{"href":"https:\/\/www.cstuit.com\/home\/wp-json\/wp\/v2\/types\/post"}],"author":[{"embeddable":true,"href":"https:\/\/www.cstuit.com\/home\/wp-json\/wp\/v2\/users\/1"}],"replies":[{"embeddable":true,"href":"https:\/\/www.cstuit.com\/home\/wp-json\/wp\/v2\/comments?post=703"}],"version-history":[{"count":0,"href":"https:\/\/www.cstuit.com\/home\/wp-json\/wp\/v2\/posts\/703\/revisions"}],"wp:attachment":[{"href":"https:\/\/www.cstuit.com\/home\/wp-json\/wp\/v2\/media?parent=703"}],"wp:term":[{"taxonomy":"category","embeddable":true,"href":"https:\/\/www.cstuit.com\/home\/wp-json\/wp\/v2\/categories?post=703"},{"taxonomy":"post_tag","embeddable":true,"href":"https:\/\/www.cstuit.com\/home\/wp-json\/wp\/v2\/tags?post=703"}],"curies":[{"name":"wp","href":"https:\/\/api.w.org\/{rel}","templated":true}]}}