

	{"id":710,"date":"2009-12-06T01:22:00","date_gmt":"2009-12-06T01:22:00","guid":{"rendered":"https:\/\/www.cstuit.com\/home\/index.php\/2009\/12\/06\/arquivoid-9745\/"},"modified":"2009-12-06T01:22:00","modified_gmt":"2009-12-06T01:22:00","slug":"arquivoid-9745","status":"publish","type":"post","link":"https:\/\/www.cstuit.com\/home\/2009\/12\/06\/arquivoid-9745\/","title":{"rendered":"Com 51.5% dos votos esquerda ganha o DCE UFF"},"content":{"rendered":"<p>Elei\u00e7\u00e3o do DCE da UFF | Vamos \u00e0 Luta<\/p>\n<p>Terminou \u00e0s 18hs de hoje (sabado), a apura\u00e7\u00e3o da elei\u00e7\u00e3o do DCE &#8211; UFF, votaram quase 5 mil estudantes e consagrou-se vitoriosa a Chapa 1 SONHOS N\u00c2O ENVELHECEM com 2471 votos, composta por diversos coletivos estudantis como: Paga Nada, Vamos \u00e0 Luta, Barricadas e Contra Ponto, coletivos esses ligados a Oposi\u00e7\u00e3o de Esquerda \u00e0 dire\u00e7\u00e3o majoritaria da UNE.<\/p>\n<p>A chapa 3 Um Novo Enredo obteve 1455 votos e em ultimo a chapa 2 Nada Ser\u00e1 Como Antes com 876 votos.<\/p>\n<p>A maioria dos estudantes votaram pela proporcionalidade, ou seja a gest\u00e3o do DCE ser\u00e1 composta por todas as chapas de acordo com o percentual alcan\u00e7ado.<\/p>\n<p>&quot;Os estudantes da UFF deram um recado aos governistas nesta elei\u00e7\u00e3o, dizendo n\u00e3o a expans\u00e3o sem qualidade feita atrav\u00e9s de decreto pelo governo Lula e querem um DCE independente dos governos e da Reitoria&quot; afirmou Silaedson Juninho, membro da Chapa e diretor da UNE.<\/p>\n<p>A proxima diretoria ter\u00e1 o mandato de 1 ano. &quot;no ano que vem, teremos muito trabalho, queremos um DCE proximo dos estudantes e pretendemos que o DCE da UFF seja o articulador nacional com outros DCE\u00b4s, executivas de cursos e movimentos de uma Frente Nacional em defesa da universidade p\u00fablica&quot;, afirma Ciane Rodrigues, estudante de enfermagem e coordenadora da chapa.<\/p>\n<p>A posse ser\u00e1 marcada pela comiss\u00e3o eleitoral que j\u00e1 proclamou op resultado.<\/p>\n<p>Chapa 1 &#8211; 2471   (CST, Enlace, CSOL, APS e Independentes) 51.5%<br \/>\nChapa 2 &#8211; 876    (PSTU, Reage\/LSR e independentes) 18.2%<br \/>\nChapa 3 &#8211; 1455   (Gov PCdoB, PT e PDT independentes) 30.3%<\/p>\n","protected":false},"excerpt":{"rendered":"<p>Elei\u00e7\u00e3o do DCE da UFF | Vamos \u00e0 Luta Terminou \u00e0s 18hs de hoje (sabado), a apura\u00e7\u00e3o da elei\u00e7\u00e3o do DCE &#8211; UFF, votaram quase 5 mil estudantes e consagrou-se vitoriosa a Chapa 1 SONHOS N\u00c2O ENVELHECEM com 2471 votos, composta por diversos coletivos estudantis<\/p>\n","protected":false},"author":1,"featured_media":0,"comment_status":"closed","ping_status":"open","sticky":false,"template":"","format":"standard","meta":{"footnotes":""},"categories":[2],"tags":[],"class_list":["post-710","post","type-post","status-publish","format-standard","hentry","category-arquivo"],"_links":{"self":[{"href":"https:\/\/www.cstuit.com\/home\/wp-json\/wp\/v2\/posts\/710","targetHints":{"allow":["GET"]}}],"collection":[{"href":"https:\/\/www.cstuit.com\/home\/wp-json\/wp\/v2\/posts"}],"about":[{"href":"https:\/\/www.cstuit.com\/home\/wp-json\/wp\/v2\/types\/post"}],"author":[{"embeddable":true,"href":"https:\/\/www.cstuit.com\/home\/wp-json\/wp\/v2\/users\/1"}],"replies":[{"embeddable":true,"href":"https:\/\/www.cstuit.com\/home\/wp-json\/wp\/v2\/comments?post=710"}],"version-history":[{"count":0,"href":"https:\/\/www.cstuit.com\/home\/wp-json\/wp\/v2\/posts\/710\/revisions"}],"wp:attachment":[{"href":"https:\/\/www.cstuit.com\/home\/wp-json\/wp\/v2\/media?parent=710"}],"wp:term":[{"taxonomy":"category","embeddable":true,"href":"https:\/\/www.cstuit.com\/home\/wp-json\/wp\/v2\/categories?post=710"},{"taxonomy":"post_tag","embeddable":true,"href":"https:\/\/www.cstuit.com\/home\/wp-json\/wp\/v2\/tags?post=710"}],"curies":[{"name":"wp","href":"https:\/\/api.w.org\/{rel}","templated":true}]}}