

	{"id":711,"date":"2009-12-16T16:21:00","date_gmt":"2009-12-16T16:21:00","guid":{"rendered":"https:\/\/www.cstuit.com\/home\/index.php\/2009\/12\/16\/arquivoid-9746\/"},"modified":"2009-12-16T16:21:00","modified_gmt":"2009-12-16T16:21:00","slug":"arquivoid-9746","status":"publish","type":"post","link":"https:\/\/www.cstuit.com\/home\/2009\/12\/16\/arquivoid-9746\/","title":{"rendered":"PSOL Para\u00edba e Piau\u00ed: Contra Marina \/ PV"},"content":{"rendered":"<p>Candidatura pr\u00f3pria | Resolu\u00e7\u00e3o do diret\u00f3rio e executiva<\/p>\n<p>SOBRE CONJUNTURA NACIONAL E ELEI\u00c7\u00d5ES 2010<\/p>\n<p>  Ap\u00f3s debates sobre os efeitos das resolu\u00e7\u00f5es nacionais, os di\u00e1logos com a candidatura de Marina e as posi\u00e7\u00f5es das correntes internas do PSOL, o papel do PSOL na atual conjuntura e o conte\u00fado de classe dos projetos em disputa nacional, foi aprovada, por unanimidade, a seguinte resolu\u00e7\u00e3o:<\/p>\n<p>RESOLU\u00c7\u00c3O PSOL PARA\u00cdBA<\/p>\n<p>01 \u2013 O PSOL-PB posiciona-se pela constru\u00e7\u00e3o de uma candidatura pr\u00f3pria que busque unificar todo o partido tendo por fundamento um programa de transi\u00e7\u00e3o para o socialismo e a articula\u00e7\u00e3o com os movimentos sociais referenciados na classe trabalhadora.<\/p>\n<p>02 \u2013 O PSOL-PB convidar\u00e1 todos os pr\u00e9-candidatos e poss\u00edveis pr\u00e9-candidatos \u00e0 presid\u00eancia da rep\u00fablica pelo PSOL, para fazer uma visita ao Estado e participar de atividades internas e externas com o objetivo de dar visibilidade ao nosso projeto partid\u00e1rio. <\/p>\n<p>RESOLU\u00c7\u00c3O EXECUTIVA P-SOL REGIONAL DO PIAU\u00cd<br \/>\nPIAU\u00cd &#8211; 001, DE 21-11-2009 <\/p>\n<p>      EMITE PARECER ACERCA DA COLIGA\u00c7\u00c3O DO PARTIDO SOCIALISMO E LIBERDADE (P-SOL) COM O PARTIDO VERDE (PV). <\/p>\n<p>      O PRESIDENTE DO P-SOL DO PIAU\u00cd, EM VISTA DO DELIBERADO, POR UNANIMIDADE, EM REUNI\u00c3O DA COMISS\u00c3O EXECUTIVA ESTADUAL DO PIAU\u00cd, EM 21 DE NOVEMBRO DE 2009, RESOLVE: <\/p>\n<p>    * REPUDIAR A COLIGA\u00c7\u00c3O DO P-SOL COM O PV EM RAZ\u00c3O:<\/p>\n<p>1. DE A CONJUNTURA DO MOMENTO POL\u00cdTICO N\u00c3O BENEFICIAR O P-SOL, COLOCANDO-O COMO ALGO SIMPLESMENTE ATRELADO AO PV COM FINS DE FORNECER AS \u201cBASES \u00c9TICAS\u201d PARA SARNEY FILHO E FAM\u00cdLIA, PARA O RESTO DE SUAS VIDAS, AO TEMPO QUE REMETER\u00c1 PARA O PRESENTE E O FUTURO DO P-SOL AS CONSEQU\u00caNCIAS DESSA COLIGA\u00c7\u00c3O ESP\u00daRIA;<\/p>\n<p>2. DE FUNCIONAR COMO ELEMENTO PROFUNDAMENTE DESAGREGADOR DOS SOCIALISTAS PRESENTES HOJE NO P-SOL E SIMPATIZANTES DA NOSSA SIGLA.<\/p>\n<p>3. DE A MESMA PREJUDICAR PARA SEMPRE A IMAGEM P\u00daBLICA DO P-SOL.<\/p>\n<p>* APOIAR UMA CANDIDATURA PR\u00d3PRIA DO P-SOL EM RAZ\u00c3O DE A MESMA SER A \u00daNICA MANEIRA POSS\u00cdVEL DE ESTABELECER UM EMBATE CONSEQU\u00caNTE DE PROJETO PARA O BRASIL.<\/p>\n<p>            Teresina, 21 de novembro de 2009<\/p>\n<p>            Jos\u00e9  Alexis Bezerra Leite \u2013 Presidente<\/p>\n<p>            Iracema dos Santos Silva &#8211; Tesoureira<\/p>\n<p>            Jos\u00e9  Ramualdo Lopes de Sousa \u2013 Secret\u00e1rio Geral<\/p>\n<p>            Francisco Jos\u00e9 da Silva 1\u00ba Tesoureiro<\/p>\n<p>            Jo\u00e3o Pereira da Silva J\u00fani\u00f3r 1\u00ba Secret\u00e1rio<\/p>\n<p>            Maria Madalena Nunes &#8211; 3\u00ba Vice-Presidente<\/p>\n<p>            Cleide N\u00e1lia De Sousa Lopes \u2013 Membro do Diret\u00f3rio <\/p>\n<p>            OUTROS PRESENTES<\/p>\n<p>            Maklandel Aquino \u2013 Presid. Exec. Municipal de Teresina<\/p>\n<p>            Alberto Luiz Freitas Mon\u00e7\u00e3o Secr. Exec. Municipal de Teresina <\/p>\n<p>            Am\u00e9lia Nunes \u2013 Associada<\/p>\n<p>            Ana Cristina da S. Veras \u2013 Associada<\/p>\n<p>            Aldir Nunes \u2013 Associado <\/p>\n<p>            DIRETORIOS E COMISSOES PROVISORIAS MUNICIPAIS   DO PIAU\u00cd <\/p>\n<p>            BOM JESUS, BENEDITINOS, BATALHA,  SIMPLICIO MENDES, ESPERANTINA, BURITI DOS LOPES, ILHA GRANDE, ALTOS, GERMINIANO, ST\u00ba  ANT\u00d4NIO DE LISBOA, COLONIA DO GURGUEIA<\/p>\n","protected":false},"excerpt":{"rendered":"<p>Candidatura pr\u00f3pria | Resolu\u00e7\u00e3o do diret\u00f3rio e executiva SOBRE CONJUNTURA NACIONAL E ELEI\u00c7\u00d5ES 2010 Ap\u00f3s debates sobre os efeitos das resolu\u00e7\u00f5es nacionais, os di\u00e1logos com a candidatura de Marina e as posi\u00e7\u00f5es das correntes internas do PSOL, o papel do PSOL na atual conjuntura e<\/p>\n","protected":false},"author":1,"featured_media":0,"comment_status":"closed","ping_status":"open","sticky":false,"template":"","format":"standard","meta":{"footnotes":""},"categories":[2],"tags":[],"class_list":["post-711","post","type-post","status-publish","format-standard","hentry","category-arquivo"],"_links":{"self":[{"href":"https:\/\/www.cstuit.com\/home\/wp-json\/wp\/v2\/posts\/711","targetHints":{"allow":["GET"]}}],"collection":[{"href":"https:\/\/www.cstuit.com\/home\/wp-json\/wp\/v2\/posts"}],"about":[{"href":"https:\/\/www.cstuit.com\/home\/wp-json\/wp\/v2\/types\/post"}],"author":[{"embeddable":true,"href":"https:\/\/www.cstuit.com\/home\/wp-json\/wp\/v2\/users\/1"}],"replies":[{"embeddable":true,"href":"https:\/\/www.cstuit.com\/home\/wp-json\/wp\/v2\/comments?post=711"}],"version-history":[{"count":0,"href":"https:\/\/www.cstuit.com\/home\/wp-json\/wp\/v2\/posts\/711\/revisions"}],"wp:attachment":[{"href":"https:\/\/www.cstuit.com\/home\/wp-json\/wp\/v2\/media?parent=711"}],"wp:term":[{"taxonomy":"category","embeddable":true,"href":"https:\/\/www.cstuit.com\/home\/wp-json\/wp\/v2\/categories?post=711"},{"taxonomy":"post_tag","embeddable":true,"href":"https:\/\/www.cstuit.com\/home\/wp-json\/wp\/v2\/tags?post=711"}],"curies":[{"name":"wp","href":"https:\/\/api.w.org\/{rel}","templated":true}]}}