

	{"id":712,"date":"2010-01-18T15:40:00","date_gmt":"2010-01-18T15:40:00","guid":{"rendered":"https:\/\/www.cstuit.com\/home\/index.php\/2010\/01\/18\/arquivoid-9747\/"},"modified":"2010-01-18T15:40:00","modified_gmt":"2010-01-18T15:40:00","slug":"arquivoid-9747","status":"publish","type":"post","link":"https:\/\/www.cstuit.com\/home\/2010\/01\/18\/arquivoid-9747\/","title":{"rendered":"\u00c9 PSOL de cara pr\u00f3pria, Bab\u00e1 pr\u00e9 candidato"},"content":{"rendered":"<p>Pr\u00e9 candidatura 2010 &#8211; PSOL | CST<\/p>\n<p><i>\u201cNossa base program\u00e1tica n\u00e3o pode deixar de se pautar num princ\u00edpio: o resgate da independ\u00eancia pol\u00edtica dos trabalhadores e exclu\u00eddos. N\u00e3o estamos formando um novo partido para estimular a concilia\u00e7\u00e3o de classes. Nossas alian\u00e7as para construir um projeto alternativo t\u00eam que ser as que busquem soldar a unidade entre todos os setores do povo trabalhador&#8230;\u201d (Parte I &#8211; Bases do programa estrat\u00e9gico do PSOL)<\/i><\/p>\n<p>  Em defesa do PSOL, das lutas e da independ\u00eancia pol\u00edtica dos trabalhadores e do povo, lan\u00e7amos a pr\u00e9-candidatura de Bab\u00e1 \u00e0 Presid\u00eancia da Rep\u00fablica. Nosso objetivo \u00e9 contribuir, com mais for\u00e7a, junto \u00e0s diferentes vozes que, desde o in\u00edcio, defendem a apresenta\u00e7\u00e3o de uma candidatura do PSOL para as elei\u00e7\u00f5es de 2010, contra a proposta de coliga\u00e7\u00e3o com o PV. Acreditamos que o PSOL \u00e9 o partido com capacidade de levar uma verdadeira alternativa de esquerda e delinear um projeto de poder frente \u00e0 falsa polariza\u00e7\u00e3o dos irm\u00e3os siameses, PT e PSDB, e da candidatura eco-capitalista do PV.<\/p>\n<p>A unidade de a\u00e7\u00e3o pela candidatura pr\u00f3pria, bandeira que une diversos dirigentes e militantes psolistas, ser\u00e1 fundamental nos pr\u00f3ximos meses, para obtermos uma vit\u00f3ria na Confer\u00eancia Eleitoral. E MAIS AINDA, O PSOL deve apresentar uma alternativa clara, um programa anticapitalista, que enfrente \u00e0 crise social, unifique as lutas do povo e enfrente a Lula e seus aliados. Nossa pr\u00e9-candidatura est\u00e1 a servi\u00e7o desses objetivos.<\/p>\n<p><b>  No Brasil de Lula se agrava a crise social<\/b><\/p>\n<p>  O PSOL n\u00e3o pode cair na armadilha de acreditar no Brasil de fantasia que pinta o governo e que elogia toda a grande imprensa imperialista, que converteu Lula no seu \u201cqueridinho\u201d agradecendo pelos servi\u00e7os prestados. Com certeza, o Brasil que tanto elogiam banqueiros e empres\u00e1rios, n\u00e3o \u00e9 o Brasil dos trabalhadores e do povo. O \u00cdndice de Desenvolvimento Humano, que mede a qualidade de vida da popula\u00e7\u00e3o, denuncia que o pa\u00eds caiu cinco posi\u00e7\u00f5es, ficando no 75\u00ba lugar, atr\u00e1s do Chile, da Argentina, de Cuba e da Venezuela. A omiss\u00e3o do Estado, dedicado a atender o grande capital, d\u00e1 lugar a profundas crises sociais. No Brasil de Lula a corrup\u00e7\u00e3o rola solta sem nenhuma puni\u00e7\u00e3o, enquanto a viol\u00eancia urbana derruba helic\u00f3pteros da PM, explode carros fortes, e mata mais inocentes que qualquer guerra convencional, enquanto incorpora no submundo da droga, aos milhares, uma juventude sem perspectiva. No Brasil de Lula, os trabalhadores continuam com sal\u00e1rios arrochados, a educa\u00e7\u00e3o continua de p\u00e9ssima qualidade sem os investimentos necess\u00e1rios, e os pobres morrem nas filas dos hospitais sucateados. No Brasil tropical de Lula, as chuvas e as enchentes derrubam morros e soterram moradores, enquanto as verbas para preven\u00e7\u00e3o de cat\u00e1strofes ficam sem aparecer.<\/p>\n<p>Frente a esta crise, o PSOL tem a obriga\u00e7\u00e3o de apresentar sua alternativa. Em primeiro lugar, apoiando e unificando as lutas existentes, como a dos bravos professores e brigadianos ga\u00fachos que derrotaram a pol\u00edtica da tucana Yeda. Como a dos jovens de Bras\u00edlia contra Arruda; como as numerosas greves dos trabalhadores nas suas campanhas salariais que conquistaram em muitos casos aumentos acima da infla\u00e7\u00e3o. Combatendo a criminaliza\u00e7\u00e3o das lutas, como acontece no campo e na cidade; ajudando a organizar uma nova dire\u00e7\u00e3o que derrote e supere a dire\u00e7\u00e3o pelega da CUT, que virou agente do governo. E junto com isto, apresentar uma alternativa eleitoral, que denuncie a falsa polariza\u00e7\u00e3o entre PT\/PSDB e partidos sat\u00e9lites, desmascare e denuncie a candidatura de Marina Silva como roda auxiliar do governo.<\/p>\n<p>Temos que apresentar nossas propostas para que os ricos paguem pela crise, apresentando medidas concretas para aumentar os sal\u00e1rios, impulsionar educa\u00e7\u00e3o e sa\u00fade p\u00fablica e digna para o povo; que combata a viol\u00eancia com investimentos sociais e n\u00e3o com a morte e a pris\u00e3o de milhares de jovens como acontece hoje. Que realize a auditoria da d\u00edvida e suspenda o pagamento dos juros e a amortiza\u00e7\u00e3o da d\u00edvida p\u00fablica, para poder investir em projetos sociais, obras p\u00fablicas, reforma agr\u00e1ria e preserva\u00e7\u00e3o do meio ambiente. O resgate do programa de funda\u00e7\u00e3o \u00e9 importante. Igualmente, a necessidade de um plano econ\u00f4mico alternativo de ruptura com a domina\u00e7\u00e3o imperialista, que re-estatize as empresas privatizadas. Temos que apresentar uma candidatura que durante a campanha chame o povo brasileiro a se organizar para lutar pelos seus direitos.<\/p>\n<p> <b> Marina Silva do PV: n\u00e3o passar\u00e1!<\/b><\/p>\n<p>O PSOL est\u00e1 inserido num profundo debate. H\u00e1 v\u00e1rios meses, Heloisa Helena e a dire\u00e7\u00e3o majorit\u00e1ria composta pelo MES, MTL e APS, defendem um acordo com Marina Silva e com o PV.<\/p>\n<p>Esse movimento da c\u00fapula partid\u00e1ria em dire\u00e7\u00e3o ao PV de Zequinha Sarney, n\u00e3o possui o mesmo apoio nas fileiras do partido. Resistindo a esse processo, in\u00fameros dirigentes nacionais e estaduais declaram sua oposi\u00e7\u00e3o. Trata-se de um processo que perpassa as mais variadas tend\u00eancias e blocos do partido. Na pr\u00e1tica, a realidade est\u00e1 construindo um campo pol\u00edtico amplo em defesa da candidatura pr\u00f3pria do PSOL.<\/p>\n<p>Somos parte dos militantes que, em todo o pa\u00eds, se op\u00f5em a alian\u00e7a com Marina. Estamos ao lado de Pl\u00ednio de Arruda, que tamb\u00e9m \u00e9 pr\u00e9-candidato. Estamos ao lado dos companheiros do ENLACE que lan\u00e7aram resolu\u00e7\u00e3o em defesa da candidatura pr\u00f3pria; junto com os militantes da APS e do MTL que se manifestaram no mesmo sentido no \u00faltimo Diret\u00f3rio Nacional. Concordamos com os argumentos de Milton Temer, Carlos Nelson Coutinho e Chico de Oliveira.<\/p>\n<p>Compartilhamos a opini\u00e3o do companheiro Osmarino Am\u00e2ncio, do Acre, de Jo\u00e3o Batista e Amarilda, condenados pela justi\u00e7a por lutarem em defesa da reforma agr\u00e1ria; do vereador de Viam\u00e3o\/RS, Romer Guex, e do deputado estadual paulista, Raul Marcelo.<\/p>\n<p>Somamo-nos ao manifesto dos intelectuais do partido e \u00e0 resolu\u00e7\u00e3o da Secretaria Sindical do PSOL.  Reivindicamos as resolu\u00e7\u00f5es por candidatura pr\u00f3pria dos diret\u00f3rios estaduais do CE, BA, SE, MA, PI, PB e ES e de v\u00e1rios diret\u00f3rios municipais, como o de S\u00e3o Bernardo do Campo &#8211; SP, Maric\u00e1\/RJ e Niter\u00f3i-RJ, al\u00e9m do manifesto de militantes do RS intitulado \u201cO PSOL n\u00e3o pode abrir m\u00e3o de sua raz\u00e3o de ser\u201d. Parabenizamos correntes como o Enlace, CSOL\/Debate Socialista, BRS, TLS com os quais, nossa corrente, juntamente votou, de forma unificada, uma resolu\u00e7\u00e3o defendendo que nosso partido lance candidatura pr\u00f3pria \u00e0 presid\u00eancia do pa\u00eds, na \u00faltima reuni\u00e3o do DN.<\/p>\n<p>A resposta do PV \u00e0 proposta de constru\u00e7\u00e3o de alian\u00e7a votada pela maioria da dire\u00e7\u00e3o do PSOL indica o que todos j\u00e1 sabiam: pelo debate program\u00e1tico \u00e9 imposs\u00edvel uma alian\u00e7a com o PV, j\u00e1 que, em S\u00e3o Paulo faz parte do secretariado de Serra e de Kassab, como faz parte do minist\u00e9rio de Lula. Uma alian\u00e7a desse tipo s\u00f3 se justifica por meio do que Chico de Oliveira qualificou como: \u201coportunismo e falta de vis\u00e3o estrat\u00e9gica\u201d.<\/p>\n<p>O PV n\u00e3o se pronunciou sobre a ampla maioria dos pontos apresentada pelo PSOL. E tudo piora quando resolvem dizer algo sobre temas da plataforma. Reivindica um programa \u201ccapaz de dar o passo seguinte das pol\u00edticas sociais dos \u00faltimos governos\u201d. (Resposta da Conven\u00e7\u00e3o do PV, \u00e0 Resolu\u00e7\u00e3o do PSOL. SP, 19\/12\/09). Criminaliza os movimentos sociais ao afirmar \u201co limite para atua\u00e7\u00e3o dos movimentos sociais \u00e9 o estado democr\u00e1tico de direito\u201d. No plano latino-americano, s\u00e3o evasivos e nada disseram concretamente sobre as tropas brasileiras no Haiti.<\/p>\n<p>Por\u00e9m, mesmo assim, Luciana Genro afirmou: \u201ca resposta me parece positiva, pois demonstra um genu\u00edno interesse em seguir dialogando\u201d. (Blog da Luciana Genro 22\/12\/2009).<\/p>\n<p>\u00c9 necess\u00e1rio dar um corpo nacional unificado ao movimento pela candidatura pr\u00f3pria para recha\u00e7ar qualquer possibilidade, ainda restante, de acordo com Marina.<\/p>\n<p>Neste momento, o partido acaba de receber o documento assinado por Luciana, Robaina e Martiniano, onde declaram remotas as possibilidades de apoio \u00e0 Marina. Justificam sua posi\u00e7\u00e3o devido \u00e0 probabilidade de que Gabeira seja candidato a governador do RJ  com apoio do PSDB e do DEM, respaldado por Marina. No mesmo sentido \u00e9 o texto assinado pelos dirigentes da APS que comp\u00f5em a Executiva Nacional.<\/p>\n<p>Os companheiros que fazem essas declara\u00e7\u00f5es s\u00e3o os mesmos que, durante meses, levaram nosso partido \u00e0 falta de iniciativa nacional e \u00e0 paralisia frente \u00e0 sua proposta de negocia\u00e7\u00f5es com o PV. N\u00e3o faltaram vozes de alerta. Todos j\u00e1 sabiam o que era o PV e qual o car\u00e1ter de classe da candidatura Marina Silva. Todos conheciam suas declara\u00e7\u00f5es de apoio aos tucanos e petistas. Todos conheciam suas rela\u00e7\u00f5es com o PT do Acre, de Ti\u00e3o Viana. \u00c9 p\u00fablico o hist\u00f3rico de alian\u00e7a entre Gabeira e os tucanos cariocas. Do mesmo modo, \u00e9 p\u00fablica a participa\u00e7\u00e3o do PV no governo \u201cDemocrata\u201d e no de Jos\u00e9 Serra, em S\u00e3o Paulo.<\/p>\n<p>Na verdade o PV e o PSOL s\u00e3o como \u00e1gua e azeite. Mais uma vez, se comprovou que a nova estrat\u00e9gia em curso no partido, aplicada pelo setor que defendeu Marina, n\u00e3o serve. J\u00e1 em 2009, o M\u00caS, o MTL e HH haviam tentado levar o partido a uma ilus\u00e3o. Alimentaram na milit\u00e2ncia a id\u00e9ia que Prot\u00f3genes se filiaria ao PSOL. Emprestaram o prest\u00edgio do partido, para que o ex-delegado terminasse filiado ao PCdoB, base org\u00e2nica do governo Lula. O que n\u00e3o dizem os companheiros \u00e9 que o que explica a derrota da proposta de alian\u00e7a com o PV em 2010 \u00e9 a rebeli\u00e3o de militantes de base, diret\u00f3rios regionais e tend\u00eancias internas contra o apoio \u00e0 Marina. A resist\u00eancia militante. Um processo nacionalizado, pois em todo o pa\u00eds houve algum tipo de mobiliza\u00e7\u00e3o demonstrando seu rep\u00fadio. Se essa mobiliza\u00e7\u00e3o n\u00e3o existisse, pouco importaria as alian\u00e7as do PV, j\u00e1 que j\u00e1 eram conhecidas quando a Executiva Nacional deliberou tal orienta\u00e7\u00e3o. A derrota da alian\u00e7a \u00e9 da for\u00e7a militante do partido, aos que se colocaram desde sempre nessa trincheira.<\/p>\n<p>  Agora, os companheiros querem \u201cpropor\u201d, em nome da \u201cunidade partid\u00e1ria\u201d, um candidato do PSOL que defendeu a alian\u00e7a pr\u00f3-Marina. Dizemos, N\u00e3o! \u00c9 preciso reverter definitivamente o curso do \u00faltimo per\u00edodo. Apresentar um candidato dentre o que estiveram frontalmente contra a coliga\u00e7\u00e3o com o PV.<\/p>\n<p><b>Em defesa das bases fundacionais do PSOL.<\/b><\/p>\n<p>  O debate em curso no PSOL n\u00e3o \u00e9 t\u00e1tico. \u00c9 estrat\u00e9gico para a esquerda brasileira. N\u00e3o \u00e9 apenas um debate eleitoral. Os que defendem a dilui\u00e7\u00e3o do PSOL na campanha do PV em 2010 acabam abrindo m\u00e3o da cl\u00e1usula p\u00e9trea do PSOL: o papel de oposi\u00e7\u00e3o de esquerda ao governo Lula e ao Bloco PSDB e DEM. Esse debate j\u00e1 esteve presente em outros momentos e com outros significados.  Por esse motivo criticamos os dirigentes psolistas que votaram em Lula no segundo turno de 2006 e nos candidatos a governador do PT.<\/p>\n<p>Nesse ponto, Marina, desde a \u00e9poca do PT, defendia junto com Jorge Viana, um acordo eleitoral com o PSDB. Por isso Marina filiou-se ao PV, e defende como progressiva a pol\u00edtica econ\u00f4mica neoliberal aplicada por FHC, \u00e0 qual Lula deu continuidade. Marina deixou o Minist\u00e9rio do Meio Ambiente, mas n\u00e3o rompeu com o governo. Foram nos sete anos de Marina \u00e0 frente da pasta do Meio Ambiente que se convalidaram os transg\u00eanicos. Que se implantou o Projeto de Gest\u00e3o de Florestas P\u00fablicas, o qual concede por 40 anos a concess\u00e3o, \u00e0s multinacionais e ao agroneg\u00f3cio, para a explora\u00e7\u00e3o de enormes \u00e1reas da Floresta Amaz\u00f4nica. Foi com Marina que se dividiu o IBAMA, enfraquecendo o principal \u00f3rg\u00e3o de fiscaliza\u00e7\u00e3o, beneficiando \u00e0s multinacionais e ao agroneg\u00f3cio, aprofundando a destrui\u00e7\u00e3o de nossas florestas e rios. Em rela\u00e7\u00e3o \u00e0 Belo Monte, declarou que defende a utiliza\u00e7\u00e3o do potencial energ\u00e9tico do Rio Xingu, se somando ao governo Lula na constru\u00e7\u00e3o da Usina.<\/p>\n<p>Marina Silva e o PV n\u00e3o expressam os anseios de mudan\u00e7a do nosso povo e nem defendem medidas que possam resolver a grave crise social no pa\u00eds. Ao contr\u00e1rio, s\u00e3o financiados por grandes empres\u00e1rios, a exemplo da Natura e da multinacional Pirelli. O PV foi um dos \u00faltimos a sair do governo corrupto de Arruda.<\/p>\n<p>O bal\u00e3o de ensaio para essa pol\u00edtica j\u00e1 havia sido a campanha de Luciana Genro para a Prefeitura de Porto Alegre, em 2008. Que levou o PSOL a uma alian\u00e7a com o PV e ao financiamento pela Gerdau, Taurus e outras empresas. E ainda teve como cabo eleitoral o Ministro da (in)Justi\u00e7a do governo Lula, Tarso Genro. Outra experi\u00eancia negativa foi a alian\u00e7a e a entrega da cabe\u00e7a de chapa para o PSB, da fam\u00edlia Capiberibe, no Amap\u00e1. Esses s\u00e3o exemplos do que n\u00e3o devemos fazer nas elei\u00e7\u00f5es de 2010.<\/p>\n<p>Ao se consolidar um apoio nacional \u00e0 Marina Silva, o PSOL estaria completando uma muta\u00e7\u00e3o em dire\u00e7\u00e3o a um projeto que n\u00e3o \u00e9 o de sua funda\u00e7\u00e3o. N\u00e3o constru\u00edmos um novo partido para entreg\u00e1-lo ao PV e v\u00ea-lo cair na velha pol\u00edtica do vale tudo eleitoral. N\u00e3o aceitamos a destrui\u00e7\u00e3o do projeto do PSOL.<\/p>\n<p><b>H\u00e1 espa\u00e7o para ser disputado em 2010<\/b><\/p>\n<p>  A insatisfa\u00e7\u00e3o social, o rep\u00fadio \u00e0 corrup\u00e7\u00e3o e aos corruptos Arruda, Collor e Sarney; a resist\u00eancia dos trabalhadores, que fazem greve por sal\u00e1rio e pelo direito a lutar sem serem reprimidos; a resist\u00eancia das comunidades contra a viol\u00eancia policial; as ocupa\u00e7\u00f5es do MST; todos estes movimentos e insatisfa\u00e7\u00f5es n\u00e3o t\u00eam, ainda, uma express\u00e3o pol\u00edtica unificada, mas este \u00e9 o espa\u00e7o para o desenvolvimento da campanha da candidatura do PSOL.<\/p>\n<p>            Discordamos profundamente dos que justificam o apoio \u00e0 Marina pelas dificuldades da conjuntura, tema presente, sobretudo, nos textos dos dirigentes do MES. Trata-se de uma novidade para a esquerda. Quando fundamos o PSOL em 2004, a conjuntura n\u00e3o era a melhor. A greve da previd\u00eancia tinha sido derrotada em 2003. Os metal\u00fargicos e demais categorias n\u00e3o se somaram \u00e0 resist\u00eancia. Lula tamb\u00e9m tinha enorme simpatia e havia expectativa de profundas mudan\u00e7as no movimento de massas. Nem mesmo a oposi\u00e7\u00e3o de direita ousava question\u00e1-lo, como faz agora por meio de um jogo de cena. Apenas Heloisa Helena, Bab\u00e1, Luciana Genro e Jo\u00e3o Fontes o criticavam duramente na imprensa. No movimento social, era amplamente majorit\u00e1ria a posi\u00e7\u00e3o do \u201cgoverno em disputa\u201d. Foram tempos dif\u00edceis, mas a milit\u00e2ncia arrega\u00e7ou as mangas e coletou mais de 500 mil assinaturas de apoio \u00e0 funda\u00e7\u00e3o do PSOL. E o per\u00edodo era 2004 e 2005, quando a economia mundial e do pa\u00eds estavam num cen\u00e1rio de crescimento. Era comum ouvirmos a express\u00e3o \u201ctravessia no deserto\u201d. Mas foi poss\u00edvel. E s\u00f3 o foi porque havia um espa\u00e7o para esquerda, que foi ocupado com ousadia.<\/p>\n<p>Felizmente o PSOL se fortaleceu com a entrada de novos parlamentares e figuras p\u00fablicas, grupos e militantes. Disputamos 2006, tamb\u00e9m com dificuldades, mas fomos uma for\u00e7a pol\u00edtica real no cen\u00e1rio nacional.<\/p>\n<p>Hoje, tamb\u00e9m h\u00e1 um espa\u00e7o para ser disputado. A op\u00e7\u00e3o de Heloisa Helena de n\u00e3o concorrer \u00e9 ruim para nosso projeto, pois diminui esse espa\u00e7o. Mas, assim mesmo, \u00e9 preciso disput\u00e1-lo, com for\u00e7a. Com cara pr\u00f3pria.<\/p>\n<p><b>BAB\u00c1 PRESIDENTE COM O PROGRAMA DO PSOL E DA FRENTE DE ESQUERDA<\/b><\/p>\n<p>Bab\u00e1 \u00e9 fundador do PSOL. Com Heloisa e Luciana foi parte dos radicais, que simbolizaram a indigna\u00e7\u00e3o coletiva dos servidores p\u00fablicos no inicio da ruptura pol\u00edtica com o governo Lula.  Nos f\u00f3runs de luta contra a Reforma da Previd\u00eancia, nos protestos de diversas categorias, Bab\u00e1 esteve presente como parte dos que enfrentavam o governo Lula na constru\u00e7\u00e3o de uma nova dire\u00e7\u00e3o para a classe trabalhadora.<\/p>\n<p>Seu mandato como deputado federal esteve integralmente dedicado a esse objetivo. Ao mesmo tempo contribu\u00eda, em v\u00e1rios estados, para legaliza\u00e7\u00e3o do PSOL, num momento em que ainda n\u00e3o cont\u00e1vamos com representa\u00e7\u00e3o parlamentar no Rio de Janeiro e em S\u00e3o Paulo.<\/p>\n<p>Bab\u00e1 \u00e9 um militante internacionalista. Como tal, esteve na Venezuela em 2002 e 2003, combatendo o golpe imperialista e o lockout petroleiro, e para apoiar as lutas da classe trabalhadora e dos setores classistas, contra a criminaliza\u00e7\u00e3o das lutas sociais e sindicais. Participou em Cuba do encontro contra o pagamento da d\u00edvida externa e, na Argentina, acompanhando as mobiliza\u00e7\u00f5es do \u201cArgentinazo\u201d. Seus diferentes mandatos como vereador, deputado estadual e federal estiveram sempre colados nas lutas do povo, como foi o caso da ocupa\u00e7\u00e3o que liderou acampado junto com os moradores, no que depois se converteu no Bairro Che Guevara, em Bel\u00e9m, no ano de 1997. J\u00e1 no Congresso do PSOL de 2007 ajudou na constru\u00e7\u00e3o do Bloco de Esquerda se apresentando em Chapa junto com Pl\u00ednio de Arruda Sampaio e numerosos lutadores, dirigentes e militantes socialistas.<\/p>\n<p>No interior do PSOL, nossa pr\u00e9-candidatura defende o projeto e programa do PSOL com os objetivos que nos demos na sua funda\u00e7\u00e3o: manter uma oposi\u00e7\u00e3o implac\u00e1vel e de esquerda ao governo Lula e \u00e0 falsa oposi\u00e7\u00e3o de direita. Por esse motivo, protestamos e n\u00e3o queremos acordos com Marina e com o PV. N\u00e3o queremos o sujo dinheiro das multinacionais. GERDAU NUNCA MAIS! N\u00e3o aceitamos que os patr\u00f5es financiem nossas campanhas eleitorais. Defendemos o financiamento p\u00fablico e exclusivo das campanhas eleitorais.<\/p>\n<p>Somos, ainda, parte da luta contras as burocracias sindicais, defendendo a democracia nos sindicatos e nos movimentos sociais e a autonomia e independ\u00eancia frente ao Estado, governo e patr\u00f5es. Bandeiras como confisco dos bens e pris\u00e3o dos corruptos, a revoga\u00e7\u00e3o dos mandatos e o fim do Senado, s\u00e3o importantes para respondermos \u00e0 podrid\u00e3o do regime da falsa democracia dos ricos. Agregamos a este, a formula\u00e7\u00e3o do Manifesto da Frente de Esquerda, que selou a alian\u00e7a do PSOL\/PCB\/PSTU ao redor da campanha de Heloisa Helena em 2006, e defendemos que essa Frente classista seja mantida nas elei\u00e7\u00f5es de 2010.<\/p>\n<p>Reivindicamos tamb\u00e9m todos os pontos levantados na \u00faltima reuni\u00e3o do Diret\u00f3rio Nacional do PSOL como parte de uma campanha pr\u00f3pria do PSOL nas elei\u00e7\u00f5es de 2010.<\/p>\n<p>Colocamos nossa pr\u00e9-candidatura a servi\u00e7o de construir a mais ampla unidade de a\u00e7\u00e3o pela candidatura pr\u00f3pria no PSOL. Desde j\u00e1, apresentamos a id\u00e9ia de construir, de forma unificada, com todos os que estiverem dispostos, um amplo Ato Nacional Unit\u00e1rio pela candidatura pr\u00f3pria, durante o F\u00f3rum Social Mundial. Ao mesmo tempo desejamos debater coletivamente, entre os que defendemos a candidatura pr\u00f3pria, os passos que precisamos dar at\u00e9 a Confer\u00eancia Eleitoral.<\/p>\n<p><b>Marina Silva n\u00e3o passar\u00e1!  <\/b><\/p>\n<p> CORRENTE SOCIALISTA DOS TRABALHADORES &#8211; Janeiro de 2010.<\/p>\n","protected":false},"excerpt":{"rendered":"<p>Pr\u00e9 candidatura 2010 &#8211; PSOL | CST \u201cNossa base program\u00e1tica n\u00e3o pode deixar de se pautar num princ\u00edpio: o resgate da independ\u00eancia pol\u00edtica dos trabalhadores e exclu\u00eddos. N\u00e3o estamos formando um novo partido para estimular a concilia\u00e7\u00e3o de classes. Nossas alian\u00e7as para construir um projeto<\/p>\n","protected":false},"author":1,"featured_media":0,"comment_status":"closed","ping_status":"open","sticky":false,"template":"","format":"standard","meta":{"footnotes":""},"categories":[2],"tags":[],"class_list":["post-712","post","type-post","status-publish","format-standard","hentry","category-arquivo"],"_links":{"self":[{"href":"https:\/\/www.cstuit.com\/home\/wp-json\/wp\/v2\/posts\/712","targetHints":{"allow":["GET"]}}],"collection":[{"href":"https:\/\/www.cstuit.com\/home\/wp-json\/wp\/v2\/posts"}],"about":[{"href":"https:\/\/www.cstuit.com\/home\/wp-json\/wp\/v2\/types\/post"}],"author":[{"embeddable":true,"href":"https:\/\/www.cstuit.com\/home\/wp-json\/wp\/v2\/users\/1"}],"replies":[{"embeddable":true,"href":"https:\/\/www.cstuit.com\/home\/wp-json\/wp\/v2\/comments?post=712"}],"version-history":[{"count":0,"href":"https:\/\/www.cstuit.com\/home\/wp-json\/wp\/v2\/posts\/712\/revisions"}],"wp:attachment":[{"href":"https:\/\/www.cstuit.com\/home\/wp-json\/wp\/v2\/media?parent=712"}],"wp:term":[{"taxonomy":"category","embeddable":true,"href":"https:\/\/www.cstuit.com\/home\/wp-json\/wp\/v2\/categories?post=712"},{"taxonomy":"post_tag","embeddable":true,"href":"https:\/\/www.cstuit.com\/home\/wp-json\/wp\/v2\/tags?post=712"}],"curies":[{"name":"wp","href":"https:\/\/api.w.org\/{rel}","templated":true}]}}