

	{"id":7262,"date":"2020-08-12T07:47:18","date_gmt":"2020-08-12T07:47:18","guid":{"rendered":"https:\/\/www.cstuit.com\/home\/?p=7262"},"modified":"2020-08-12T07:47:18","modified_gmt":"2020-08-12T07:47:18","slug":"panamenhos-protestam-contra-falta-de-beneficios-insumos-de-saude-e-mudancas-no-codigo-trabalhista","status":"publish","type":"post","link":"https:\/\/www.cstuit.com\/home\/2020\/08\/12\/panamenhos-protestam-contra-falta-de-beneficios-insumos-de-saude-e-mudancas-no-codigo-trabalhista\/","title":{"rendered":"Panamenhos protestam contra falta de benef\u00edcios, insumos de sa\u00fade e mudan\u00e7as no C\u00f3digo Trabalhista"},"content":{"rendered":"<p>Dia de protestos em v\u00e1rios setores do pa\u00eds. Centenas de cidad\u00e3os sa\u00edram diante da agoniante situa\u00e7\u00e3o econ\u00f4mica e social devido \u00e0 pandemia, exigindo medidas urgentes das autoridades diante da crise.<\/p>\n<p style=\"text-align: right;\"><strong>Por Mileika Lasso, para o portal La Estrella de Panam\u00e1. 21\/07\/2020<\/strong><\/p>\n<hr \/>\n<p>Esta manh\u00e3 de ter\u00e7a-feira estava cheia de protestos em v\u00e1rias partes do pa\u00eds, todos relacionados aos efeitos da Covid-19 no Panam\u00e1. Com demandas diferentes, os manifestantes coincidiram em exigir a\u00e7\u00f5es concretas do governo diante da crise econ\u00f4mica e de sa\u00fade do pa\u00eds.<\/p>\n<p>Um grupo de moradores de Kuna Nega, munic\u00edpio de Anc\u00f3n, bem como de recicladores de Cerro Patac\u00f3n, fecharam a estrada Panam\u00e1-Col\u00f3n como uma medida de press\u00e3o para exigir que as autoridades entregassem sacolas de alimentos e o benef\u00edcio de $ 100 do Plano Panam\u00e1 Solid\u00e1rio.<\/p>\n<p>&#8220;O teste \u00e9 feito para todos, para quem vai \u00e0 sala de cirurgia, parto ou exame. \u00c9 um teste r\u00e1pido que acabou&#8221; Fabiola C\u00e1rdenas, m\u00e9dica do Hospital Integral San Miguel Arc\u00e1ngel.<\/p>\n<p>Do mesmo modo, houve protestos no setor de Panam\u00e1 Norte e Chilibre, que denunciaram que esperaram quase 36 dias sem o benef\u00edcio de $ 100 balboas, que inicialmente era de $ 80, isto para pagar a cesta b\u00e1sica da fam\u00edlia que excede $ 300 balboas mensais.<\/p>\n<p><strong>Trabalhadores da sa\u00fade<\/strong><\/p>\n<p>Paralelamente, mas no distrito de San Miguelito, a equipe de sa\u00fade do Hospital Integral San Miguel Arc\u00e1ngel realizou seu sexto dia de protestos por falta de insumos, leitos para pacientes Covid-19 e pagamento de presta\u00e7\u00f5es pendentes que a entidade do Minist\u00e9rio da Sa\u00fade (MINSA) lhes deve.<\/p>\n<p>Fabiola C\u00e1rdenas, porta-voz do pessoal de sa\u00fade do HISMA disse ao La Estrella de Panam\u00e1 que depois de uma semana de protestos, muitos dos materiais de prote\u00e7\u00e3o, como jalecos, luvas ou botas, foram esgotados. At\u00e9 os testes r\u00e1pidos para Covid-19 est\u00e3o esgotados.<\/p>\n<p>C\u00e1rdenas explicou que esses testes r\u00e1pidos s\u00e3o zaragatoas que s\u00e3o realizadas em todos os pacientes e servem para determinar se est\u00e3o tratando ou n\u00e3o um paciente Covid-19. &#8220;O teste \u00e9 feito para todos, aqueles que est\u00e3o indo para a sala de cirurgia, parto ou exame. \u00c9 um teste r\u00e1pido que est\u00e1 esgotado e em 45 minutos nos permite saber se o paciente tem o v\u00edrus ou n\u00e3o. Em teoria, estamos esperando por ele&#8221;, afirmou.<\/p>\n<p>&#8220;Exatamente uma semana se passou, hoje sa\u00edmos de novo e nada. Como hospital de Covid-19, n\u00e3o recebemos uma resposta oportuna, nem um telefonema das autoridades, e continuamos na mesmo, com a escassez de insumos necess\u00e1rios para atender e de camas para pacientes com Covid-19, que s\u00e3o reais, e n\u00e3o nos prometeram pagar pelos turnos e sal\u00e1rios atrasados \u200b\u200b&#8221;, afirmou.<\/p>\n<p>Outro grupo de trabalhadores da sa\u00fade que se pronunciou foram os membros da Associa\u00e7\u00e3o de Empregados do Fundo de Seguridade Social (AECSS), que protestaram, como nos \u00faltimos dias, perto do Complexo Hospitalar Dr. Arnulfo Arias Madrid, na Avenida Sim\u00f3n Bol\u00edvar (via Trans\u00edstmica).<\/p>\n<p>Os trabalhadores afirmam que n\u00e3o disp\u00f5em dos insumos de prote\u00e7\u00e3o \u00e0 sa\u00fade necess\u00e1rios para realizar seu trabalho, expondo-se em salas com pacientes positivos para Covid-19.<\/p>\n<p>Por seu parte, Priscilla V\u00e1squez, representante da AECSS, explicou para o jornal que entre as suas demandas est\u00e1 a reintegra\u00e7\u00e3o de pessoal que mant\u00e9m boas qualifica\u00e7\u00f5es, bem como a rastreabilidade dos contatos da equipe que trabalha em CSS, acompanhando seus contatos, porque s\u00e3o pessoas expostas \u00e0 Covid-19. Eles denunciam que n\u00e3o est\u00e3o realizando esses procedimentos.<\/p>\n<p>A AECSS pede tamb\u00e9m o fornecimento n\u00e3o apenas em quantidade, mas tamb\u00e9m em qualidade dos insumos e equipamentos de biosseguran\u00e7a necess\u00e1rios para que eles fa\u00e7am seu trabalho neste momento, especialmente em hospitais onde os pacientes com Covid-19 s\u00e3o atendidos.<\/p>\n<p><strong>Flexibiliza\u00e7\u00e3o trabalhista<\/strong><\/p>\n<p>Por sua parte, os sindicatos marcharam da Pra\u00e7a Porras para os pr\u00e9dios da Assembleia Nacional em rejei\u00e7\u00e3o \u00e0s modifica\u00e7\u00f5es do C\u00f3digo Trabalhista.<\/p>\n<p>O Sindicato \u00danico Nacional dos Trabalhadores da Ind\u00fastria da Constru\u00e7\u00e3o e Similares (Suntracs), a Frente Nacional de Defesa dos Direitos Econ\u00f4micos e Sociais (Frenadeso) e a Confedera\u00e7\u00e3o Nacional da Unidade Sindical Independente (Conusi), bem como grupos associados se manifestaram denunciando que a proposta do governo &#8220;pretende&#8221;, com as modifica\u00e7\u00f5es da norma trabalhista atual, &#8220;eliminar ou restringir direitos&#8221; aos trabalhadores para enfrentar a crise.<\/p>\n<p>Os sindicatos, que se op\u00f5em \u00e0 emenda ao C\u00f3digo Trabalhista, apelam para que essas medidas n\u00e3o sejam discutidas, e denunciam que favorecem apenas os grandes empres\u00e1rios, quando a situa\u00e7\u00e3o causada pelo novo coronav\u00edrus est\u00e1 atingindo com mais for\u00e7a os trabalhadores.<\/p>\n<p>A manifesta\u00e7\u00e3o, da qual participaram tamb\u00e9m trabalhadores do setor da avia\u00e7\u00e3o e coletivos de bairros, foi realizada de maneira pac\u00edfica e mantendo distanciamento f\u00edsico.<\/p>\n<p>&#8220;N\u00e3o \u00e9 poss\u00edvel que os trabalhadores sejam os \u00fanicos respons\u00e1veis \u200b\u200bpelo pagamento dessa crise. At\u00e9 agora, os decretos executivos permitiram a suspens\u00e3o de contrato, desrespeitando a licen\u00e7a-maternidade e mandatos sindicais, eles retomaram as atividades das empresas sem representantes sindicais ativos, tiveram jornadas reduzidas sem falar com o sindicato. Tudo isso foi permitido pelo executivo &#8220;, afirmou Carolina S\u00e1nchez, integrante da Uni\u00e3o Panamenha de Aviadores Comerciais (UNPAC).<\/p>\n<p>Entre as medidas propostas pelos trabalhadores est\u00e3o um maior investimento em sa\u00fade p\u00fablica, fiscaliza\u00e7\u00e3o de gastos na pandemia e um aumento de $ 500 d\u00f3lares em benef\u00edcios para as pessoas que perderam o emprego na crise.<\/p>\n","protected":false},"excerpt":{"rendered":"<p>Dia de protestos em v\u00e1rios setores do pa\u00eds. Centenas de cidad\u00e3os sa\u00edram diante da agoniante situa\u00e7\u00e3o econ\u00f4mica e social devido \u00e0 pandemia, exigindo medidas urgentes das autoridades diante da crise. Por Mileika Lasso, para o portal La Estrella de Panam\u00e1. 21\/07\/2020 Esta manh\u00e3 de ter\u00e7a-feira<\/p>\n","protected":false},"author":2,"featured_media":7263,"comment_status":"open","ping_status":"open","sticky":false,"template":"","format":"standard","meta":{"footnotes":""},"categories":[6],"tags":[1392,1393,929,1391,897],"class_list":["post-7262","post","type-post","status-publish","format-standard","has-post-thumbnail","hentry","category-internacional","tag-americacentral","tag-centroamerica","tag-panama","tag-panamenhos","tag-protestos"],"_links":{"self":[{"href":"https:\/\/www.cstuit.com\/home\/wp-json\/wp\/v2\/posts\/7262","targetHints":{"allow":["GET"]}}],"collection":[{"href":"https:\/\/www.cstuit.com\/home\/wp-json\/wp\/v2\/posts"}],"about":[{"href":"https:\/\/www.cstuit.com\/home\/wp-json\/wp\/v2\/types\/post"}],"author":[{"embeddable":true,"href":"https:\/\/www.cstuit.com\/home\/wp-json\/wp\/v2\/users\/2"}],"replies":[{"embeddable":true,"href":"https:\/\/www.cstuit.com\/home\/wp-json\/wp\/v2\/comments?post=7262"}],"version-history":[{"count":0,"href":"https:\/\/www.cstuit.com\/home\/wp-json\/wp\/v2\/posts\/7262\/revisions"}],"wp:featuredmedia":[{"embeddable":true,"href":"https:\/\/www.cstuit.com\/home\/wp-json\/wp\/v2\/media\/7263"}],"wp:attachment":[{"href":"https:\/\/www.cstuit.com\/home\/wp-json\/wp\/v2\/media?parent=7262"}],"wp:term":[{"taxonomy":"category","embeddable":true,"href":"https:\/\/www.cstuit.com\/home\/wp-json\/wp\/v2\/categories?post=7262"},{"taxonomy":"post_tag","embeddable":true,"href":"https:\/\/www.cstuit.com\/home\/wp-json\/wp\/v2\/tags?post=7262"}],"curies":[{"name":"wp","href":"https:\/\/api.w.org\/{rel}","templated":true}]}}