

	{"id":7265,"date":"2020-08-12T07:51:12","date_gmt":"2020-08-12T07:51:12","guid":{"rendered":"https:\/\/www.cstuit.com\/home\/?p=7265"},"modified":"2020-08-22T22:43:08","modified_gmt":"2020-08-22T22:43:08","slug":"estados-unidos-trump-militariza-portland-a-cidade-mais-importante-do-estado-do-oregon","status":"publish","type":"post","link":"https:\/\/www.cstuit.com\/home\/2020\/08\/12\/estados-unidos-trump-militariza-portland-a-cidade-mais-importante-do-estado-do-oregon\/","title":{"rendered":"Estados Unidos | Trump militariza Portland, a cidade mais importante do Estado do Oregon"},"content":{"rendered":"<p style=\"text-align: right;\"><strong>Por Eduardo Ruarte<\/strong><br \/>\n<strong>Tradu\u00e7\u00e3o Lucas Schlabendorff<\/strong><\/p>\n<hr \/>\n<p>As pr\u00f3ximas elei\u00e7\u00f5es presidenciais nos EUA se aproximam, e Trump vem caindo nas pesquisas e para assegurar sua base eleitoral pretende aumentar as cotas repressivas em todo o pa\u00eds.<\/p>\n<p>Em meio \u00e0 onda de mobiliza\u00e7\u00f5es antirracistas que surgiram a partir do assassinato de George Floyd pela pol\u00edcia de Minneapolis, que se transformou em um grande movimento antirracista contra a viol\u00eancia policial e a discrimina\u00e7\u00e3o, Trump aprofunda a repress\u00e3o e sua reelei\u00e7\u00e3o come\u00e7a a cambalear.<\/p>\n<p>Portland, uma das cidades mais importantes do Estado do Oregon, governado em sua maioria pelo Partido Democrata, se transformou em um dos focos mais importantes da mobiliza\u00e7\u00e3o. H\u00e1 mais de 50 dias, desde maio, milhares de manifestantes se mobilizam contra a brutalidade policial, a repress\u00e3o e o racismo, e tamb\u00e9m contra o discurso e as pol\u00edticas de \u00f3dio de Donald Trump. Uma cidade que \u00e9 caracterizada por sua vis\u00e3o progressista, onde os movimentos feminista e ambiental t\u00eam muito peso, serviu de palco para acender a chama das mobiliza\u00e7\u00f5es antirracistas. Desde o movimento feminista e as organiza\u00e7\u00f5es ambientalistas, at\u00e9 grupo antirracistas identificados com o Black Lives Matter, inclusive um grupo de mulheres que se intitulam \u201co muro das m\u00e3es\u201d, que formam um cord\u00e3o entre a pol\u00edcia e os manifestantes, s\u00e3o aqueles e aquelas que se fazem presentes dia ap\u00f3s dia nos protestos.<\/p>\n<p>Com a queda nas pesquisas, 10 pontos atr\u00e1s do seu rival Joe Biden, segundo a Real Clear Politics, Trump busca consolidar sua base social, os setores que est\u00e3o mais \u00e0 direita dentro do Partido Republicano. \u00c9 assim que busca aumentar a repress\u00e3o e o uso das for\u00e7as federais em nome \u201cda lei e da ordem\u201d, refugiando-se em uma lei que foi sancionada h\u00e1 mais de 200 anos. Trump enviou tropas para Portland, militarizando a cidade e reprimindo os protestos que v\u00eam se desenvolvendo. Isso fez com que as mobiliza\u00e7\u00f5es crescessem. As for\u00e7as federais atuaram de forma ilegal com deten\u00e7\u00f5es arbitr\u00e1rias e at\u00e9 sequestros de manifestantes por pessoal uniformizado em ve\u00edculos sem identifica\u00e7\u00e3o. A\u00e7\u00e3o que foi festejada por Trump, seguida de um an\u00fancio de que mais tropas seriam enviadas para cidades como Nova Iorque, Chicago, Filad\u00e9lfia e Detroit, em uma disputa com o Partido Democrata.<\/p>\n<p>Nessa corrida para liderar as pesquisas para as pr\u00f3ximas elei\u00e7\u00f5es, em meio \u00e0 uma onda de manifesta\u00e7\u00f5es, que se agudiza a cada dia mais, e o aumento da repress\u00e3o, se soma um novo aumento nos casos de coronav\u00edrus nos EUA. O fracasso do governo Trump em lidar com a pandemia e o crescimento das mobiliza\u00e7\u00f5es, deixaram margem para o crescimento de Joe Biden, candidato a presidente do Partido Democrata. Essa falsa polariza\u00e7\u00e3o \u00e9 uma cortina de fuma\u00e7a para manter o bipartidarismo no cora\u00e7\u00e3o do imperialismo. Ambos partidos dispostos a manter e aprofundar as pol\u00edticas de ajuste e repress\u00e3o para salvar o sistema capitalista da crise. Assim como Trump e o Partido Republicano avan\u00e7am em sua pol\u00edtica repressiva, o Partido Democrata \u00e9 respons\u00e1vel por centenas de assassinatos e a repress\u00e3o policial que exerce nos estados e cidades onde governa, como em Chicago, Portland ou Minneapolis, onde assassinaram George Floyd.<\/p>\n<p>A Unidade Internacional de Trabalhadoras e Trabalhadores \u2013 Quarta Internacional (UIT-QI), assim como tem se mobilizado e solidarizado com as mobiliza\u00e7\u00f5es antirracistas nos Estados Unidos e no mundo inteiro, chama tamb\u00e9m a repudiar o avan\u00e7o repressivo de Trump. Como cantam os manifestantes em Portland, \u201cfora as for\u00e7as federais\u201d. Contra a repress\u00e3o policial dos governos estaduais e municipais onde governam o Partido Democrata e o Partido Republicano, e contra a repress\u00e3o de Trump. Todo apoio \u00e0 rebeli\u00e3o popular antirracista, pela liberdade de todos os presos e presas dos protestos e contra o governo de Trump e toda a sua pol\u00edtica reacion\u00e1ria, racista e imperialista.<\/p>\n","protected":false},"excerpt":{"rendered":"<p>Por Eduardo Ruarte Tradu\u00e7\u00e3o Lucas Schlabendorff As pr\u00f3ximas elei\u00e7\u00f5es presidenciais nos EUA se aproximam, e Trump vem caindo nas pesquisas e para assegurar sua base eleitoral pretende aumentar as cotas repressivas em todo o pa\u00eds. Em meio \u00e0 onda de mobiliza\u00e7\u00f5es antirracistas que surgiram a<\/p>\n","protected":false},"author":2,"featured_media":7266,"comment_status":"open","ping_status":"open","sticky":false,"template":"","format":"standard","meta":{"footnotes":""},"categories":[103],"tags":[1263,23,1395,1396,1394,897,1350],"class_list":["post-7265","post","type-post","status-publish","format-standard","has-post-thumbnail","hentry","category-negros-e-negras","tag-estadosunidos","tag-eua","tag-militar","tag-oregon","tag-portland","tag-protestos","tag-usa"],"_links":{"self":[{"href":"https:\/\/www.cstuit.com\/home\/wp-json\/wp\/v2\/posts\/7265","targetHints":{"allow":["GET"]}}],"collection":[{"href":"https:\/\/www.cstuit.com\/home\/wp-json\/wp\/v2\/posts"}],"about":[{"href":"https:\/\/www.cstuit.com\/home\/wp-json\/wp\/v2\/types\/post"}],"author":[{"embeddable":true,"href":"https:\/\/www.cstuit.com\/home\/wp-json\/wp\/v2\/users\/2"}],"replies":[{"embeddable":true,"href":"https:\/\/www.cstuit.com\/home\/wp-json\/wp\/v2\/comments?post=7265"}],"version-history":[{"count":0,"href":"https:\/\/www.cstuit.com\/home\/wp-json\/wp\/v2\/posts\/7265\/revisions"}],"wp:featuredmedia":[{"embeddable":true,"href":"https:\/\/www.cstuit.com\/home\/wp-json\/wp\/v2\/media\/7266"}],"wp:attachment":[{"href":"https:\/\/www.cstuit.com\/home\/wp-json\/wp\/v2\/media?parent=7265"}],"wp:term":[{"taxonomy":"category","embeddable":true,"href":"https:\/\/www.cstuit.com\/home\/wp-json\/wp\/v2\/categories?post=7265"},{"taxonomy":"post_tag","embeddable":true,"href":"https:\/\/www.cstuit.com\/home\/wp-json\/wp\/v2\/tags?post=7265"}],"curies":[{"name":"wp","href":"https:\/\/api.w.org\/{rel}","templated":true}]}}