

	{"id":7358,"date":"2020-08-24T19:48:05","date_gmt":"2020-08-24T19:48:05","guid":{"rendered":"https:\/\/www.cstuit.com\/home\/?p=7358"},"modified":"2020-08-24T20:05:25","modified_gmt":"2020-08-24T20:05:25","slug":"27-08-jornada-internacional-contra-trump-e-bolsonaro","status":"publish","type":"post","link":"https:\/\/www.cstuit.com\/home\/2020\/08\/24\/27-08-jornada-internacional-contra-trump-e-bolsonaro\/","title":{"rendered":"27\/08 | Jornada Internacional Contra Trump e Bolsonaro"},"content":{"rendered":"<p>No pr\u00f3ximo dia 27\/08, vamos realizar atos simb\u00f3licos em SP e RJ. A data surgiu na Confer\u00eancia latino-americana da FIT-U (Frente de Esquerda e dos Trabalhadores \u2013 Unidade) e haver\u00e1 protestos em toda Am\u00e9rica Latina. No Brasil, organizaremos essa jornada em unidade com todos que tiverem acordo com as pautas dessa mobiliza\u00e7\u00e3o, independentemente de que tenham composto ou n\u00e3o a Confer\u00eancia.<\/p>\n<p>Vamos nos manifestar unitariamente em defesa das seguintes pautas:<\/p>\n<p>&#8211;\u00a0Todo\u00a0apoio as mobiliza\u00e7\u00f5es do povo norte-americano, vidas negras importam!<\/p>\n<p>&#8211; Abaixo a inger\u00eancia imperialista na Am\u00e9rica Latina! Basta de sugar nossa riqueza: defender o n\u00e3o pagamento das d\u00edvidas externas dos pa\u00edses da Am\u00e9rica Latina e do Caribe<\/p>\n<p>&#8211; Liberdade a Sebastian Romero, Fim das pris\u00f5es pol\u00edticas e persegui\u00e7\u00f5es aos lutadores!<\/p>\n<p>&#8211; Apoio a greve dos Correios! Pelo direito ao aborto legal, seguro e gratuito!<\/p>\n<p>&#8211; Todo apoio \u00e0 luta dos trabalhadores da educa\u00e7\u00e3o! Contra o retorno as aulas presenciais em meio a 1000 mortes di\u00e1rias. Aprendizagem se recupera vidas n\u00e3o!<\/p>\n<p>&#8211; Contra a reforma administrativa!<\/p>\n<p>&#8211; Fora Bolsonaro e Mour\u00e3o<\/p>\n<p>Convidamos as organiza\u00e7\u00f5es pol\u00edticas e movimentos sociais classistas a construir coletivamente essa manifesta\u00e7\u00e3o anti-imperialista e anticapitalista.<\/p>\n<p>Convocam:<\/p>\n<p>Contrapoder, CSP-Conlutas, Esquerda Di\u00e1rio, CST\/PSOL, MRT, LS\/PSOL, AS\/PSOL, APS\/PSOL, Mandato do Vereador Renato Cinco e Mandato do Vereador Bab\u00e1.<\/p>\n<p>ATO em S\u00e3o Paulo: 27\/08 \u00e0s 16h no MASP<\/p>\n<p>ATO no Rio de Janeiro: 27\/08 \u00e1s 16h na Embaixada dos EUA<\/p>\n<p><a href=\"https:\/\/www.facebook.com\/events\/2713860508889697\">Confirme presen\u00e7a no evento:\u00a0https:\/\/www.facebook.com\/events\/2713860508889697<\/a><\/p>\n","protected":false},"excerpt":{"rendered":"<p>No pr\u00f3ximo dia 27\/08, vamos realizar atos simb\u00f3licos em SP e RJ. A data surgiu na Confer\u00eancia latino-americana da FIT-U (Frente de Esquerda e dos Trabalhadores \u2013 Unidade) e haver\u00e1 protestos em toda Am\u00e9rica Latina. No Brasil, organizaremos essa jornada em unidade com todos que<\/p>\n","protected":false},"author":2,"featured_media":7361,"comment_status":"open","ping_status":"open","sticky":false,"template":"","format":"standard","meta":{"footnotes":""},"categories":[6],"tags":[1065,1440,567,549,794,1296,381,919,354,1441,31,1437,1442,1439,1421,1398,1438,1116,227,359],"class_list":["post-7358","post","type-post","status-publish","format-standard","has-post-thumbnail","hentry","category-internacional","tag-forabolsonaro","tag-as","tag-ato","tag-bolsonaro","tag-contrapoder","tag-cst","tag-esquerda","tag-fit-u","tag-foratrump","tag-ft","tag-internacional","tag-internacionalista","tag-lis","tag-ls","tag-mrt","tag-po","tag-revolucionaria","tag-socialista","tag-trump","tag-uit"],"_links":{"self":[{"href":"https:\/\/www.cstuit.com\/home\/wp-json\/wp\/v2\/posts\/7358","targetHints":{"allow":["GET"]}}],"collection":[{"href":"https:\/\/www.cstuit.com\/home\/wp-json\/wp\/v2\/posts"}],"about":[{"href":"https:\/\/www.cstuit.com\/home\/wp-json\/wp\/v2\/types\/post"}],"author":[{"embeddable":true,"href":"https:\/\/www.cstuit.com\/home\/wp-json\/wp\/v2\/users\/2"}],"replies":[{"embeddable":true,"href":"https:\/\/www.cstuit.com\/home\/wp-json\/wp\/v2\/comments?post=7358"}],"version-history":[{"count":0,"href":"https:\/\/www.cstuit.com\/home\/wp-json\/wp\/v2\/posts\/7358\/revisions"}],"wp:featuredmedia":[{"embeddable":true,"href":"https:\/\/www.cstuit.com\/home\/wp-json\/wp\/v2\/media\/7361"}],"wp:attachment":[{"href":"https:\/\/www.cstuit.com\/home\/wp-json\/wp\/v2\/media?parent=7358"}],"wp:term":[{"taxonomy":"category","embeddable":true,"href":"https:\/\/www.cstuit.com\/home\/wp-json\/wp\/v2\/categories?post=7358"},{"taxonomy":"post_tag","embeddable":true,"href":"https:\/\/www.cstuit.com\/home\/wp-json\/wp\/v2\/tags?post=7358"}],"curies":[{"name":"wp","href":"https:\/\/api.w.org\/{rel}","templated":true}]}}