

	{"id":7439,"date":"2020-09-05T10:38:20","date_gmt":"2020-09-05T10:38:20","guid":{"rendered":"https:\/\/www.cstuit.com\/home\/?p=7439"},"modified":"2020-09-09T19:27:09","modified_gmt":"2020-09-09T19:27:09","slug":"a-greve-continua-fortalecer-atos-piquetes-e-ampliar-a-mobilizacao","status":"publish","type":"post","link":"https:\/\/www.cstuit.com\/home\/2020\/09\/05\/a-greve-continua-fortalecer-atos-piquetes-e-ampliar-a-mobilizacao\/","title":{"rendered":"A greve continua! Fortalecer atos, piquetes e ampliar a mobiliza\u00e7\u00e3o"},"content":{"rendered":"<p>A greve nacional dos trabalhadores dos correios segue com for\u00e7a. O brutal ataque do governo Bolsonaro e da dire\u00e7\u00e3o da empresa no Acordo Coletivo de trabalho retirando 79 Cl\u00e1usulas, o que ocasionar\u00e1 uma perda de at\u00e9 40% do sal\u00e1rio do trabalhador dos correios, explica a disposi\u00e7\u00e3o de luta da categoria.<\/p>\n<p>\u00c9 importante entender que esse ataque \u00e9 parte do projeto de privatiza\u00e7\u00e3o dos correios, pois baratear a m\u00e3o de obra \u00e9 fundamental para concretizar esse projeto.\u00a0Tamb\u00e9m \u00e9 parte de um processo maior de privatizar estatais como a Petrobras e a Caixa Econ\u00f4mica, de acabar com o servi\u00e7o p\u00fablico, atrav\u00e9s da reforma administrativa, e de aplicar um ajuste estrutural que objetiva cortar pela metade o valor do aux\u00edlio emergencial.<\/p>\n<p>\u00c9 necess\u00e1rio destacar que a categoria est\u00e1 dando uma reposta \u00e0 altura atrav\u00e9s de uma forte greve com ocupa\u00e7\u00f5es, como a de Indaiatuba, atos, carreatas e fechamento de unidades mostrando\u00a0firmeza e\u00a0radicalidade.\u00a0Tudo isso em meio a uma pandemia que j\u00e1 vitimou mais de 120 trabalhadores da empresa.<\/p>\n<p><a href=\"https:\/\/www.cstuit.com\/home\/wp-content\/uploads\/2020\/08\/correios.jpg\"><img loading=\"lazy\" decoding=\"async\" class=\"wp-image-7327 aligncenter\" src=\"https:\/\/www.cstuit.com\/home\/wp-content\/uploads\/2020\/08\/correios.jpg\" alt=\"\" width=\"429\" height=\"429\" srcset=\"https:\/\/www.cstuit.com\/home\/wp-content\/uploads\/2020\/08\/correios.jpg 960w, https:\/\/www.cstuit.com\/home\/wp-content\/uploads\/2020\/08\/correios-150x150.jpg 150w, https:\/\/www.cstuit.com\/home\/wp-content\/uploads\/2020\/08\/correios-300x300.jpg 300w, https:\/\/www.cstuit.com\/home\/wp-content\/uploads\/2020\/08\/correios-768x768.jpg 768w, https:\/\/www.cstuit.com\/home\/wp-content\/uploads\/2020\/08\/correios-50x50.jpg 50w, https:\/\/www.cstuit.com\/home\/wp-content\/uploads\/2020\/08\/correios-600x600.jpg 600w\" sizes=\"auto, (max-width: 429px) 100vw, 429px\" \/><\/a><\/p>\n<p><strong>N\u00e3o podemos confiar no TST<\/strong><\/p>\n<p>Por intransig\u00eancia da empresa e complac\u00eancia da justi\u00e7a o nosso ACT foi para o diss\u00eddio. Os trabalhadores dos correios j\u00e1 tem experi\u00eancias negativas com o poder judici\u00e1rio, em meio a greve, com a recente vota\u00e7\u00e3o do STF contra o prazo de dois anos de vig\u00eancia do atual ACT. Em outras oportunidades j\u00e1 vimos\u00a0decis\u00f5es desfavor\u00e1veis do pr\u00f3prio TST que agora julga o diss\u00eddio,\u00a0por exemplo, na aplica\u00e7\u00e3o da mensalidade no plano de sa\u00fade e da retirada de pai e m\u00e3e do plano.<\/p>\n<p>A greve \u00e9 o \u00fanico instrumento que pode barrar os ataques. N\u00e3o depositamos nenhuma confian\u00e7a no TST e chamamos a fortalecer a greve para derrotar os ataques contra o acordo coletivo e para barrar a privatiza\u00e7\u00e3o.\u00a0Apenas a uni\u00e3o da categoria e a unidade com os demais trabalhadores e setores populares pode dobrar o TST e garantir nossos direitos.<\/p>\n<p><strong>Dire\u00e7\u00f5es\u00a0do Rio e SP precisam concretizar suas propostas de \u201cgreve total\u201d<\/strong><\/p>\n<p>Diante da brutalidade\u00a0do ataque e a intransig\u00eancia dos generais que comandam a ECT\u00a0opinamos que as dire\u00e7\u00f5es dos sindicatos do Rio e S\u00e3o Paulo (FINDECT- CTB)\u00a0n\u00e3o est\u00e3o atuando a altura dos ataques. O problema est\u00e1 na falta de unidade para a a\u00e7\u00e3o, de calend\u00e1rios unificados, atividades de piquetes e atos nas grandes unidades.<\/p>\n<p>A orienta\u00e7\u00e3o equivocada de esperar o julgamento do STF para apenas depois construir\u00a0o que eles chamam de \u201ca greve total\u201d criou uma falsa esperan\u00e7a em parte da categoria com esse tribunal.\u00a0Alem disso colocam advogados na assembleia para falar contra os piquetes e n\u00e3o fazem nem sequer uma agita\u00e7\u00e3o em frente a Benfica. A\u00a0carreata do centro do Rio, convocada pelo SINTECT, mostrou que a base comparece aos calend\u00e1rios de luta e que faz falta mais a\u00e7\u00f5es em comum e uma efetiva unidade da categoria. Por isso exigimos que a dire\u00e7\u00e3o dos sindicatos se coloquem a frente dos piquetes, convoquem a\u00e7\u00f5es unificadas da greve e assembleias presencias democr\u00e1ticas.<\/p>\n<p>Por outro lado a Articula\u00e7\u00e3o Sindical, da CUT, que dirige majoritariamente a FENTECT,\u00a0deve concretizar o apoio a greve come\u00e7ando com a\u00e7\u00f5es na base dos petroleiros via FUP e com os metal\u00fargicos do ABC procurando a unificar e apoiar a greve dos trabalhadores dos correios.<\/p>\n<p>Precisamos superar a fragmenta\u00e7\u00e3o e construir um comando nacional de greve unificado, com sindicatos da FENTECT e FINDECT e nos estados comandos de greve e mobiliza\u00e7\u00e3o unificados com os grevistas e sindicatos das demais categorias para coordenar a\u00e7\u00f5es unit\u00e1rias. O ato unificado dos sindicatos do estado de S\u00e3o Paulo no dia 8\/09 \u00e9 um importante passo e deve ter uma continuidade atrav\u00e9s atividades de piquetes e outros atos.<\/p>\n<p><strong>Fortalecer a greve para barrar os ataques<\/strong><\/p>\n<p>A greve continua e as dire\u00e7\u00f5es sindicais devem fortalecer os piquetes, os atos de ruas e exigir que as centrais sindicais como CUT e CTB coloquem as suas bases em apoio a greve dos trabalhadores dos correios. Por exemplo, as centrais sindicais que assinaram a nota de apoio \u00e0 greve devem articular a unifica\u00e7\u00e3o das categorias em campanha salarial e construir uma greve unificada urgentemente para impor uma derrota a esse governo entreguista e ladr\u00e3o de direitos.\u00a0Essa \u00e9 a proposta que nossa central, a CSP-CONLUTAS, apresenta ao conjunto das centrais sindicais dos pais: um dia de protesto nacional em apoio aos correios. \u00c9 necess\u00e1rio tamb\u00e9m unificar com petroleiros, servidores, com a juventude que luta contra o Ensino Remoto, com as professoras que lutam contra a reabertura das escolas, com o movimento de mulheres e com os trabalhadores terceirizados dos correios que frequentemente padecem com atrasos de sal\u00e1rios, ass\u00e9dios e pagamentos incompletos.<\/p>\n","protected":false},"excerpt":{"rendered":"<p>A greve nacional dos trabalhadores dos correios segue com for\u00e7a. O brutal ataque do governo Bolsonaro e da dire\u00e7\u00e3o da empresa no Acordo Coletivo de trabalho retirando 79 Cl\u00e1usulas, o que ocasionar\u00e1 uma perda de at\u00e9 40% do sal\u00e1rio do trabalhador dos correios, explica a<\/p>\n","protected":false},"author":2,"featured_media":7440,"comment_status":"open","ping_status":"open","sticky":false,"template":"","format":"standard","meta":{"footnotes":""},"categories":[5,1],"tags":[21,22,284,897],"class_list":["post-7439","post","type-post","status-publish","format-standard","has-post-thumbnail","hentry","category-nacional","category-sem-categoria","tag-correios","tag-greve","tag-mobilizacao","tag-protestos"],"_links":{"self":[{"href":"https:\/\/www.cstuit.com\/home\/wp-json\/wp\/v2\/posts\/7439","targetHints":{"allow":["GET"]}}],"collection":[{"href":"https:\/\/www.cstuit.com\/home\/wp-json\/wp\/v2\/posts"}],"about":[{"href":"https:\/\/www.cstuit.com\/home\/wp-json\/wp\/v2\/types\/post"}],"author":[{"embeddable":true,"href":"https:\/\/www.cstuit.com\/home\/wp-json\/wp\/v2\/users\/2"}],"replies":[{"embeddable":true,"href":"https:\/\/www.cstuit.com\/home\/wp-json\/wp\/v2\/comments?post=7439"}],"version-history":[{"count":0,"href":"https:\/\/www.cstuit.com\/home\/wp-json\/wp\/v2\/posts\/7439\/revisions"}],"wp:featuredmedia":[{"embeddable":true,"href":"https:\/\/www.cstuit.com\/home\/wp-json\/wp\/v2\/media\/7440"}],"wp:attachment":[{"href":"https:\/\/www.cstuit.com\/home\/wp-json\/wp\/v2\/media?parent=7439"}],"wp:term":[{"taxonomy":"category","embeddable":true,"href":"https:\/\/www.cstuit.com\/home\/wp-json\/wp\/v2\/categories?post=7439"},{"taxonomy":"post_tag","embeddable":true,"href":"https:\/\/www.cstuit.com\/home\/wp-json\/wp\/v2\/tags?post=7439"}],"curies":[{"name":"wp","href":"https:\/\/api.w.org\/{rel}","templated":true}]}}