

	{"id":7447,"date":"2020-09-07T22:07:45","date_gmt":"2020-09-07T22:07:45","guid":{"rendered":"https:\/\/www.cstuit.com\/home\/?p=7447"},"modified":"2020-09-10T01:22:46","modified_gmt":"2020-09-10T01:22:46","slug":"manifesto-da-pre-candidatura-de-baba-a-vereador-do-rio-de-janeiro","status":"publish","type":"post","link":"https:\/\/www.cstuit.com\/home\/2020\/09\/07\/manifesto-da-pre-candidatura-de-baba-a-vereador-do-rio-de-janeiro\/","title":{"rendered":"Manifesto da pr\u00e9-candidatura de Bab\u00e1 a vereador do Rio de Janeiro"},"content":{"rendered":"<p>Somos trabalhadores grevistas e jovens indignados. Somos garis, professoras, merendeiras,\u00a0APA\u00b4s,\u00a0porteiros, servidores, estudantes, mulheres, negros e LGBTs. Em meio \u00e0 cat\u00e1strofe que se abate sobre a classe trabalhadora e a juventude, precisamos nos organizar e lutar. Nas elei\u00e7\u00f5es vamos utilizar o nosso voto para protestar contra Bolsonaro, Witzel e Crivella. Como dissemos em outras campanhas: \u201c<em>nada deve parecer natural, nada \u00e9 imposs\u00edvel de<\/em>\u00a0<em>mudar<\/em>\u201d. Convidamos voc\u00ea a construir nossas propostas, trazer sugest\u00f5es e se engajar em nossa pr\u00e9-campanha. S\u00f3 a luta mudar a vida!<\/p>\n<p><strong>Nem o passado como era, nem o \u201cnovo normal\u201d como est\u00e1<\/strong><\/p>\n<p>A pandemia do coronav\u00edrus coloca um enorme desafio para a classe trabalhadora: o plano dos patr\u00f5es e governos \u00e9 aniquilar nossos direitos. Nossas lutas ser\u00e3o o caminho para enfrentar esses ataques aos\u00a0sal\u00e1rios e aos empregos e para impedir a continuidade da pol\u00edtica genocida da extrema direita e seus c\u00famplices no parlamento e nos governos estaduais. Para n\u00e3o morrer de fome, de covid-19 ou das balas da PM racista, teremos de lutar de forma unificada. Exigindo que CUT, CTB, UNE e UBES convoquem uma jornada nacional contra Bolsonaro, Witzel e Crivella, contra as privatiza\u00e7\u00f5es dos Correios e da Caixa, a reforma administrativa, a abertura das escolas e em defesa das universidades p\u00fablicas, das pautas negras e feministas.<\/p>\n<p>Diante de governos da extrema direita e em meio \u00e0 crise capitalista, \u00e9 necess\u00e1rio que o povo trabalhador n\u00e3o se engane com o discurso de que poderemos mudar nossa vida aliados a partidos\u00a0que representam os patr\u00f5es ou os que governam atacando direitos da classe trabalhadora e do povo.\u00a0Esse discurso\u00a0de concilia\u00e7\u00e3o de classes\u00a0do PT, PDT, PSB e PCdoB fracassou. N\u00e3o podemos esquecer que eles apoiaram Cabral e Eduardo Paes, que afundaram Rio em megaprojetos fara\u00f4nicos e na corrup\u00e7\u00e3o. Os anos de coaliza\u00e7\u00e3o com Cabral e Paes, gestaram Witzel e Crivella. Os atuais governos do PT, PCdoB, PDT e PSB est\u00e3o colaborando na abertura das cidades em meio \u00e0 pandemia, aplicaram reformas da previd\u00eancia contra os servidores estaduais, est\u00e3o abrindo escolas (Maranh\u00e3o), reprimindo manifesta\u00e7\u00f5es antifascistas e antirracistas (Cear\u00e1). Infelizmente, colaboram com as pol\u00edticas de Bolsonaro e Rodrigo Maia.\u00a0\u00a0Por isso, n\u00e3o s\u00e3o uma alternativa pol\u00edtica para nossa classe.<\/p>\n<p>N\u00f3s estamos com a companheira Renata Souza, pr\u00e9-candidata a prefeita pelo PSOL, por entender que precisamos votar contra os representantes de Bolsonaro, Crivella e Witzel; por uma outra proposta, diferente dos que v\u00eam governando o estado e a cidade. Batalhamos por um programa classista e de independ\u00eancia de classe nas lutas e nas elei\u00e7\u00f5es.<\/p>\n<p><strong>Um mandato a servi\u00e7o das lutas<\/strong><\/p>\n<p><a href=\"https:\/\/www.cstuit.com\/home\/wp-content\/uploads\/2020\/09\/baba.png\"><img loading=\"lazy\" decoding=\"async\" class=\"wp-image-7449 alignleft\" src=\"https:\/\/www.cstuit.com\/home\/wp-content\/uploads\/2020\/09\/baba.png\" alt=\"\" width=\"428\" height=\"655\" srcset=\"https:\/\/www.cstuit.com\/home\/wp-content\/uploads\/2020\/09\/baba.png 336w, https:\/\/www.cstuit.com\/home\/wp-content\/uploads\/2020\/09\/baba-196x300.png 196w, https:\/\/www.cstuit.com\/home\/wp-content\/uploads\/2020\/09\/baba-33x50.png 33w\" sizes=\"auto, (max-width: 428px) 100vw, 428px\" \/><\/a><\/p>\n<p>O companheiro Bab\u00e1 sempre utilizou os seus mandatos a servi\u00e7o do apoio e solidariedade ativa \u00e0s lutas dos trabalhadores e da juventude.\u00a0N\u00e3o \u00e9 qualquer um que mant\u00e9m essa firmeza de posi\u00e7\u00f5es, quando o lado f\u00e1cil da hist\u00f3ria \u00e9 se vender, se adaptar ou deixar de falar a verdade em fun\u00e7\u00e3o de alian\u00e7as esp\u00farias. No parlamento, foi um megafone dos manifestantes, amplificando a voz das ruas. Bab\u00e1 seguiu a trajet\u00f3ria de presen\u00e7a nas lutas: garis, educadores, merendeiras, porteiros, profissionais da sa\u00fade, entregadores, servidores p\u00fablicos, trabalhadores dos Correios, dos estudantes contra a m\u00e1fia dos transportes. Al\u00e9m de construir as lutas contra o ensino remoto e a reabertura das escolas. Em meio \u00e0 pandemia, esteve presente no enfrentamento da greve dos Correios contra o autoritarismo da PM. Bab\u00e1 \u00e9 militante da CSP-CONLUTAS e seu mandato apoia as manifesta\u00e7\u00f5es antirracistas e antifascistas, os atos das mulheres, os LGBTs e a campanha de Justi\u00e7a pra Marielle e Anderson. Bab\u00e1 defende a necessidade de construir uma frente de esquerda e socialista, para as lutas e as elei\u00e7\u00f5es, que agrupe o PSOL, PCB, UP e PSTU. Por isso, estamos apoiando sua pr\u00e9-candidatura. Queremos um manifestante combativo no parlamento, um socialista revolucion\u00e1rio na c\u00e2mara de vereadores.<\/p>\n<p>No parlamento, as leis de iniciativa do Bab\u00e1 s\u00e3o para fortalecer a mobiliza\u00e7\u00e3o: a lei de lavagem dos uniformes dos garis; a lei que garante direitos aos entregadores por aplicativos; ou a CPI das condi\u00e7\u00f5es de trabalho nas escolas, que deu mais ferramentas na organiza\u00e7\u00e3o das merendeiras e APA\u00b4s e serviu para a luta contra o retorno das atividades escolares em meio \u00e0 pandemia. Al\u00e9m de den\u00fancias p\u00fablicas em defesa dos direitos dos trabalhadores, na c\u00e2mara de vereadores e encaminhamento de of\u00edcios para os \u00f3rg\u00e3os de fiscaliza\u00e7\u00e3o, como foram nos casos dos terceirizados das escolas municipais ou recentemente dos Correios. Outro exemplo \u00e9 lei pela suspens\u00e3o do pagamento da d\u00edvida municipal e a canaliza\u00e7\u00e3o dos recursos para as \u00e1reas sociais.<\/p>\n<p><strong>Uma hist\u00f3ria de coer\u00eancia e luta<\/strong><\/p>\n<p>Bab\u00e1 \u00e9 servidor p\u00fablico federal, professor da UFRJ. Ap\u00f3s cumprir seu mandato anterior, voltou ao seu trabalho na universidade. N\u00e3o aceita os privil\u00e9gios dos pol\u00edticos: recusou aposentadoria especial de parlamentar,\u00a0vai ao parlamento de metr\u00f4 e \u00e9 usu\u00e1rio do SUS.<\/p>\n<p>Bab\u00e1 foi fundador da CUT e do PT e se enfrentou contra a ditadura militar, sendo enquadrado na Lei de Seguran\u00e7a\u00a0Nacional. Contra o governo FHC, esteve nas ocupa\u00e7\u00f5es do MST e ocupa\u00e7\u00f5es urbanas. Quando o governo Lula aplicou a reforma da previd\u00eancia, que retirou diretos dos servidores, em 2003, Bab\u00e1 preferiu ficar ao lado dos trabalhadores e foi expulso do PT, junto com Luciana Genro, Jo\u00e3o Fontes e Heloisa Helena. Foi um dos fundadores do PSOL.\u00a0No Rio de Janeiro, esteve no comando de greve na greve das universidades, em 2012, e foi ativo nas passeatas e piquetes das greves dos garis, em 2014 e 2015.<\/p>\n<p>Bab\u00e1 \u00e9 da CST (Corrente Socialista de Trabalhadoras e Trabalhadores, tend\u00eancia do PSOL), se\u00e7\u00e3o da UIT-QI\u00a0 (Unidade Internacional de Trabalhadoras e Trabalhadores \u2013 Quarta Internacional). Por isso, realiza campanhas em solidariedade aos jovens chilenos, em apoio \u00e0 rebeli\u00e3o negra nos EUA e luta pela unidade dos revolucion\u00e1rios, como no recente encontro latino-americano da FIT-U (Frente de Esquerda e dos Trabalhadores &#8211; Unidade).<\/p>\n<p>Bab\u00e1 \u00e9 a express\u00e3o da trajet\u00f3ria dos revolucion\u00e1rios no parlamento e ser\u00e1 muito importante poder contar como um mandato assim nos pr\u00f3ximos anos para derrotar a extrema direita.<\/p>\n","protected":false},"excerpt":{"rendered":"<p>Somos trabalhadores grevistas e jovens indignados. Somos garis, professoras, merendeiras,\u00a0APA\u00b4s,\u00a0porteiros, servidores, estudantes, mulheres, negros e LGBTs. Em meio \u00e0 cat\u00e1strofe que se abate sobre a classe trabalhadora e a juventude, precisamos nos organizar e lutar. Nas elei\u00e7\u00f5es vamos utilizar o nosso voto para protestar contra<\/p>\n","protected":false},"author":2,"featured_media":7456,"comment_status":"open","ping_status":"open","sticky":false,"template":"","format":"standard","meta":{"footnotes":""},"categories":[995],"tags":[166,654,24,37,1246,1470],"class_list":["post-7447","post","type-post","status-publish","format-standard","has-post-thumbnail","hentry","category-vereador-baba","tag-baba","tag-candidatura","tag-eleicoes","tag-psol","tag-rio","tag-vereador"],"_links":{"self":[{"href":"https:\/\/www.cstuit.com\/home\/wp-json\/wp\/v2\/posts\/7447","targetHints":{"allow":["GET"]}}],"collection":[{"href":"https:\/\/www.cstuit.com\/home\/wp-json\/wp\/v2\/posts"}],"about":[{"href":"https:\/\/www.cstuit.com\/home\/wp-json\/wp\/v2\/types\/post"}],"author":[{"embeddable":true,"href":"https:\/\/www.cstuit.com\/home\/wp-json\/wp\/v2\/users\/2"}],"replies":[{"embeddable":true,"href":"https:\/\/www.cstuit.com\/home\/wp-json\/wp\/v2\/comments?post=7447"}],"version-history":[{"count":0,"href":"https:\/\/www.cstuit.com\/home\/wp-json\/wp\/v2\/posts\/7447\/revisions"}],"wp:featuredmedia":[{"embeddable":true,"href":"https:\/\/www.cstuit.com\/home\/wp-json\/wp\/v2\/media\/7456"}],"wp:attachment":[{"href":"https:\/\/www.cstuit.com\/home\/wp-json\/wp\/v2\/media?parent=7447"}],"wp:term":[{"taxonomy":"category","embeddable":true,"href":"https:\/\/www.cstuit.com\/home\/wp-json\/wp\/v2\/categories?post=7447"},{"taxonomy":"post_tag","embeddable":true,"href":"https:\/\/www.cstuit.com\/home\/wp-json\/wp\/v2\/tags?post=7447"}],"curies":[{"name":"wp","href":"https:\/\/api.w.org\/{rel}","templated":true}]}}