

	{"id":7471,"date":"2020-09-12T19:59:08","date_gmt":"2020-09-12T19:59:08","guid":{"rendered":"https:\/\/www.cstuit.com\/home\/?p=7471"},"modified":"2020-09-12T19:59:08","modified_gmt":"2020-09-12T19:59:08","slug":"venezuela-exigimos-a-liberdade-de-todos-os-trabalhadores-presos","status":"publish","type":"post","link":"https:\/\/www.cstuit.com\/home\/2020\/09\/12\/venezuela-exigimos-a-liberdade-de-todos-os-trabalhadores-presos\/","title":{"rendered":"VENEZUELA | Exigimos a liberdade de todos os trabalhadores presos!"},"content":{"rendered":"<p style=\"text-align: right;\">Por Partido Socialismo e Liberdade, Venezuela; t\u00edtulo original \u201cO Partido Socialismo e Liberdade exige a liberdade de todos os trabalhadores presos\u201d; publicado originalmente em LaClase.info (<a href=\"https:\/\/cutt.ly\/3fR5shK\">https:\/\/cutt.ly\/3fR5shK<\/a>). Tradu\u00e7\u00e3o:\u00a0Manu Sousa<\/p>\n<hr \/>\n<p>Recentemente o governo de Nicol\u00e1s Maduro, em negocia\u00e7\u00f5es com setores da oposi\u00e7\u00e3o patronal, encabe\u00e7ados por Henrique Capriles, libertou 110 pessoas, dentre elas presos, perseguidos e pol\u00edticos inabilitados.<\/p>\n<p>Horas depois, se fez conhecido que essas negocia\u00e7\u00f5es contaram com a intermedia\u00e7\u00e3o do reacion\u00e1rio presidente da Turquia, Recep Tayyig Erdogan, em coordena\u00e7\u00e3o com a Uni\u00e3o Europ\u00e9ia, e ao menos sabemos de Mike Pompeo, representante do imperialismo norte-americano, se evidenciando mais uma vez os la\u00e7os do imperialismo, tanto europeu quanto estadunidense, com seus representantes da oposi\u00e7\u00e3o patronal venezuelana, interferindo em assuntos que s\u00f3 devem ser de interesse dos venezuelanos e venezuelanas.<\/p>\n<p>A princ\u00edpio, comemoramos a liberta\u00e7\u00e3o de todas essas pessoas, porque estamos pela defesa das liberdades democr\u00e1ticas, pela liberdade de express\u00e3o e em defesa dos direitos humanos, independente das prefer\u00eancias pol\u00edticas e religiosas dos afetados.<\/p>\n<p>Entre os libertos se encontram v\u00e1rios trabalhadores, m\u00e9dicos e professores universit\u00e1rios. Rub\u00e9n Gonz\u00e1lez, dirigente sindical da Ferrominera do Orinoco, detido pela segunda vez, e que havia sido sentenciado por mais de 5 anos \u00e0 c\u00e1rcere por um tribunal militar, sendo que \u00e9 um civil. Tania Rodr\u00edguez, tamb\u00e9m trabalhadora da da Ferrominera; El\u00edas Mendoza, trabalhador de Sidor, ambos detidos ap\u00f3s expressar seu descontentamento nas redes sociais, e Javier Vivas Santana, professor da universidade do Oriente, n\u00facleo Nova Esparta, por den\u00fancias feitas pelas suas col\u00fbnas na Aporrea. Nicmer Evans, professor universit\u00e1rio e comunicador, detido ap\u00f3s criticar o governo, e o Dr. Jos\u00e9 Alberto Marulda.<\/p>\n<p>As liberta\u00e7\u00f5es tamb\u00e9m contemplam a deputados e suplentes, l\u00edderes pol\u00edticos e ativistas dos partidos patronais, pelos quais Capriles trabalhou como intermedi\u00e1rio junto ao governo.<\/p>\n<p>Entre os libertos se encontram ativistas que solicitaram a aplica\u00e7\u00e3o de san\u00e7\u00f5es econ\u00f4micas \u00e0 Venezuela, pol\u00edtica que indubitavelmente recha\u00e7amos. Essas liberta\u00e7\u00f5es se constituem como uma cortina de fuma\u00e7a frente aos graves problemas de fome, mis\u00e9ria e sa\u00fade, que sofrem o povo venezuelano.<br \/>\nO governo se apresenta como o \u201cbenfeitor\u201d de uma a\u00e7\u00e3o de liberdade para um conjunto de pessoas que sempre negou serem presos pol\u00edticos, e agora s\u00e3o libertados, e utilizar\u00e1 o fato \u00e0 favor da fraude eleitoral anunciada para o dia 6 de dezembro, em acordo com setores da oposi\u00e7\u00e3o patronal. Essa liberta\u00e7\u00e3o, n\u00e3o \u00e9 gr\u00e1tis.<\/p>\n<p>Mas tamb\u00e9m demonstra o terror que a oposi\u00e7\u00e3o e o governo sentem frente as a\u00e7\u00f5es aut\u00f4nomas e independentes que setores sociais organizados e em mobiliza\u00e7\u00e3o podem tomar, n\u00e3o s\u00f3 pela exig\u00eancia de liberdade aos presos pol\u00edticos, mas tamb\u00e9m porque se protesta, em plena quarentena, contra os sal\u00e1rios de fome, a elimina\u00e7\u00e3o dos HCM e a falta de aten\u00e7\u00e3o para os trabalhadores e suas fam\u00edlias, contra a crise do sistema de sa\u00fade &#8211; agora evidenciada pela pandemia &#8211; a falta de servi\u00e7os: g\u00e1s, \u00e1gua pot\u00e1vel, gasolina, falta de eletricidade, servi\u00e7os telef\u00f4nicos e de internet ruins e a exig\u00eancia de equipamentos de seguran\u00e7a (EPIs) para os trabalhadores da sa\u00fade. Al\u00e9m de existir um amplo sentimento de desconfian\u00e7a por parte do povo frente \u00e0s evidente mostras de fraude eleitoral do processo feito desde o pr\u00f3prio executivo, o PSUV, o\u201cnovo CNE\u201d (Conselho Nacional Eleitoral), a TSJ (Tribunal Supremo de Justi\u00e7a), e sua inconstitucional Assembl\u00e9ia Nacional Constituinte.<\/p>\n<p>O mal estar \u00e9 ainda maior quando n\u00e3o est\u00e3o entre os libertos trabalhadores como Rodney \u00c1lvarez, Marcos Sabariego, Bartolo Guerra, Dar\u00edo Salcede, Alfredo Chirinos e Aryenis Torrealba, entre outros, &#8211; s\u00e3o muitos mais &#8211; por quem um amplo n\u00famero de organiza\u00e7\u00f5es pol\u00edticas, sindicais e populares, t\u00eam feito campanhas e atos de rua, e pelas redes sociais, al\u00e9m de convocar que se mobilize e rompa o cerco de paralisia\u00a0 imposto pelas burocracias sindicais, exigindo a liberdade dos companheiros.<\/p>\n<p>O Partido Socialismo e Liberdade, den\u00fancia que na maioria dos casos o Estado n\u00e3o demonstrou como v\u00e1lida nenhum das raz\u00f5es pelas quais os trabalhadores foram detidos, e hoje libertos, nem em rela\u00e7\u00e3o aos que seguem privados da liberdade. Foi violado o processo devido para todos, se forjaram e manipularam registros, os culpando e criminalizando, \u00e0 servi\u00e7o das necessidades pol\u00edticas e econ\u00f4micas do governo.<\/p>\n<p>O sistema de justi\u00e7a na Venezuela est\u00e1 podre. Se restringem as liberdades democr\u00e1ticas, inclusive os direitos estabelecidos na constitui\u00e7\u00e3o.<\/p>\n<p>Por isso defendemos a exig\u00eancia de liberdade para todos os presos pol\u00edticos, em especial dos trabalhadores, dirigentes camponeses e dirigentes populares que n\u00e3o tem voz. Essa defesa n\u00e3o \u00e9 assumida pelas centrais sindicais nem pelos partidos patronais.<\/p>\n<p>Fazemos um chamado amplo incluindo os sindicatos de base, as organiza\u00e7\u00f5es de direitos humanos, o ativismo do movimento feminista e de g\u00eanero,, as correntes e grupos sindicais de trabalhadores, \u00e0 organiza\u00e7\u00e3o por profiss\u00e3o e movimentos de desempregados, a multiplicar os esfor\u00e7os pela exig\u00eancia de liberdade aos trabalhadores presos.<br \/>\n\u00c9 um chamado n\u00e3o s\u00f3 para a interven\u00e7\u00e3o nas redes sociais, e na m\u00eddia impressa, mas tamb\u00e9m para intervir nas ruas. As organiza\u00e7\u00f5es e dirigentes sindicais devem se pronunciar pela liberdade dos trabalhadores presos, sem distin\u00e7\u00e3o pol\u00edtica ou ideol\u00f3gica. Se trata de defender os presos pol\u00edticos que s\u00e3o nossos, porque s\u00e3o trabalhadores e dirigentes populares. Aqueles que por levantar sua voz e defender os direitos n\u00e3o s\u00e3o defendidos pelos partidos patronais, e durante todos os anos presos as centrais sindicais nunca moveram um dedo sequer. N\u00f3s devemos quebrar o sil\u00eancio por eles e evidenciar com nossa luta que podemos tir\u00e1-los\u00a0 do sequestro que foram submetidos pelo governo, e que os partidos patronais guardam sil\u00eancio. Agora se faz mais vis\u00edvel o cerco \u00e0 que foram submetidos os detidos deste governo anti-oper\u00e1rio e impopular.<\/p>\n<p>Exigimos a liberdade de todos os presos pol\u00edticos<\/p>\n<p>Exigimos a liberdade de todos os trabalhadores presos<\/p>\n<p>Exigimos a liberdade de\u00a0 Rodney \u00c1lvarez, Marcos Sabariego, Bartolo Guerra, Dar\u00edo Salcedo, Alfredo Chirinos y Aryenis Torrealba, os trabalhadores da sa\u00fade e demais detidos.<\/p>\n","protected":false},"excerpt":{"rendered":"<p>Por Partido Socialismo e Liberdade, Venezuela; t\u00edtulo original \u201cO Partido Socialismo e Liberdade exige a liberdade de todos os trabalhadores presos\u201d; publicado originalmente em LaClase.info (https:\/\/cutt.ly\/3fR5shK). Tradu\u00e7\u00e3o:\u00a0Manu Sousa Recentemente o governo de Nicol\u00e1s Maduro, em negocia\u00e7\u00f5es com setores da oposi\u00e7\u00e3o patronal, encabe\u00e7ados por Henrique Capriles,<\/p>\n","protected":false},"author":2,"featured_media":7472,"comment_status":"open","ping_status":"open","sticky":false,"template":"","format":"standard","meta":{"footnotes":""},"categories":[6],"tags":[89,312,25,1476,1475,897,285,3],"class_list":["post-7471","post","type-post","status-publish","format-standard","has-post-thumbnail","hentry","category-internacional","tag-chavismo","tag-liberdade","tag-maduro","tag-politicos","tag-presos","tag-protestos","tag-repressao","tag-venezuela"],"_links":{"self":[{"href":"https:\/\/www.cstuit.com\/home\/wp-json\/wp\/v2\/posts\/7471","targetHints":{"allow":["GET"]}}],"collection":[{"href":"https:\/\/www.cstuit.com\/home\/wp-json\/wp\/v2\/posts"}],"about":[{"href":"https:\/\/www.cstuit.com\/home\/wp-json\/wp\/v2\/types\/post"}],"author":[{"embeddable":true,"href":"https:\/\/www.cstuit.com\/home\/wp-json\/wp\/v2\/users\/2"}],"replies":[{"embeddable":true,"href":"https:\/\/www.cstuit.com\/home\/wp-json\/wp\/v2\/comments?post=7471"}],"version-history":[{"count":0,"href":"https:\/\/www.cstuit.com\/home\/wp-json\/wp\/v2\/posts\/7471\/revisions"}],"wp:featuredmedia":[{"embeddable":true,"href":"https:\/\/www.cstuit.com\/home\/wp-json\/wp\/v2\/media\/7472"}],"wp:attachment":[{"href":"https:\/\/www.cstuit.com\/home\/wp-json\/wp\/v2\/media?parent=7471"}],"wp:term":[{"taxonomy":"category","embeddable":true,"href":"https:\/\/www.cstuit.com\/home\/wp-json\/wp\/v2\/categories?post=7471"},{"taxonomy":"post_tag","embeddable":true,"href":"https:\/\/www.cstuit.com\/home\/wp-json\/wp\/v2\/tags?post=7471"}],"curies":[{"name":"wp","href":"https:\/\/api.w.org\/{rel}","templated":true}]}}