

	{"id":7523,"date":"2020-09-21T13:07:46","date_gmt":"2020-09-21T13:07:46","guid":{"rendered":"https:\/\/www.cstuit.com\/home\/?p=7523"},"modified":"2020-10-31T00:24:17","modified_gmt":"2020-10-31T00:24:17","slug":"contribuicao-ao-debate-programatico-do-psol-carioca","status":"publish","type":"post","link":"https:\/\/www.cstuit.com\/home\/2020\/09\/21\/contribuicao-ao-debate-programatico-do-psol-carioca\/","title":{"rendered":"Contribui\u00e7\u00e3o ao debate program\u00e1tico do PSOL Carioca"},"content":{"rendered":"<p><strong>Vamos com Renata Souza!<\/strong><\/p>\n<p><a href=\"https:\/\/www.cstuit.com\/home\/wp-content\/uploads\/2020\/09\/ren.jpg\"><img loading=\"lazy\" decoding=\"async\" class=\"wp-image-7524 aligncenter\" src=\"https:\/\/www.cstuit.com\/home\/wp-content\/uploads\/2020\/09\/ren.jpg\" alt=\"\" width=\"471\" height=\"314\" srcset=\"https:\/\/www.cstuit.com\/home\/wp-content\/uploads\/2020\/09\/ren.jpg 960w, https:\/\/www.cstuit.com\/home\/wp-content\/uploads\/2020\/09\/ren-300x200.jpg 300w, https:\/\/www.cstuit.com\/home\/wp-content\/uploads\/2020\/09\/ren-768x512.jpg 768w, https:\/\/www.cstuit.com\/home\/wp-content\/uploads\/2020\/09\/ren-50x33.jpg 50w, https:\/\/www.cstuit.com\/home\/wp-content\/uploads\/2020\/09\/ren-600x400.jpg 600w, https:\/\/www.cstuit.com\/home\/wp-content\/uploads\/2020\/09\/ren-210x140.jpg 210w, https:\/\/www.cstuit.com\/home\/wp-content\/uploads\/2020\/09\/ren-272x182.jpg 272w\" sizes=\"auto, (max-width: 471px) 100vw, 471px\" \/><\/a><\/p>\n<p>Vamos iniciar a batalha eleitoral. O PSOL est\u00e1 com a pr\u00e9-candidatura da companheira Renata Souza, deputada estadual que mantem de p\u00e9 a mem\u00f3ria da companheira Marielle. Uma lideran\u00e7a negra da Mar\u00e9 que carrega o s\u00edmbolo do povo trabalhador da favela, dos que lutam para n\u00e3o morrer de fome, de bala ou de Covid-19. N\u00f3s, da CST (Corrente Socialista de Trabalhadoras e Trabalhadores) e da pr\u00e9-candidatura do vereador Bab\u00e1 (<a href=\"https:\/\/www.cstuit.com\/home\/index.php\/2020\/09\/07\/manifesto-da-pre-candidatura-de-baba-a-vereador-do-rio-de-janeiro\/\">https:\/\/www.cstuit.com\/home\/index.php\/2020\/09\/07\/manifesto-da-pre-candidatura-de-baba-a-vereador-do-rio-de-janeiro\/<\/a>),\u00a0estamos nas redes e nas ruas com a Renata Souza e integramos a frente \u201cUm Rio de Esperan\u00e7a\u201d (PSOL \u2013 PCB \u2013 UP). Por isso, apresentamos essa contribui\u00e7\u00e3o sobre o perfil e diretrizes program\u00e1ticas. Nos colocamos \u00e0 disposi\u00e7\u00e3o do debate no PSOL, na Frente e com os militantes da campanha.<\/p>\n<p><strong>1 &#8211; A crise pol\u00edtica e social de Crivella e Witzel<\/strong><\/p>\n<p>Nesta semana, novamente, ficou evidente a decomposi\u00e7\u00e3o pol\u00edtica no Rio de Janeiro. No mesmo dia, a C\u00e2mara de Vereadores e a Assembleia Legislativa colocavam em vota\u00e7\u00e3o processos de impeachment do prefeito e do governador. Witzel teve o processo continuado por vota\u00e7\u00e3o un\u00e2nime, j\u00e1 Crivella conseguiu recompor maioria no parlamento e impediu a continuidade. Por\u00e9m, independente do desfecho, tal fato expressa uma das maiores crises pol\u00edticas da burguesia carioca e nacional, em meio \u00e0 crise sanit\u00e1ria que agravou o cen\u00e1rio econ\u00f4mico, social e ambiental no Rio de Janeiro.<\/p>\n<p>Temos um governador e um prefeito da extrema direita corrupta, que ajudaram Bolsonaro e Rodrigo Maia na reabertura das cidades em plena pandemia e aplicaram ajustes contra os trabalhadores e a juventude. O prefeito fez de tudo para \u201ccuidar das pessoas\u201d do seu partido, sua emissora e sua igreja, utilizando servi\u00e7os p\u00fablicos, e criou \u201cos guardi\u00f5es do Crivella\u201d para bloquear den\u00fancias sobre a sa\u00fade. A C\u00e2mara de Vereadores foi cumplice do genoc\u00eddio e da corrup\u00e7\u00e3o municipal. J\u00e1 o governador desviou recursos da sa\u00fade (<a href=\"https:\/\/www.cstuit.com\/home\/index.php\/2020\/08\/28\/fora-witzel-claudio-castro-e-demais-corruptos\/\">https:\/\/www.cstuit.com\/home\/index.php\/2020\/08\/28\/fora-witzel-claudio-castro-e-demais-corruptos\/<\/a>)\u00a0e manteve opera\u00e7\u00f5es policiais assassinando jovens negros.<\/p>\n<p>\u00c9 necess\u00e1rio derrotar a extrema direita bolsonarista de Crivella; os planos de ajuste fiscal, de Rodrigo Maia, representados por Eduardo Paes (DEM); e o desgoverno de Witzel. Tamb\u00e9m precisamos superar as propostas de concilia\u00e7\u00e3o de classe do PT e PCdoB e construir um programa classista e socialista para a Prefeitura e a C\u00e2mara. Al\u00e9m da campanha, devemos seguir nas lutas enfrentando os efeitos do coronav\u00edrus, da fome e do desemprego capitalista, em ampla unidade com todos os movimentos, centrais e partidos que estiverem dispostos a construir a a\u00e7\u00e3o direta nas ruas e nas greves.<\/p>\n<p>2 &#8211; <strong>O Rio foi laborat\u00f3rio e a experi\u00eancia fracassou<\/strong><\/p>\n<p>Os analistas liberais, cinicamente, insistem em dizer que o problema do aumento da pobreza foi o surgimento do coronav\u00edrus. No entanto, qualquer an\u00e1lise s\u00e9ria tem que fazer o balan\u00e7o dos \u00faltimos governos e da pol\u00edtica aplicada. Sob o comando do PMDB, encabe\u00e7ando a frente ampla formada por PT e PCdoB, ainda no governo federal, aplicaram uma pol\u00edtica que arruinou com o estado para que as empreiteiras e mega empres\u00e1rios parceiros enriquecessem como nunca. Na frente ampla de Sergio Cabral e Eduardo Paes, entraram o PRB, do ent\u00e3o senador Crivella (ex-ministro do governo Dilma); o PP, de Francisco Dornelles (na \u00e9poca, legenda de Jair Bolsonaro); e o PSB. Benedita da Silva, do PT, foi Secret\u00e1ria de Assist\u00eancia do governo Cabral e Jandira Feghali, do PCdoB, Secret\u00e1ria de Cultura do governo Paes.\u00a0O PDT, de Marta Rocha, integrou essa coaliza\u00e7\u00e3o at\u00e9 durante o decadente governo Pez\u00e3o, mantendo-se base de apoio na ALERJ e compondo a chapa de Pedro Paulo nas elei\u00e7\u00f5es de 2016.<\/p>\n<p>Todos eles prometeram os megaeventos como a grande solu\u00e7\u00e3o. Por\u00e9m, o \u00fanico legado foi um desemprego recorde e um endividamento absurdo da cidade do Rio de Janeiro &#8211; cerca de R$ 2 bilh\u00f5es ao ano (o dobro do or\u00e7amento de S\u00e3o Gon\u00e7alo). Al\u00e9m de obras inacabadas, como as da Avenida Brasil ou a promessa de aumento da malha metrovi\u00e1ria, das violentas remo\u00e7\u00f5es da Vila Aut\u00f3dromo e da privatiza\u00e7\u00e3o da sa\u00fade via Organiza\u00e7\u00f5es Sociais. Era um projeto para empres\u00e1rios, como mostra o Porto Maravilha, implantado por meio de uma parceria entre a Prefeitura, Odebrecht, OAS e Carioca Engenharia.\u00a0De quebra, fortaleceram setores reacion\u00e1rios do fundamentalismo: Crivella; pastor Everaldo e Silas Malafaia, sem falar em ultraconservadores, como Eduardo Cunha. Tudo isso no contexto dos governos do PT-PMDB, em n\u00edvel federal, com Lula e Dilma, quando se falava da parceria \u201cestrat\u00e9gica\u201d com o partido do vice presidente Michel Temer. Um governo elogiado pelos donos do Ita\u00fa e que ocupou militarmente a Mar\u00e9 por 11 meses.<\/p>\n<p>Durante as jornadas de junho de 2013, explodiu o mal-estar contra essa \u201ccidade-neg\u00f3cio\u201d e suas injusti\u00e7as. Foram os maiores protestos de nossa cidade, marchando para frente dos pal\u00e1cios. O maior deles, rumo \u00e0 Prefeitura, esbarrou no caveir\u00e3o, nos tiros da PM e na cavalaria. Em seguida, veio a hist\u00f3rica greve dos garis, em 2014. Como resposta, a Prefeitura demitiu as lideran\u00e7as do movimento, ap\u00f3s um operativo antissindical contra a greve de 2015.\u00a0\u00a0O mesmo ocorreu na educa\u00e7\u00e3o, na forte greve municipal de 2013 contra os ataques ao plano de carreira da categoria, ocasi\u00e3o em que as grevistas foram duramente reprimidas pela PM (e apesar dos pedidos das educadoras, Dilma nunca se pronunciou em favor dos grevistas, pois compartilhava o projeto de ataques). \u00c9 emblem\u00e1tico que nesse per\u00edodo o vice-prefeito da cidade era Adilson Pires, do PT, aliado de Eduardo Paes.<\/p>\n<p>A localiza\u00e7\u00e3o do PSOL\u00a0por fora do cons\u00f3rcio de Cabral e Paes levou o partido a ser a maior express\u00e3o eleitoral \u00e0 esquerda na cidade, afirmando que \u201cnada deve parecer natural, nada \u00e9 imposs\u00edvel de mudar\u201d. Hoje, temos autoridade para batalhar para ir com Renata ao segundo turno no Rio. N\u00e3o queremos o presente como est\u00e1, nem o passado como era. Queremos governar para o povo trabalhador e a juventude.<\/p>\n<p><strong>3 &#8211; Defender o PSOL como partido de oposi\u00e7\u00e3o intransigente<\/strong><\/p>\n<p>A situa\u00e7\u00e3o, que j\u00e1 \u00e9 grave com a pandemia, pode piorar, pois estamos em uma das capitais com maior \u00edndice de desemprego e h\u00e1 a possibilidade de redu\u00e7\u00e3o do aux\u00edlio emergencial, al\u00e9m da aprova\u00e7\u00e3o de leis que impedem o concurso p\u00fablico e o reajuste salarial para os servidores. Eles tentam a reabertura das escolas e perseguem quem est\u00e1 na linha de frente, como os trabalhadores da limpeza, na Comlurb. Num cen\u00e1rio t\u00e3o dif\u00edcil, \u00e9 preciso que nossa campanha local tenha um marco nacional, sem o qual ser\u00e1 imposs\u00edvel reverter a situa\u00e7\u00e3o do povo trabalhador do Rio. Para isso, a candidatura do PSOL deve\u00a0ser uma trincheira para enfrentar o projeto de Bolsonaro, Guedes e a extrema direita, contra Witzel, Crivella e o sistema apodrecido.<\/p>\n<p>Para essa tarefa, \u00e9 importante buscar aliados. Os nossos est\u00e3o presentes nas mobiliza\u00e7\u00f5es e na indigna\u00e7\u00e3o represada nas categorias; nos grevistas dos correios; nos petroleiros, que est\u00e3o em campanha salarial; nos profissionais da educa\u00e7\u00e3o, que est\u00e3o batalhando contra o retorno \u00e0s aulas sem seguran\u00e7a; no protestos de merendeiros, porteiros e trabalhadoras da Comlurb; nas diversas formas de organiza\u00e7\u00e3o popular, negra, feminista, LGBT, ambientalista e estudantil.<\/p>\n<p><strong>4 &#8211; Nos diferenciar do projeto de concilia\u00e7\u00e3o de classes, de PDT-PSB e PT-PCdoB<\/strong><\/p>\n<p>Os maiores partidos que comp\u00f5e o arco de \u201cpartidos progressistas\u201d, como eles se declaram, n\u00e3o s\u00e3o oposi\u00e7\u00e3o consequente \u00e0 extrema direita: seja nas lutas ou mesmo onde governam cidades ou estados. Isso pode ser visto no fato de que os governos estaduais do PT, PCdoB, PSB e PDT est\u00e3o reabrindo as cidades, aplicando ajustes fiscais e reprimindo manifesta\u00e7\u00f5es antirracistas e antifascistas. Outro exemplo \u00e9 a atua\u00e7\u00e3o o PCdoB no SINTECT-RJ, que boicota a greve dos Correios (<a href=\"https:\/\/www.cstuit.com\/home\/index.php\/2020\/09\/16\/fortalecer-a-greve-para-derrotar-os-ataques-do-governo-bolsonaro-floriano\/\">https:\/\/www.cstuit.com\/home\/index.php\/2020\/09\/16\/fortalecer-a-greve-para-derrotar-os-ataques-do-governo-bolsonaro-floriano\/<\/a>). No caso da ALERJ, o PT, de Andr\u00e9 Ceciliano, fez um pacto com o PSC, de Witzel, para ganhar a presid\u00eancia da Assembleia.<\/p>\n<p>Mesmo assim, esses partidos t\u00eam ocupado um espa\u00e7o eleitoral de oposi\u00e7\u00e3o, tentando transparecer um ilus\u00f3rio ar de \u201cesquerda\u201d. As \u00faltimas pesquisas mostram o PSOL atr\u00e1s de Marta Rocha (PDT), uma delegada anti-direitos humanos e carrasca dos manifestantes de junho de 2013, e de Benedita da Silva (PT), conhecida por ter autorizado um mandado coletivo de busca e apreens\u00e3o na favela, enquanto era governadora, e que acaba de votar o perd\u00e3o bilion\u00e1rio de d\u00edvidas das igrejas. Certamente, h\u00e1 alguns fatores que podem explicar a perda de espa\u00e7o eleitoral do PSOL no Rio. Um deles \u00e9 a desist\u00eancia da candidatura de Freixo. Outro \u00e9 a pol\u00edtica da maioria do PSOL, no sentido de buscar uma frente ampla eleitoral com PDT, PSB, REDE, PT e PCdoB. Aqui, diferente do que a majorit\u00e1ria afirmava, o PSOL n\u00e3o avan\u00e7ou sobre os velhos partidos, mas ocorreu o contr\u00e1rio. Uma parte do eleitorado de esquerda, que poderia estar com o PSOL, busca os \u201cmelhores\u201d colocados nas pesquisas.\u00a0\u00a0Por isso, PT e PDT largam na frente. Seguramente, n\u00e3o colaboraram para fortalecer o PSOL as declara\u00e7\u00f5es do companheiro Marcelo Freixo, sobre a possibilidade de mudarmos nossa candidatura e sua proposta de, num eventual segundo turno, votar em Eduardo Paes. Ao falar de Paes, n\u00e3o podemos desconsiderar seu governo reacion\u00e1rio ou sua procura por um vice bolsonarista at\u00e9 o dia da conven\u00e7\u00e3o do DEM.<\/p>\n<p>Avaliamos que \u00e9 necess\u00e1rio corrigir esse rumo. Para isso, podemos resgatar a campanha de 2012, da Primavera Carioca, questionando a Fetranspor e as alian\u00e7as esp\u00farias; ou 2014,\u00a0localizando o PSOL com independ\u00eancia pol\u00edtica em rela\u00e7\u00e3o aos \u201cquatro Cabrais\u201d. Ao lado de uma campanha contra os representantes de Bolsonaro, Witzel e Crivella, precisamos nos diferenciar dos projetos de concilia\u00e7\u00e3o de classes que j\u00e1 governaram nossa cidade.<\/p>\n<p><strong>4 &#8211; A escolha de um vice da c\u00fapula da PM do Rio de Janeiro foi um erro profundo<\/strong><\/p>\n<p>Nossa campanha ter\u00e1 de enfrenar um tema central, presente nos atos antirracistas e antifascistas que ocorreram no pa\u00eds e no levante negro dos EUA: a viol\u00eancia da PM, uma institui\u00e7\u00e3o herdada da ditadura e que remonta \u00e0 repress\u00e3o aos negros escravizados.<\/p>\n<p>Nesse aspecto, foi errado escolher o coronel da PM, Ibis Pereira, para ocupar o lugar de vice-prefeito, algo\u00a0que n\u00e3o se\u00a0debateu no partido, j\u00e1 que o nome foi votado imediatamente ap\u00f3s ser cogitado. Uma delibera\u00e7\u00e3o que repercutiu negativamente em setores do partido.\u00a0\u00a0Nossa corrente, a CST, votou contra essa escolha no Diret\u00f3rio Municipal, enquanto as demais for\u00e7as foram a favor ou se abstiveram. N\u00e3o se trata de uma quest\u00e3o pessoal, mas da institui\u00e7\u00e3o a qual o vice est\u00e1 vinculado, tendo sido Comandante Geral das tropas. A PMERJ, neste exato minuto, reprime os grevistas dos Correios e assassina o povo negro nas favelas. Suas bombas nos sufocaram na greve geral, quando at\u00e9 mesmo deputados do PSOL foram alvejados, o que tamb\u00e9m ocorreu recentemente com os grevistas dos Correios, os sindicalistas da CSP-CONLUTAS e o vereador Bab\u00e1. Seguramente, \u00e9 uma contradi\u00e7\u00e3o lutar contra os assassinatos na favela e levar um coronel da PM de vice. Acreditar que essa f\u00f3rmula pode construir uma rela\u00e7\u00e3o diferente da PM com a favela \u00e9 um erro, uma ilus\u00e3o sobre o que \u00e9 a PM, em busca de uma concilia\u00e7\u00e3o imposs\u00edvel. A PM ser\u00e1 sempre uma institui\u00e7\u00e3o repressora. N\u00e3o por acaso, as manifestantes antifascistas e antirracistas, gritavam nas ruas do Rio pelo \u201cfim da PM\u201d. Para seguir com os oprimidos, \u00e9 fundamental manter o perfil negro e seguir firme na luta contra a viol\u00eancia da PM.<\/p>\n<p><strong>5 &#8211; A plataforma da bancada de vereadores do PSOL \u00e9 uma diretriz program\u00e1tica<\/strong><\/p>\n<p>Ainda n\u00e3o temos um programa debatido nas inst\u00e2ncias do PSOL, o que deve ocorrer nos pr\u00f3ximos dias. Isso \u00e9 importante, pois estamos em meio a uma pandemia in\u00e9dita e uma crise social hist\u00f3rica.\u00a0O programa emergencial da bancada do Psol, elaborado em meio \u00e0 pandemia (<a href=\"https:\/\/psolcarioca.com.br\/2020\/03\/26\/o-psol-carioca-em-defesa-da-vida-15-medidas-para-assegurar-renda-trabalho-e-protecao-social\/\">https:\/\/psolcarioca.com.br\/2020\/03\/26\/o-psol-carioca-em-defesa-da-vida-15-medidas-para-assegurar-renda-trabalho-e-protecao-social\/<\/a>) \u00e9 uma plataforma que ajuda a iniciar essa elabora\u00e7\u00e3o. Ela pauta as decis\u00f5es financeiras e pol\u00edticas da administra\u00e7\u00e3o municipal a partir dos interesses do povo trabalhador (<a href=\"https:\/\/psolcarioca.com.br\/2020\/03\/18\/covid-19-garantir-a-vida-enfrentando-as-desigualdades\/\">https:\/\/psolcarioca.com.br\/2020\/03\/18\/covid-19-garantir-a-vida-enfrentando-as-desigualdades\/<\/a>), com propostas que questionam\u00a0\u00a0o pagamento da d\u00edvida p\u00fablica (<a href=\"https:\/\/www.cstuit.com\/home\/index.php\/2020\/03\/24\/projeto-de-lei-de-suspensao-do-pagamento-da-divida-municipal\/\">https:\/\/www.cstuit.com\/home\/index.php\/2020\/03\/24\/projeto-de-lei-de-suspensao-do-pagamento-da-divida-municipal\/<\/a>) e a Lei de Responsabilidade Fiscal, propondo a proibi\u00e7\u00e3o de demiss\u00f5es e descontos salariais, visando uma quarentena efetiva, dentre outras bandeiras.<\/p>\n<p>Avaliamos que para resolver nossa situa\u00e7\u00e3o, \u00e9 preciso ir \u00e0 raiz dos problemas. Come\u00e7ando por denunciar a farra dos banqueiros, que lucram com os empr\u00e9stimos bilion\u00e1rios que serviram para viabilizar as Olimp\u00edadas e a Copa do Mundo; propondo romper os contratos e enfrentar a m\u00e1fia dos transportes, abrir a caixa preta, que enriqueceu empres\u00e1rios e pol\u00edticos na cidade, e buscar um transporte 100% estatal, com tarifa zero para o povo trabalhador e a juventude; revertendo a privatiza\u00e7\u00e3o da sa\u00fade, feita por meio das OS\u2019s. Tudo isso pautado na necessidade de mobilizar os explorados e oprimidos.<\/p>\n<p>Acreditamos que os n\u00facleos do PSOL, reuni\u00f5es setoriais e plen\u00e1rias gerais da frente (PSOL, PCB e UP) s\u00e3o bons espa\u00e7os para a constru\u00e7\u00e3o program\u00e1tica. Espa\u00e7os que tamb\u00e9m poderiam pautar nossa a\u00e7\u00e3o em comum em greves, como a dos Correios; mobiliza\u00e7\u00f5es, como a das mulheres, no dia 28\/09; protestos, a exemplo do dia 30\/09, com os servidores, ou manifesta\u00e7\u00f5es do movimento estudantil.\u00a0Opinamos que \u00e9 preciso que nossas lideran\u00e7as e figuras p\u00fablicas estejam nas greves e mobiliza\u00e7\u00f5es presenciais, pois junto aos setores em luta podemos realizar melhor nossa constru\u00e7\u00e3o program\u00e1tica.\u00a0Nas ruas e nas redes, devemos fortalecer nossa pr\u00e9-campanha com a companheira Renata Souza.<\/p>\n<p>&nbsp;<\/p>\n<p>21\/09, Rio de janeiro<\/p>\n<p>Corrente Socialista de Trabalhadoras e Trabalhadores, tend\u00eancia do PSOL<\/p>\n<p>Pr\u00e9-candidatura do Vereador Bab\u00e1<\/p>\n","protected":false},"excerpt":{"rendered":"<p>Vamos com Renata Souza! Vamos iniciar a batalha eleitoral. O PSOL est\u00e1 com a pr\u00e9-candidatura da companheira Renata Souza, deputada estadual que mantem de p\u00e9 a mem\u00f3ria da companheira Marielle. Uma lideran\u00e7a negra da Mar\u00e9 que carrega o s\u00edmbolo do povo trabalhador da favela, dos<\/p>\n","protected":false},"author":2,"featured_media":7524,"comment_status":"open","ping_status":"open","sticky":false,"template":"","format":"standard","meta":{"footnotes":""},"categories":[8,995],"tags":[166,1296,24,37,1491,1246,1250],"class_list":["post-7523","post","type-post","status-publish","format-standard","has-post-thumbnail","hentry","category-debates-socialistas","category-vereador-baba","tag-baba","tag-cst","tag-eleicoes","tag-psol","tag-renata","tag-rio","tag-rj"],"_links":{"self":[{"href":"https:\/\/www.cstuit.com\/home\/wp-json\/wp\/v2\/posts\/7523","targetHints":{"allow":["GET"]}}],"collection":[{"href":"https:\/\/www.cstuit.com\/home\/wp-json\/wp\/v2\/posts"}],"about":[{"href":"https:\/\/www.cstuit.com\/home\/wp-json\/wp\/v2\/types\/post"}],"author":[{"embeddable":true,"href":"https:\/\/www.cstuit.com\/home\/wp-json\/wp\/v2\/users\/2"}],"replies":[{"embeddable":true,"href":"https:\/\/www.cstuit.com\/home\/wp-json\/wp\/v2\/comments?post=7523"}],"version-history":[{"count":0,"href":"https:\/\/www.cstuit.com\/home\/wp-json\/wp\/v2\/posts\/7523\/revisions"}],"wp:featuredmedia":[{"embeddable":true,"href":"https:\/\/www.cstuit.com\/home\/wp-json\/wp\/v2\/media\/7524"}],"wp:attachment":[{"href":"https:\/\/www.cstuit.com\/home\/wp-json\/wp\/v2\/media?parent=7523"}],"wp:term":[{"taxonomy":"category","embeddable":true,"href":"https:\/\/www.cstuit.com\/home\/wp-json\/wp\/v2\/categories?post=7523"},{"taxonomy":"post_tag","embeddable":true,"href":"https:\/\/www.cstuit.com\/home\/wp-json\/wp\/v2\/tags?post=7523"}],"curies":[{"name":"wp","href":"https:\/\/api.w.org\/{rel}","templated":true}]}}