

	{"id":7542,"date":"2020-09-27T13:22:24","date_gmt":"2020-09-27T13:22:24","guid":{"rendered":"https:\/\/www.cstuit.com\/home\/?p=7542"},"modified":"2020-09-27T13:22:24","modified_gmt":"2020-09-27T13:22:24","slug":"trabalhador-terceirizado-nao-e-escravo","status":"publish","type":"post","link":"https:\/\/www.cstuit.com\/home\/2020\/09\/27\/trabalhador-terceirizado-nao-e-escravo\/","title":{"rendered":"Trabalhador terceirizado n\u00e3o \u00e9 escravo!"},"content":{"rendered":"<p>(Solidariedade aos terceirizados do Rio de Janeiro)<\/p>\n<p>Nos \u00faltimos meses merendeiras e porteiras e porteiros que trabalham nas escolas do Rio de Janeiro realizaram greves e manifesta\u00e7\u00f5es em frente \u00e0 prefeitura e das empresas que prestam servi\u00e7os ao poder p\u00fablico. Exigiam o b\u00e1sico: o pagamento em dia dos seus sal\u00e1rios e aux\u00edlio alimenta\u00e7\u00e3o. O pagamento adequado da remunera\u00e7\u00e3o dos trabalhadores \u00e9 m\u00ednimo que deveria ser feito, mas n\u00e3o \u00e9 o que o ocorre. O prefeito Crivella s\u00f3 paga em dia os \u201cguardi\u00f5es\u201d que blindam a prefeitura em frente os postos de sa\u00fade, buscando evitar que o povo trabalhador divulgue para a imprensa o caos da sa\u00fade p\u00fablica carioca.<\/p>\n<p>O prefeito e as empresas que fornecem servi\u00e7os terceirizados desrespeitam as trabalhadoras e trabalhadores, descumprem as leis do pa\u00eds, atrasam sal\u00e1rios, demitem indiscriminadamente, al\u00e9m de perseguir quem tenta reclamar. Querem transformar as trabalhadoras terceirizadas e terceirizados em escravos do s\u00e9culo XXI. N\u00e3o podemos aceitar isso! Pelo que vemos essa \u00e9 a realidade que aflige trabalhadores terceirizados que prestam servi\u00e7os ao poder estadual e ao poder federal (como nos Correios, no ramo da limpeza, na vigil\u00e2ncia dos bancos, na sa\u00fade e no setor de transporte). E isso tem que mudar.<\/p>\n<p>Em plena Pandemia e a crise social, com avan\u00e7o das mortes, contamina\u00e7\u00e3o e carestia dos alimentos, ficar com sal\u00e1rios atrasados ou ser injustamente demitido \u00e9 um verdadeiro genoc\u00eddio.<\/p>\n<p>Via de regra n\u00e3o temos para onde apelar e nem a quem recorrer. Na maior parte das vezes n\u00e3o temos EPIs adequados e sofremos intimida\u00e7\u00e3o nos locais de trabalho. Nossos sindicatos em sua maioria jogam no time dos patr\u00f5es e as entidades que poderiam nos representar em muitos casos se negam a cumprir esse papel. Nossa situa\u00e7\u00e3o \u00e9 dif\u00edcil, mesmo assim vamos \u00e0 luta. Organizamos greves e protestos e muitas vezes conseguimos reaver parte de nossos sal\u00e1rios. Por isso encontramos for\u00e7as para seguir realizando mobiliza\u00e7\u00f5es de forma combativa.<\/p>\n<p>O prefeito tem obriga\u00e7\u00e3o de garantir o pagamento. As empresas que continuam desrespeitando as trabalhadoras devem sofrer san\u00e7\u00f5es no Minist\u00e9rio P\u00fablico do Trabalho e outros \u00f3rg\u00e3os competentes.<\/p>\n<p>N\u00e3o pedimos mais nada do que aquilo que j\u00e1 \u00e9 nosso e pelo qual demos nosso suor. N\u00e3o aceitamos essa escravid\u00e3o do s\u00e9culo XXI.<\/p>\n<p>&#8211; Sal\u00e1rios e benef\u00edcios em dia, queremos receber pelo que trabalhamos.<\/p>\n<p>&#8211; San\u00e7\u00f5es ao prefeito e as empresas por descumprirem as leis;<\/p>\n<p>&#8211; Utiliza\u00e7\u00e3o dos recursos da terceiriza\u00e7\u00e3o para pagar nossos sal\u00e1rios; utiliza\u00e7\u00e3o dos lucros das empresas terceirizadas para garantir nossa remunera\u00e7\u00e3o;<\/p>\n<p>&#8211; Nenhuma demiss\u00e3o! Readmiss\u00e3o das demitidas e demitidos; Estabilidade contra as injusti\u00e7as e persegui\u00e7\u00f5es;<\/p>\n<p>Precisamos de apoio e solidariedade. Ajude divulgando essa mensagem, envie mo\u00e7\u00e3o de apoio e se poss\u00edvel ajuda financeira para cestas b\u00e1sicas.<\/p>\n<p>Envie fotos com placas dizendo: #PagueMerendeirasePorteiras<\/p>\n<p>#TercerizadoNaoEscravo<\/p>\n<p>&nbsp;<\/p>\n<p><strong>J\u00e1 assinam:<\/strong><\/p>\n<p>1-Barbara Sinedino, Diretora do SEPE<\/p>\n<p>2-Paulo Galo, entregadores Antifascistas<\/p>\n<p>3- Bab\u00e1, Vereador do PSOL Rio de Janeiro<\/p>\n<p>4- Cid Benjamin, jornalista &#8211; RJ<\/p>\n<p>5- Wladimir Palmeira, RJ<\/p>\n<p>6- Juliano Medeiros, presidente do PSOL<\/p>\n<p>7- S\u00e2mia Bomfim, Deputada Federal PSOL SP<\/p>\n<p>8- Renata Souza, Deputada estadual PSOL<\/p>\n<p>9- Z\u00e9 Maria, presidente do PSTU<\/p>\n<p>10- Plinio de Arruda Sampaio, Editor do Contrapoder<\/p>\n<p>11- Francisvaldo Mendes, presidente da Funda\u00e7\u00e3o Lauro Campos<\/p>\n<p>12- Fabio Felix, deputado distrital PSOL DF<\/p>\n<p>13- Paulo Cruz Terra, professor de Hist\u00f3ria da UFF<\/p>\n<p>14- Marco Ant\u00f4nio Perruso, professor de Sociologia da UFRuralRJ<\/p>\n<p>15- Maria Orlanda Pinassi, professora Aposentada da Unesp Araraquara<\/p>\n<p>16- Giuseppe Cocco \u2013 professor da UFRJ<\/p>\n<p>17- Manoela as Silva Pedrosa, professora da Hist\u00f3ria da UFF<\/p>\n<p>18 \u2013 Sonia Guajajara, lideran\u00e7a da APIB<\/p>\n<p>19- Bruno da Rosa, lideran\u00e7as dos garis do RJ<\/p>\n<p>20- Pedro Rosa, diretor do SINTUFF<\/p>\n<p>21- Flavio Serafim, Deputado Estadual do PSOL RJ<\/p>\n<p>22- Monica Francisco, Deputada Estadual PSOL RJ<\/p>\n<p>23- Eliomar Coelho, Deputado Estadual PSOL RJ<\/p>\n<p>24- Roberta Mancuso,<\/p>\n<p>25- Dani Monteiro, Deputada Estadual PSOL RJ<\/p>\n<p>26 \u2013 Rodrigo leite, DA do Teatro da UNIRIO<\/p>\n<p>27- Caio Sep\u00falveda, juventude Vamos \u00e0 luta<\/p>\n<p>28- Carolina Cacau, MRT \u2013 Esquerda Di\u00e1rio.<\/p>\n<p>29- CSP-CONLUTAS<\/p>\n<p>30- Entregadores Antifacistas<\/p>\n<p>31- DCE PUC<\/p>\n<p>32- DCE UFRJ<\/p>\n<p>33- JUNTOS RJ<\/p>\n<p>34 \u2013 Combate Sindical<\/p>\n<p>35-Comite Organizador Mario Pedrosa (II Encontro Internacional Leon Trotsky)<\/p>\n<p>36- Reagrupamento Revolucion\u00e1rio<\/p>\n<p>37 \u2013 Vamos \u00e0 luta<\/p>\n<p>38 &#8211; Dapsi UFF<\/p>\n<p>\u2794Central Sindical e Popular Conlutas (CSP-Conlutas) &#8211; Br\u00e9sil.<\/p>\n<p>\u2794Confederaci\u00f3n General del Trabajo (CGT) &#8211; Etat espagnol.<\/p>\n<p>\u2794Union syndicale Solidaires (Solidaires) &#8211; France.<\/p>\n<p>\u2794Confederazione Unitaria di Base (CUB) &#8211; Italie.<\/p>\n<p>\u2794Conf\u00e9d\u00e9ration G\u00e9n\u00e9rale du Travail du Burkina (CGT-B) &#8211; Burkina.<\/p>\n<p>\u2794Confederation of Indonesia People&#8217;s Movement (KPRI) &#8211; Indon\u00e9sie.<\/p>\n<p>\u2794Confederaci\u00f3n Intersindical (Intersindical) &#8211; Etat espagnol.<\/p>\n<p>\u2794Conf\u00e9d\u00e9ration G\u00e9n\u00e9rale Autonome des Travailleurs en Alg\u00e9rie (CGATA) &#8211; Alg\u00e9rie.<\/p>\n<p>\u2794Batay Ouvriye &#8211; Ha\u00efti.<\/p>\n<p>\u2794Unione Sindacale Italiana (USI) &#8211; Italie.<\/p>\n<p>\u2794Conf\u00e9d\u00e9ration Nationale des Travailleurs &#8211; Solidarit\u00e9 Ouvri\u00e8re (CNT SO) &#8211; France.<\/p>\n<p>\u2794Sindicato de Comisiones de Base (CO.BAS) &#8211; Etat espagnol.<\/p>\n<p>\u2794Organisation G\u00e9n\u00e9rale Ind\u00e9pendante des Travailleurs et Travailleuses d&#8217;Ha\u00efti (OGTHI) &#8211; Ha\u00efti.<\/p>\n<p>\u2794Sindacato Intercategoriale Cobas (SI COBAS) &#8211; Italie.<\/p>\n<p>\u2794Conf\u00e9d\u00e9ration Nationale du Travail (CNT-f) &#8211; France.<\/p>\n<p>\u2794Intersindical Alternativa de Catalunya (IAC) &#8211; Catalogne.<\/p>\n<p>\u2794Union G\u00e9n\u00e9rale des Travailleurs Sahraouis (UGTSARIO) &#8211; Sahara occidental.<\/p>\n<p>\u2794Ezker Sindikalaren Konbergentzia (ESK) &#8211; Pays basque.<\/p>\n<p>\u2794Conf\u00e9d\u00e9ration Nationale de Travailleurs du S\u00e9n\u00e9gal Forces du Changement (CNTS\/FC) \u2013 S\u00e9n\u00e9gal<\/p>\n<p>\u2794Sindicato Autorganizzato Lavorator COBAS (SIAL-COBAS) &#8211; Italie.<\/p>\n<p>\u2794General Federation of Independent Unions (GFIU) &#8211; Palestine.<\/p>\n<p>\u2794Confederaci\u00f3n de la Clase Trabajadora (CCT) &#8211; Paraguay.<\/p>\n<p>\u2794Red Solidaria de Trabajadores &#8211; P\u00e9rou<\/p>\n<p>\u2794Union Syndicale Progressiste des Travailleurs du Niger (USPT) &#8211; Niger.<\/p>\n<p>\u2794Union Nationale des Syndicats Autonomes du S\u00e9n\u00e9gal (UNSAS) &#8211; S\u00e9n\u00e9gal.<\/p>\n<p>\u2794Uni\u00f3n Nacional para la Defensa de la Clase Trabajadora (UNT) &#8211; El Salvador.<\/p>\n<p>\u2794Solidaridad Obrera (SO) &#8211; Etat espagnol.<\/p>\n<p>\u2794Independent Workers Union of Great Britain (IWGB) &#8211; Grande-Bretagne.<\/p>\n<p>\u2794Og\u00f3lnopolski Zwi\u0105zek Zawodowy Inicjatywa Pracownicza (OZZ IP) &#8211; Pologne.<\/p>\n<p>\u2794Centrale D\u00e9mocratique des Travailleurs de Martinique (CDMT) \u2013 Martinique.<\/p>\n<p>\u2794Associazione Diritti Lavoratori Cobas (ADL COBAS) \u2013 Italie<\/p>\n<p>\u2794Pakistan Labour Federation (PLF) \u2013 Pakistan<\/p>\n<p>National professional labour organizations<\/p>\n<p>\u2794National Union of Rail, Maritime and Transport Workers (RMT\/TUC) &#8211; Grande-Bretagne.<\/p>\n<p>\u2794Centrale Nationale des Employ\u00e9s \u2013 Conf\u00e9d\u00e9ration Syndicale Chr\u00e9tienne (CNE\/CSC) &#8211; Belgique.<\/p>\n<p>\u2794Sindicato Nacional de Trabajadores del Sistema Agroalimentario (SINALTRAINAL\/CUT) &#8211;<\/p>\n<p>Colombie.<\/p>\n<p>\u2794Trade Union in Ethnodata &#8211; Trade Union of Empoyees in the Outsourcing Companies in the<\/p>\n<p>financial sector &#8211; Gr\u00e8ce.<\/p>\n<p>\u2794Syndicat national des travailleurs des services de la sant\u00e9 humaine (SYNTRASEH) &#8211; B\u00e9nin<\/p>\n<p>\u2794Sindicat dos Trabalhadores da Fiocruz (ASFOC-SN) &#8211; Br\u00e9sil.<\/p>\n<p>\u2794Organizzazione Sindicati Autonomi e di Base Ferrovie (ORSA Ferrovie) &#8211; Italie.<\/p>\n<p>\u2794Union Nationale des Normaliens d\u2019Ha\u00efti (UNNOH) &#8211; Ha\u00efti.<\/p>\n<p>\u2794Confederazione Unitaria di Base Scuola Universit\u00e0 Ricerca (CUB SUR) &#8211; Italie.<\/p>\n<p>\u2794Coordinamento Autorganizzato Trasporti (CAT) &#8211; Italie.<\/p>\n<p>\u2794Syndicat des travailleurs du rail \u2013 Centrale D\u00e9mocratique des Travailleurs du Mali<\/p>\n<p>(SYTRAIL\/CDTM) \u2013 Mali.<\/p>\n<p>\u2794G\u0131da Sanayii \u0130\u015f\u00e7ileri Sendikas\u0131 &#8211; Devrimci \u0130\u015f\u00e7i Sendikalar\u0131 Konfederasyonu (GIDA-I\u015e\/DISK) \u2013<\/p>\n<p>Turquie.<\/p>\n<p>\u2794Syndicat National des Travailleurs du Petit Train Bleu\/SA (SNTPTB) &#8211; S\u00e9n\u00e9gal.<\/p>\n<p>\u2794Asociaci\u00f3n Nacional de Funcionarios Administrativos de la Caja de Seguro Social (ANFACSS) \u2013<\/p>\n<p>Panama.<\/p>\n<p>\u2794Palestinian Postal Service Workers Union (PPSWU) &#8211; Palestine.<\/p>\n<p>\u2794Union Syndicale Etudiante (USE) &#8211; Belgique.<\/p>\n<p>\u2794Sindicato dos Trabalhadores de Call Center (STCC) &#8211; Portugal.<\/p>\n<p>\u2794Sindicato Unitario de Trabajadores Petroleros (Sinutapetrolgas) &#8211; Venezuela.<\/p>\n<p>\u2794Alianza de Trabajadores de la Salud y Empleados Publicos &#8211; Mexique.<\/p>\n<p>\u2794Canadian Union of Postal Workers \/ Syndicat des travailleurs et travailleuses des postes (CUPWSTTP) \u2013 Canada.<\/p>\n<p>\u2794Syndicat Autonome des Postiers (SAP) &#8211; Suisse.<\/p>\n<p>\u2794Federaci\u00f3n nacional de trabajadores de la educaci\u00f3n (SUTE-Chili) &#8211; Chili.<\/p>\n<p>\u2794Plateforme Nationale des organisations professionnelles du secteur public &#8211; C\u00f4te d\u2019Ivoire.<\/p>\n<p>\u2794F\u00e9d\u00e9ration nationale des ouvriers et collectivit\u00e9s locales &#8211; Union Marocaine du Travail (UMTCollectivit\u00e9s locales) &#8211; Maroc.<\/p>\n<p>\u2794Centrale G\u00e9n\u00e9rale des Services Publics FGTB, Cheminots (CGSP\/FGTB Cheminots) &#8211; Belgique.<\/p>\n<p>\u2794Botswana Public Employees Union (BOPEU) &#8211; Botswana.<\/p>\n<p>\u2794Organisation D\u00e9mocratique du Rail-Organisation D\u00e9mocratique du Travail (ODR\/ODT) \u2013 Maroc.<\/p>\n<p>\u2794Federacao Nacional dos Ttrabalhadores em Transportes A\u00e9ros do Brasil (FNTTA) &#8211; Br\u00e9sil.<\/p>\n<p>\u2794Federa\u00e7\u00e3o Nacional dos Metrovi\u00e1rios (FENAMETRO) &#8211; Br\u00e9sil.<\/p>\n<p>\u2794Namibia Football Players Union (NAFPU) \u2013 Namibie.<\/p>\n<p>\u2794Palestinian Electricians&#8217; Trade Union (PETU) \u2013 Palestine.<\/p>\n<p>\u2794Miss\u00e3o Publica Organizada \u2013 Portugal.<\/p>\n<p>Local labour organizations<\/p>\n<p>\u2794Trades Union Congress, Liverpool (TUC Liverpool) &#8211; Angleterre.<\/p>\n<p>\u2794Sindacato Territoriale Autorganizzato, Brescia (ORMA Brescia) &#8211; Italie.<\/p>\n<p>\u2794F\u00e9d\u00e9ration syndicale SUD Service public, canton de Vaud (SUD Vaud) &#8211; Suisse<\/p>\n<p>\u2794Sindicato Unitario de Catalunya (SU Metro) &#8211; Catalogne.<\/p>\n<p>\u2794T\u00fcrkiye DER\u0130-\u0130\u015e Sendikasi, Tuzla et Izmir (DER\u0130-\u0130\u015e Tuzla et Izmir) &#8211; Turquie.<\/p>\n<p>\u2794L\u2019autre syndicat, canton de Vaud (L\u2019autre syndicat) &#8211; Suisse<\/p>\n<p>\u2794Centrale G\u00e9n\u00e9rale des Services Publics FGTB, Ville de Bruxelles (CGSP\/FGTB Bruxelles) \u2013<\/p>\n<p>Belgique.<\/p>\n<p>\u2794Arbeitskreis Internationalismus IG Metall, Berlin (IG Metall Berlin) &#8211; Allemagne<\/p>\n<p>\u2794Sindicato Unificado de Trabajadores de la Educaci\u00f3n de Buenos Aires, Bahia Blanca<\/p>\n<p>(SUTEBA\/CTA de los trabajadores Bahia Blanca) &#8211; Argentine<\/p>\n<p>\u2794Sindicato del Petr\u00f3leo y Gas Privado del Chubut\/CGT &#8211; Argentine.<\/p>\n<p>\u2794UCU University and College Union, University of Liverpool (UCU Liverpool) &#8211; Angleterre.<\/p>\n<p>\u2794Sindicato di base Pavia (SDB Pavia) &#8211; Italie.<\/p>\n<p>\u2794United Auto Workers local 551 Ford Chicago (UAW Ford Chicago) \u2013 Etats-unis.<\/p>\n<p>\u2794 Sindicato Uno Prodinsa, Maip\u00fa \u2013 Chili.<\/p>\n<p>\u2794Asociaci\u00f3n Gremial de Trabajadores del Subterr\u00e1neo y Premetro, Buenos Aires (SUBTE\/CTAt) \u2013<\/p>\n<p>Argentine.<\/p>\n<p>de transport du travailleurs des Syndicat- \u0633\u0646\u062f\u06cc\u06a9\u0627\u06cc \u06a9\u0627\u0631\u06af\u0631\u0627\u0646 \u0634\u0631\u06a9\u062a \u0648\u0627\u062d\u062f \u0627\u062a\u0648\u0628\u0648\u0633\u0631\u0627\u0646\u06cc \u062a\u0647\u0631\u0627\u0646 \u0648 \u062d\u0648\u0645\u0647 )\u0648\u0627\u062d\u062f(\u2794<\/p>\n<p>T\u00e9h\u00e9ran et sa banlieue (Vahed) \u2013 Iran.<\/p>\n<p>International labour organizations<\/p>\n<p>\u2794Industrial Workers of the World &#8211; International Solidarity Commission (IWW).<\/p>\n<p>Trends, tendancies or labour networks<\/p>\n<p>\u2794Transnationals Information Exchange Germany (TIE Germany) &#8211; Allemagne.<\/p>\n<p>\u2794Emancipation tendance intersyndicale (Emancipation) &#8211; France.<\/p>\n<p>\u2794Globalization Monitor (GM) &#8211; Hong Kong.<\/p>\n<p>\u2794Courant Syndicaliste R\u00e9volutionnaire (CSR) &#8211; France.<\/p>\n<p>\u2794Fronte di lotta No Austerity &#8211; Italie.<\/p>\n<p>\u2794Solidarit\u00e9 Socialiste avec les Travailleurs en Iran (SSTI) &#8211; France.<\/p>\n<p>\u2794Basis Initiative Solidarit\u00e4t (BASO) &#8211; Allemagne.<\/p>\n<p>\u2794LabourNet Germany &#8211; Allemagne.<\/p>\n<p>\u2794Resistenza Operaia &#8211; operai Fiat-Irisbus &#8211; Italie.<\/p>\n<p>\u2794Workers Solidarity Action Network (WSAN) &#8211; Etats-Unis.<\/p>\n<p>\u2794United Voices of the World (UVW) &#8211; Grande-Bretagne.<\/p>\n<p>\u2794 Unidos pra Lutar &#8211; Br\u00e9sil.<\/p>\n<p>\u2794Corriente Pol\u00edtico Social Sindical 1\u00b0 de Mayo de Buenos Aires \u2013 Argentine.<\/p>\n<p>\u2794Coordinamento Nazionale Unitario Pensionati di oggi e di domani (CONUP) \u2013 Italie.<\/p>\n<p>\u2794National Association of Human Rights Defenders \u2013 Palestine.<\/p>\n<p>\u2794Red de Trabajadores \u2013 Argentine.<\/p>\n","protected":false},"excerpt":{"rendered":"<p>(Solidariedade aos terceirizados do Rio de Janeiro) Nos \u00faltimos meses merendeiras e porteiras e porteiros que trabalham nas escolas do Rio de Janeiro realizaram greves e manifesta\u00e7\u00f5es em frente \u00e0 prefeitura e das empresas que prestam servi\u00e7os ao poder p\u00fablico. Exigiam o b\u00e1sico: o pagamento<\/p>\n","protected":false},"author":2,"featured_media":7543,"comment_status":"open","ping_status":"open","sticky":false,"template":"","format":"standard","meta":{"footnotes":""},"categories":[17],"tags":[1498,1499,1501,1500],"class_list":["post-7542","post","type-post","status-publish","format-standard","has-post-thumbnail","hentry","category-sindical","tag-merendeiras","tag-porteiros","tag-salarios","tag-tercerizados"],"_links":{"self":[{"href":"https:\/\/www.cstuit.com\/home\/wp-json\/wp\/v2\/posts\/7542","targetHints":{"allow":["GET"]}}],"collection":[{"href":"https:\/\/www.cstuit.com\/home\/wp-json\/wp\/v2\/posts"}],"about":[{"href":"https:\/\/www.cstuit.com\/home\/wp-json\/wp\/v2\/types\/post"}],"author":[{"embeddable":true,"href":"https:\/\/www.cstuit.com\/home\/wp-json\/wp\/v2\/users\/2"}],"replies":[{"embeddable":true,"href":"https:\/\/www.cstuit.com\/home\/wp-json\/wp\/v2\/comments?post=7542"}],"version-history":[{"count":0,"href":"https:\/\/www.cstuit.com\/home\/wp-json\/wp\/v2\/posts\/7542\/revisions"}],"wp:featuredmedia":[{"embeddable":true,"href":"https:\/\/www.cstuit.com\/home\/wp-json\/wp\/v2\/media\/7543"}],"wp:attachment":[{"href":"https:\/\/www.cstuit.com\/home\/wp-json\/wp\/v2\/media?parent=7542"}],"wp:term":[{"taxonomy":"category","embeddable":true,"href":"https:\/\/www.cstuit.com\/home\/wp-json\/wp\/v2\/categories?post=7542"},{"taxonomy":"post_tag","embeddable":true,"href":"https:\/\/www.cstuit.com\/home\/wp-json\/wp\/v2\/tags?post=7542"}],"curies":[{"name":"wp","href":"https:\/\/api.w.org\/{rel}","templated":true}]}}