

	{"id":7626,"date":"2020-10-23T16:20:26","date_gmt":"2020-10-23T16:20:26","guid":{"rendered":"https:\/\/www.cstuit.com\/home\/?p=7626"},"modified":"2020-10-23T16:20:26","modified_gmt":"2020-10-23T16:20:26","slug":"campinas-vamos-com-mariana-conti-e-sem-apoio-ao-pt","status":"publish","type":"post","link":"https:\/\/www.cstuit.com\/home\/2020\/10\/23\/campinas-vamos-com-mariana-conti-e-sem-apoio-ao-pt\/","title":{"rendered":"Campinas: Vamos com Mariana Conti e sem apoio ao PT!"},"content":{"rendered":"<p style=\"text-align: right;\"><em>CST Campinas<\/em><\/p>\n<hr \/>\n<p>A conjuntura atual da cidade de Campinas \u00e9 grave, tanto do ponto de visto social, quanto pol\u00edtico. A cidade j\u00e1 registrou mais de 35 mil casos de coronav\u00edrus, com 1279 mortes, desde o in\u00edcio da pandemia. A crise econ\u00f4mica e os ataques dos Governos n\u00e3o deram tr\u00e9gua ao povo Campineiro.<\/p>\n<p>Quase 50 mil trabalhadores perderam o emprego entre Janeiro e Setembro de 2020, o que representa alta de 9,93%. Como consequ\u00eancia mais de 36 mil trabalhadores solicitaram seguro-desemprego entre mar\u00e7o e setembro de 2020. O aumento dos pedidos de seguro-desemprego numa das cidades oper\u00e1rias mais importantes do pa\u00eds supera a m\u00e9dia nacional, de 5,7%!<\/p>\n<p>Ao mesmo tempo, o mandato de Jonas Donizette (PSB) est\u00e1 envolvido em diversos esquemas de corrup\u00e7\u00e3o, como o desvio de verbas da merenda escolar. O Tribunal de Justi\u00e7a de S\u00e3o Paulo chegou inclusive a condenar Jonas \u00e0 perda do mandato por criar um cabide de empregos na Prefeitura, decis\u00e3o que ele se safou ap\u00f3s negociatas com a C\u00e2mara.<\/p>\n<p>Jonas tamb\u00e9m foi denunciado pelo Minist\u00e9rio P\u00fablico por desvio de R$8,6 milh\u00f5es da sa\u00fade, na Opera\u00e7\u00e3o Ouro Verde e mais uma vez a maioria dos Vereadores da C\u00e2mara Municipal atuaram para blind\u00e1-lo.<\/p>\n<p>Em meio a pandemia ele aproveitou para aprovar uma Reforma da Previd\u00eancia na cidade e quer impor o retorno \u00e0s aulas nas escolas municipais. Frente a esse cen\u00e1rio de crise e ataques a companheira Mariana Conti vem cumprindo um papel fundamental nas ruas e no parlamento, e por isso a CST-PSOL apoia sua candidatura.<\/p>\n<p><strong>\u00a0<\/strong><strong>\u00a0<\/strong><\/p>\n<p><strong>Mandato a servi\u00e7o das lutas!<\/strong><\/p>\n<p>Temos acompanhado desde o in\u00edcio o mandato combativo e atrelado \u00e0s lutas da companheira Mariana Conti. Acreditamos que o papel que tem cumprido, de denunciar o Prefeito Jonas e seus esquemas e enfrentando a C\u00e2mara de Vereadores em meio a crise \u00e9 fundamental.<\/p>\n<p>Mariana tem estado em todos processos de mobiliza\u00e7\u00e3o na cidade, seja da juventude, como o Tsunami da Educa\u00e7\u00e3o de 2019, seja ao lado dos trabalhadores em defesa dos professores ou dos Correios. A companheira tamb\u00e9m leva consigo a defesa das mulheres e do povo pobre e contra qualquer tipo de ataque \u00e0 nossa classe, sendo vanguarda na luta contra o machismo e o feminic\u00eddio na cidade.<\/p>\n<p>Desde o in\u00edcio da quarentena esse mandato tem denunciado as irrespons\u00e1veis flexibiliza\u00e7\u00f5es de D\u00f3ria e Jonas e contra o retorno das aulas presenciais. Em defesa da popula\u00e7\u00e3o, ela apresentou o projeto Renda B\u00e1sica Campineira, e Leito para Todos, al\u00e9m disso tamb\u00e9m protocolou um pedido de impeachment de Bolsonaro junto \u00e0 bancada Federal do PSOL.<\/p>\n<p>O mandato a servi\u00e7o das lutas e mobiliza\u00e7\u00f5es da nossa classe deve seguir e por isso a reelei\u00e7\u00e3o de Mariana (\u00fanica mulher na C\u00e2mara) \u00e9 fundamental para avan\u00e7armos no fortalecimento das lutas do povo pobre e trabalhador.<\/p>\n<p><strong>O PT n\u00e3o \u00e9 alternativa para o povo Campineiro!<\/strong><\/p>\n<p>Em Campinas a Dire\u00e7\u00e3o do PSOL cometeu um erro grave! O Diret\u00f3rio Municipal aprovou, por vota\u00e7\u00e3o dos membros da dire\u00e7\u00e3o, ou seja, sem a possibilidade da base decidir, um chamado a coliga\u00e7\u00e3o que inclu\u00eda o PT e o PCdoB.Essa decis\u00e3o foi tomada ap\u00f3s 3 plen\u00e1rias online com dezenas de militantes do Partido que se colocavam claramente contr\u00e1rios \u00e0 coliga\u00e7\u00e3o, sobretudo ap\u00f3s o \u201can\u00fancio\u201d de que nessa conforma\u00e7\u00e3o a cabe\u00e7a de chapa seria dada ao candidato do PT, o que se confirmou com a escolha de Pedro Tourinho.<\/p>\n<p>N\u00f3s da CST batalhamos, ao longo da hist\u00f3ria do partido, contra a concep\u00e7\u00e3o de que o PT seria um aliado estrat\u00e9gico. Em 2020 a justificativa para a unidade eleitoral das ditas \u201cesquerdas\u201d contra o fascismo \u00e9 utilizado, tamb\u00e9m em Campinas. N\u00e3o vemos que abrir m\u00e3o de apresentar uma alternativa para apoiar o PT fortale\u00e7a a luta contra Bolsonaro. O fato \u00e9 que a dire\u00e7\u00e3o do Partido tenta pintar a cara do PT como algo diferente do que foi o partido ao longo dos \u00faltimos 20 anos.<\/p>\n<p>Em Campinas, o PT esteve afrente do executivo em 4 mandatos e inclusive comp\u00f4s o mandato do Dr. H\u00e9lio (PDT). Da \u00faltima vez que governou, teve o mandato de Dem\u00e9trio Vilagra cassado por desvio de verbas em contratos que somavam R$600 milh\u00f5es. Al\u00e9m disso a CUT, dirigida pelo PT, tem cumprido h\u00e1 anos o papel de traidora das lutas, recentemente o papel que cumpriram na greve dos Correiosfoi de isolaro movimento e impedir a unidade com banc\u00e1rios e petroleiros falhando na luta nacional contra a extrema direita.<\/p>\n<p>Onde governam, esses partidos reabrem tudo o que podem, inclusive escolas, como no Maranha\u0303o, com Fla\u0301vio Dino (PCdoB), e no Ceara\u0301, com Camilo Santana (PT). Antes da pandemia, esses governadores apoiaram Reformas da Previde\u0302ncia nos seus estados, em termos muito parecidos com a aprovada nacionalmente por Bolsonaro. Frente a extrema-direita de Bolsonaro \u00e9 necess\u00e1rio termos claro qual pol\u00edtica queremos levar ao povo trabalhador.<\/p>\n<p>\u00c9 preciso uma poli\u0301tica alternativa, fazendo com que os governos estaduais e municipais da oposic\u0327a\u0303o sejam um exemplo de outra poli\u0301tica, voltada aos interesses dos trabalhadores, uma trincheira de organiza\u00e7\u00e3o das lutas contra Bolsonaro.<\/p>\n<p>Por tudo isso n\u00e3o apoiamos a candidatura de Pedro Tourinho, porque o povo trabalhador necessita de uma verdadeira alternativa e esse papel o PT j\u00e1 provou in\u00fameras vezes que n\u00e3o vai cumprir. Mesmo onde governa hoje, o que prima para o PT s\u00e3o seus acordos com grandes empres\u00e1rios e banqueiros, n\u00e3o uma pol\u00edtica de esquerda, voltada aos interesses dos trabalhadores e oprimidos.<\/p>\n<p>Temos batalhado em todo pa\u00eds pela conforma\u00e7\u00e3o de uma Frente de Esquerda Socialista, com os partidos que n\u00e3o est\u00e3o nos governos estaduais junto com o PT e nem governaram o pa\u00eds ao lado de PT\/PMDB. Esse chamado temos feito \u00e0s dire\u00e7\u00f5es do PCB, UP e o PSTU. Essa frente, tem condi\u00e7\u00f5es de construir um programa com uma sa\u00edda de fundo para o povo trabalhador. Na aus\u00eancia dela, e apesar de muitas diferen\u00e7as, em Campinas indicamos o voto cr\u00edtico na companheira Laura Leal, do PSTU.<\/p>\n<p>Acreditamos que a postura dos companheiros do partido dela, de n\u00e3o batalhar pela constru\u00e7\u00e3o de Frentes com o PSOL, est\u00e1 equivocada. Felizmente temos exemplos de algumas cidades, como Mariana, MG, onde o PSTU est\u00e1 numa frente eleitoral com o PSOL. Num momento de tanta crise pol\u00edtica, apresentar uma Frente Socialista nas elei\u00e7\u00f5es e nas ruas ajudaria a construir um p\u00f3lo da esquerda consequente, pol\u00edtica que impulsionaram em outras elei\u00e7\u00f5es, lado a lado com o PSOL e hoje infelizmente a dire\u00e7\u00e3o do PSTU resiste a colocar em pr\u00e1tica. Entretanto, \u00e9 um fato que o PSTU nunca se aliou aos grandes empres\u00e1rios e, manteve sua independ\u00eancia pol\u00edtica.<\/p>\n<p>A CST \u00e9 corrente fundadora do PSOL, do seu programa e do seu estatuto. Ap\u00f3s sermos expulsos do pr\u00f3prio PT por n\u00e3o votarmos favor\u00e1veis a Reforma da Previd\u00eancia, fundamos o PSOL para ser uma real alternativa para a classe trabalhadora. Mesmo sendo parte do PSOL, nosso compromisso estrat\u00e9gico \u00e9 com a classe trabalhadora, e por isso chamamos o povo Campineiro a votar Mariana Conti 50100 para Vereadora e Laura Leal 16 para Prefeitura.<\/p>\n","protected":false},"excerpt":{"rendered":"<p>CST Campinas A conjuntura atual da cidade de Campinas \u00e9 grave, tanto do ponto de visto social, quanto pol\u00edtico. A cidade j\u00e1 registrou mais de 35 mil casos de coronav\u00edrus, com 1279 mortes, desde o in\u00edcio da pandemia. A crise econ\u00f4mica e os ataques dos<\/p>\n","protected":false},"author":2,"featured_media":7627,"comment_status":"open","ping_status":"open","sticky":false,"template":"","format":"standard","meta":{"footnotes":""},"categories":[8],"tags":[1541,1310,24,1542,37,1543,1309,79],"class_list":["post-7626","post","type-post","status-publish","format-standard","has-post-thumbnail","hentry","category-debates-socialistas","tag-campinas","tag-cstpsol","tag-eleicoes","tag-marianaconti","tag-psol","tag-psolcampinas","tag-psolsp","tag-pt"],"_links":{"self":[{"href":"https:\/\/www.cstuit.com\/home\/wp-json\/wp\/v2\/posts\/7626","targetHints":{"allow":["GET"]}}],"collection":[{"href":"https:\/\/www.cstuit.com\/home\/wp-json\/wp\/v2\/posts"}],"about":[{"href":"https:\/\/www.cstuit.com\/home\/wp-json\/wp\/v2\/types\/post"}],"author":[{"embeddable":true,"href":"https:\/\/www.cstuit.com\/home\/wp-json\/wp\/v2\/users\/2"}],"replies":[{"embeddable":true,"href":"https:\/\/www.cstuit.com\/home\/wp-json\/wp\/v2\/comments?post=7626"}],"version-history":[{"count":0,"href":"https:\/\/www.cstuit.com\/home\/wp-json\/wp\/v2\/posts\/7626\/revisions"}],"wp:featuredmedia":[{"embeddable":true,"href":"https:\/\/www.cstuit.com\/home\/wp-json\/wp\/v2\/media\/7627"}],"wp:attachment":[{"href":"https:\/\/www.cstuit.com\/home\/wp-json\/wp\/v2\/media?parent=7626"}],"wp:term":[{"taxonomy":"category","embeddable":true,"href":"https:\/\/www.cstuit.com\/home\/wp-json\/wp\/v2\/categories?post=7626"},{"taxonomy":"post_tag","embeddable":true,"href":"https:\/\/www.cstuit.com\/home\/wp-json\/wp\/v2\/tags?post=7626"}],"curies":[{"name":"wp","href":"https:\/\/api.w.org\/{rel}","templated":true}]}}