

	{"id":7629,"date":"2020-10-24T20:06:31","date_gmt":"2020-10-24T20:06:31","guid":{"rendered":"https:\/\/www.cstuit.com\/home\/?p=7629"},"modified":"2020-10-24T20:06:31","modified_gmt":"2020-10-24T20:06:31","slug":"barrar-a-reforma-administrativa-de-bolsonaro-guedes-e-maia","status":"publish","type":"post","link":"https:\/\/www.cstuit.com\/home\/2020\/10\/24\/barrar-a-reforma-administrativa-de-bolsonaro-guedes-e-maia\/","title":{"rendered":"Barrar a Reforma Administrativa de Bolsonaro, Guedes e Maia"},"content":{"rendered":"<p style=\"text-align: right;\"><em>Combate Sindical e CST\/PSOL<\/em><\/p>\n<hr \/>\n<p>Estamos em meio a uma grave crise sanit\u00e1ria, que j\u00e1 matou mais de 150 mil pessoas e aprofundou a crise social no pa\u00eds com avan\u00e7o da fome e do desemprego e uma crise ambiental simbolizada nas queimadas do pantanal e amaz\u00f4nia.<\/p>\n<p>Nesse per\u00edodo de crise vimos a import\u00e2ncia dos servi\u00e7os p\u00fablicos de sa\u00fade e institutos de pesquisas que foram fundamentais para o combate a Covid-19. Do mesmo modo os demais \u00f3rg\u00e3os p\u00fablicos que atuaram com o eixo nas pol\u00edticas sociais e na defesa de nossos biomas. Mas o governo Bolsonaro n\u00e3o reconhece a import\u00e2ncia dos servi\u00e7os p\u00fablicos e quer destru\u00ed-los atrav\u00e9s\u00a0da reforma administrativa para favorecer empresas privadas, multinacionais e o agroneg\u00f3cio.<\/p>\n<p><strong>\u00a0<\/strong><strong>A PEC 32\/20 destr\u00f3i os servi\u00e7os p\u00fablicos<\/strong><\/p>\n<p>A PEC 32\/20 (emenda constitucional) da reforma administrativa acaba com a estabilidade, as progress\u00f5es e os demais instrumentos que permitem reajuste; estimula persegui\u00e7\u00e3o pol\u00edtica e, permite ao chefe do Executivo criar ou extinguir \u00f3rg\u00e3os, minist\u00e9rios e autarquias por decreto.<\/p>\n<p>O objetivo \u00e9, mais uma vez, fazer o povo pobre e os trabalhadores pagarem pela crise. Toda a suposta economia que essa contrarreforma gera n\u00e3o \u00e9 para financiar sa\u00fade e educa\u00e7\u00e3o ou algum programa social. Muito pelo contr\u00e1rio. Essa \u201ceconomia\u201d \u00e9 para garantir o pagamento de juros aos banqueiros e ao sistema financeiro, atrav\u00e9s da destina\u00e7\u00e3o de metade do or\u00e7amento para o pagamento da d\u00edvida p\u00fablica. S\u00f3 para 2021, o governo Bolsonaro j\u00e1 reservou R$ 2,2 trilh\u00f5es para o Servi\u00e7o de pagamento dessa d\u00edvida imoral.<\/p>\n<p><strong>As dire\u00e7\u00f5es das Centrais e do Fonasefe t\u00eam que organizar a luta contra a reforma administrativa<\/strong><\/p>\n<p>O Fonasefe e os f\u00f3runs e plen\u00e1rias estaduais de servidores apontaram uma primeira mobiliza\u00e7\u00e3o no dia 30\/10. Um dia nacional de luta que foi marcado por atos em 20 estados. Ainda que simb\u00f3licos, foi muito importante colocar a mobiliza\u00e7\u00e3o na rua. No Rio de Janeiro, o SINTUFF e o F\u00f3rum Estadual dos Servidores organizaram uma passeata no centro da capital carioca, mostrando disposi\u00e7\u00e3o\u00a0e evidenciando que \u00e9 poss\u00edvel organizar atividades com certo destaque.\u00a0Infelizmente, as dire\u00e7\u00f5es majorit\u00e1rias do Fonasefe n\u00e3o concretizaram de forma efetiva esse calend\u00e1rio. E entidades com peso de correntes de esquerda (Insurg\u00eancia, Resist\u00eancia e PCB) tamb\u00e9m n\u00e3o atuaram para construir o movimento, caso do SEPE. O que foi equivocado.<\/p>\n<p>As grandes centrais sindicais como CUT, CTB e For\u00e7a Sindical, praticamente n\u00e3o mobilizaram e nem participaram da grande maioria dos atos, repetindo a mesma postura que tiveram diante das contrarreformas trabalhista e previdenci\u00e1ria e na recente greve dos correios, em que n\u00e3o apostaram nas mobiliza\u00e7\u00f5es. Essa atua\u00e7\u00e3o da c\u00fapula da CUT, CTB, For\u00e7a Sindical, de complac\u00eancia com o governo de extrema direita \u00e9 inaceit\u00e1vel.<\/p>\n<p><strong>Organizar os atos do dia 28\/10<\/strong><\/p>\n<p>Concordamos com a continuidade dos atos e plen\u00e1rias estaduais propostos pelo Fonasefe achamos que o caminho \u00e9 esse. Agora \u00e9 construir de forma efetiva essa pol\u00edtica, atrav\u00e9s de assembleias e reuni\u00f5es na base das entidades que comp\u00f5em o f\u00f3rum. Desde j\u00e1, exigimos da CUT, CTB, CONDSEF e CNTE a constru\u00e7\u00e3o efetiva do dia 28\/10. A unidade de a\u00e7\u00e3o \u00e9 fundamental nesse momento, e ela s\u00f3 pode ocorrer se for para mobilizar o conjunto dos servidores para derrotar essa contrarreforma administrativa.<\/p>\n<p>Do mesmo modo, entidades com peso de setores da CSP-CONLUTAS e do PSOL e PCB devem atuar para concretizar os calend\u00e1rios unificados. Esse deve ser o papel do ANDES-SN, FASUBRA, SINASEFE e sindicatos como o SEPE. Esse deve ser o eixo fundamental da CSP-CONLUTAS.<\/p>\n<p>Ao mesmo tempo, \u00e9 necess\u00e1rio construir um plano alternativo que passe pelo n\u00e3o pagamento da d\u00edvida e pela taxa\u00e7\u00e3o das grandes fortunas, para garantir sal\u00e1rio, aux\u00edlio emergencial, emprego e sa\u00fade. Com esse plano poderemos inverter a injusta pir\u00e2mide social do Brasil, onde os ricos continuam aumentando as suas riquezas, ao mesmo tempo em que cresce a mis\u00e9ria no pa\u00eds.<\/p>\n","protected":false},"excerpt":{"rendered":"<p>Combate Sindical e CST\/PSOL Estamos em meio a uma grave crise sanit\u00e1ria, que j\u00e1 matou mais de 150 mil pessoas e aprofundou a crise social no pa\u00eds com avan\u00e7o da fome e do desemprego e uma crise ambiental simbolizada nas queimadas do pantanal e amaz\u00f4nia.<\/p>\n","protected":false},"author":2,"featured_media":7630,"comment_status":"open","ping_status":"open","sticky":false,"template":"","format":"standard","meta":{"footnotes":""},"categories":[5],"tags":[1065,549,1544,1418,1489,1545,37,1487,1490],"class_list":["post-7629","post","type-post","status-publish","format-standard","has-post-thumbnail","hentry","category-nacional","tag-forabolsonaro","tag-bolsonaro","tag-congresso","tag-fora","tag-guedes","tag-maia","tag-psol","tag-reforma","tag-reformaadministrativa"],"_links":{"self":[{"href":"https:\/\/www.cstuit.com\/home\/wp-json\/wp\/v2\/posts\/7629","targetHints":{"allow":["GET"]}}],"collection":[{"href":"https:\/\/www.cstuit.com\/home\/wp-json\/wp\/v2\/posts"}],"about":[{"href":"https:\/\/www.cstuit.com\/home\/wp-json\/wp\/v2\/types\/post"}],"author":[{"embeddable":true,"href":"https:\/\/www.cstuit.com\/home\/wp-json\/wp\/v2\/users\/2"}],"replies":[{"embeddable":true,"href":"https:\/\/www.cstuit.com\/home\/wp-json\/wp\/v2\/comments?post=7629"}],"version-history":[{"count":0,"href":"https:\/\/www.cstuit.com\/home\/wp-json\/wp\/v2\/posts\/7629\/revisions"}],"wp:featuredmedia":[{"embeddable":true,"href":"https:\/\/www.cstuit.com\/home\/wp-json\/wp\/v2\/media\/7630"}],"wp:attachment":[{"href":"https:\/\/www.cstuit.com\/home\/wp-json\/wp\/v2\/media?parent=7629"}],"wp:term":[{"taxonomy":"category","embeddable":true,"href":"https:\/\/www.cstuit.com\/home\/wp-json\/wp\/v2\/categories?post=7629"},{"taxonomy":"post_tag","embeddable":true,"href":"https:\/\/www.cstuit.com\/home\/wp-json\/wp\/v2\/tags?post=7629"}],"curies":[{"name":"wp","href":"https:\/\/api.w.org\/{rel}","templated":true}]}}