

	{"id":7632,"date":"2020-10-27T14:57:47","date_gmt":"2020-10-27T14:57:47","guid":{"rendered":"https:\/\/www.cstuit.com\/home\/?p=7632"},"modified":"2020-10-27T14:57:47","modified_gmt":"2020-10-27T14:57:47","slug":"declaracao-de-trabalhadoras-e-trabalhadores-da-saude-em-luta","status":"publish","type":"post","link":"https:\/\/www.cstuit.com\/home\/2020\/10\/27\/declaracao-de-trabalhadoras-e-trabalhadores-da-saude-em-luta\/","title":{"rendered":"Declara\u00e7\u00e3o de trabalhadoras e trabalhadores da sa\u00fade em luta"},"content":{"rendered":"<p style=\"text-align: right;\"><em>Declara\u00e7\u00e3o de trabalhadoras e trabalhadores da sa\u00fade em luta da Unidade Internacional de Trabalhadoras e Trabalhadores &#8211; Quarta Internacional (UIT-QI) &#8211;\u00a002 de outubro de 2020.<\/em><\/p>\n<hr \/>\n<p><strong>Basta de mortes evit\u00e1veis! Defendamos \u00f3timas condi\u00e7\u00f5es de trabalho e o sistema estatal de sa\u00fade!<\/strong><\/p>\n<p>A atual pandemia gerada pelo novo coronav\u00edrus produziu em todo o mundo um milh\u00e3o de mortes e mais de 24 milh\u00f5es de contamina\u00e7\u00f5es confirmadas. O continente americano, somando somente as mortes dos Estados Unidos, Brasil, M\u00e9xico, Peru, Col\u00f4mbia, Chile e Argentina, chega a metade do total mundial.<\/p>\n<p>A criminosa e anti-cient\u00edfica pol\u00edtica negacionista sustentada por Donald Trump e Jair Bolsonaro, em primeiro lugar, mas tamb\u00e9m por outros governantes, \u00e9 a principal mas n\u00e3o a \u00fanica respons\u00e1vel por esses n\u00fameros assustadores. Tamb\u00e9m \u00e9 a persist\u00eancia nega\u00e7\u00e3o dos governos em investir em m\u00e9todos generalizados de rastreio epidemiol\u00f3gico e em apoiar economicamente de maneira adequada a popula\u00e7\u00e3o isolada.<\/p>\n<p>Por isso, as trabalhadoras e trabalhadores e os setores populares foram os mais duramente castigados. Basta ver os dados dos bairros populares das grandes cidades como Rio de Janeiro, Bogot\u00e1, Santiago, Guayaquil, La Paz, Santa Cruz de la SIerra, Lima e Buenos Aires, que concentram a maior propor\u00e7\u00e3o de v\u00edtimas. Da mesma forma, em Nova York e Chicago os afro americanos e imigrantes latinos foram a maior propor\u00e7\u00e3o de mortos.<\/p>\n<p>A pandemia exp\u00f4s tamb\u00e9m a deteriora\u00e7\u00e3o dos sistemas de sa\u00fade, fruto de pol\u00edticas de ajuste fiscal que, promovidas pelo FMI e pelo Banco Mundial, foram impostas por todos os governos. Essas pol\u00edticas consistem basicamente em dois aspectos. Um \u00e9 o estrangulamento do or\u00e7amento e o desinvestimento do sistema p\u00fablico de sa\u00fade para destru\u00ed-lo. A outra \u00e9 a terceiriza\u00e7\u00e3o e privatiza\u00e7\u00e3o do sistema para transform\u00e1-lo em outro territ\u00f3rio de gera\u00e7\u00e3o de renda do capital com a consequente corrup\u00e7\u00e3o generalizada do mesmo.<\/p>\n<p>Essas pol\u00edticas invertem a l\u00f3gica dos servi\u00e7os de sa\u00fade que, ao inv\u00e9s de serem colocados a servi\u00e7o da popula\u00e7\u00e3o pautados por crit\u00e9rios cient\u00edficos, sociais e epidemiol\u00f3gicos, s\u00e3o direcionados \u00e0 busca do lucro capitalista em detrimento dessas necessidades. Um exemplo dram\u00e1tico \u00e9 a atual disputa pelo monop\u00f3lio da vacina que dispersa os recursos ao inv\u00e9s de concentr\u00e1-los em uma investiga\u00e7\u00e3o colaborativa internacional, retardando assim o momento em que a humanidade poderia ter essa ferramenta para combater a pandemia.<\/p>\n<p>As pol\u00edticas de cortes na sa\u00fade significam para seus trabalhadores um aumento ainda mais brutal da explora\u00e7\u00e3o a qual est\u00e3o submetidos. A precariedade das rela\u00e7\u00f5es de trabalho e a perda da estabilidade do emprego \u00e9 um objetivo privilegiado de governos e empregadores, tanto no sistema p\u00fablico, como no privado. Por isso, lutam contra os estatutos de trabalho e as carreiras hospitalares, onde existem, e impedem a sua implementa\u00e7\u00e3o onde n\u00e3o existem. Para baixar os sal\u00e1rios e eliminar as conquistas sociais, apelam \u00e0 banaliza\u00e7\u00e3o do servi\u00e7o de sa\u00fade por meio de trabalhadores n\u00e3o qualificados e mecanismos como a telemedicina. Desse modo, em prol da renda do capital, sacrificam as equipes de sa\u00fade qualificada, est\u00e1veis e em forma\u00e7\u00e3o permanente, capazes de intervir no processo sa\u00fade-doen\u00e7a tanto dos indiv\u00edduos quanto das comunidades. Parte da ofensiva contra os sal\u00e1rios \u00e9 o ataque aos fundos de pens\u00e3o.<\/p>\n<p>Nada disso teria sido poss\u00edvel se os governos e patr\u00f5es n\u00e3o tivessem contado com o sil\u00eancio c\u00famplice &#8211; e mesmo com o acompanhamento &#8211; dos dirigentes sindicais burocratizados.<\/p>\n<p>Essa ofensiva sobre o n\u00edvel de vida dos profissionais de sa\u00fade deu um salto no contexto da atual pandemia. Agora, sua sa\u00fade e vida tamb\u00e9m est\u00e3o diretamente amea\u00e7adas. Os n\u00fameros mostram, em todo o mundo, que os trabalhadores da sa\u00fade s\u00e3o uma parcela significativa dos contaminados, doentes e, infelizmente, mortos. Mortes que, muitas vezes, teriam sido evitadas com o simples recurso de licenciar pessoas em condi\u00e7\u00f5es de risco.<\/p>\n<p>Os trabalhadores e trabalhadoras da sa\u00fade s\u00e3o os que t\u00eam resistido, embora com resultados diferentes, a esses planos dos organismos financeiros internacionais executados pelos governos patronais. Hoje lutamos tamb\u00e9m por nossa sa\u00fade e nossas vidas. N\u00f3s, trabalhadores da sa\u00fade, ocupamos as ruas em muitos pa\u00edses resistindo aos abusos e exigindo melhorias.<\/p>\n<p>Dessa forma, devemos enfrentar tamb\u00e9m a burocracia sindical que atua como uma muro de conten\u00e7\u00e3o para impedir a luta dos trabalhadores. Por isso, grande parte das lutas atuais s\u00e3o feitas tamb\u00e9m contra o freio dos dirigentes traidores e s\u00e3o adotadas diferentes formas de organiza\u00e7\u00e3o que permitem a express\u00e3o das bases e que funcionem para centralizar e sustentar o movimento. A luta por dirigentes que sejam\u00a0 independentes do governo e dos patr\u1ebdos \u00e9 uma parte fundamental desse movimento.<\/p>\n<p>Os\u00a0 planos dos patr\u00f5es imperialistas s\u00e3o globais, para todas as na\u00e7\u00f5es. Por isso nos reunimos com colegas de diferentes pa\u00edses para trocar experi\u00eancias e desenvolver t\u00e1ticas comuns, campanhas internacionais e a\u00e7\u00f5es conjuntas para ajudar a desenvolver essas lutas.<\/p>\n<p>Nesse marco, resolvemos:<\/p>\n<p>Apoiar todas as lutas das trabalhadoras e trabalhadores da sa\u00fade, pela defesa de nossas vidas com sal\u00e1rios dignos e condi\u00e7\u00f5es seguras de trabalho garantidas por comit\u00eas de crise dos trabalhadores nos locais de trabalho. Contra a discrimina\u00e7\u00e3o contra as trabalhadoras da sa\u00fade, seja por sal\u00e1rios mais baixos ou outras formas.<\/p>\n<p>Lutar pela centraliza\u00e7\u00e3o de todos os recursos p\u00fablicos e privados, rumo \u00e0 nacionaliza\u00e7\u00e3o da medicina, respeitando e ampliando as conquistas e direitos dos trabalhadores e das pessoas na \u00e1rea da sa\u00fade.<\/p>\n<p>Para que sejam os grandes patr\u00f5es imperialistas que paguem e n\u00e3o os trabalhadores, queremos impor que o financiamento da sa\u00fade venha do n\u00e3o pagamento da d\u00edvida p\u00fablica e de um imposto de emerg\u00eancia sobre as grandes fortunas.<\/p>\n","protected":false},"excerpt":{"rendered":"<p>Declara\u00e7\u00e3o de trabalhadoras e trabalhadores da sa\u00fade em luta da Unidade Internacional de Trabalhadoras e Trabalhadores &#8211; Quarta Internacional (UIT-QI) &#8211;\u00a002 de outubro de 2020. Basta de mortes evit\u00e1veis! Defendamos \u00f3timas condi\u00e7\u00f5es de trabalho e o sistema estatal de sa\u00fade! A atual pandemia gerada pelo<\/p>\n","protected":false},"author":2,"featured_media":7633,"comment_status":"open","ping_status":"open","sticky":false,"template":"","format":"standard","meta":{"footnotes":""},"categories":[6],"tags":[1546,31,1002,897,1040,144],"class_list":["post-7632","post","type-post","status-publish","format-standard","has-post-thumbnail","hentry","category-internacional","tag-classe","tag-internacional","tag-luta","tag-protestos","tag-saude","tag-trabalhadores"],"_links":{"self":[{"href":"https:\/\/www.cstuit.com\/home\/wp-json\/wp\/v2\/posts\/7632","targetHints":{"allow":["GET"]}}],"collection":[{"href":"https:\/\/www.cstuit.com\/home\/wp-json\/wp\/v2\/posts"}],"about":[{"href":"https:\/\/www.cstuit.com\/home\/wp-json\/wp\/v2\/types\/post"}],"author":[{"embeddable":true,"href":"https:\/\/www.cstuit.com\/home\/wp-json\/wp\/v2\/users\/2"}],"replies":[{"embeddable":true,"href":"https:\/\/www.cstuit.com\/home\/wp-json\/wp\/v2\/comments?post=7632"}],"version-history":[{"count":0,"href":"https:\/\/www.cstuit.com\/home\/wp-json\/wp\/v2\/posts\/7632\/revisions"}],"wp:featuredmedia":[{"embeddable":true,"href":"https:\/\/www.cstuit.com\/home\/wp-json\/wp\/v2\/media\/7633"}],"wp:attachment":[{"href":"https:\/\/www.cstuit.com\/home\/wp-json\/wp\/v2\/media?parent=7632"}],"wp:term":[{"taxonomy":"category","embeddable":true,"href":"https:\/\/www.cstuit.com\/home\/wp-json\/wp\/v2\/categories?post=7632"},{"taxonomy":"post_tag","embeddable":true,"href":"https:\/\/www.cstuit.com\/home\/wp-json\/wp\/v2\/tags?post=7632"}],"curies":[{"name":"wp","href":"https:\/\/api.w.org\/{rel}","templated":true}]}}