

	{"id":765,"date":"2016-02-21T18:38:42","date_gmt":"2016-02-21T18:38:42","guid":{"rendered":"https:\/\/www.cstuit.com\/home\/?p=765"},"modified":"2016-02-22T22:42:13","modified_gmt":"2016-02-22T22:42:13","slug":"venezuela-o-governo-e-responsavel-pela-catastrofe-social","status":"publish","type":"post","link":"https:\/\/www.cstuit.com\/home\/2016\/02\/21\/venezuela-o-governo-e-responsavel-pela-catastrofe-social\/","title":{"rendered":"Venezuela | O governo \u00e9 respons\u00e1vel pela cat\u00e1strofe social"},"content":{"rendered":"<p>Por\u00a0<em>Partido Socialismo e Liberdade (PSL) da Venezuela<\/em><\/p>\n<div style=\"text-align: justify;\" align=\"right\">A crise se agrava e a vida cotidiana para milh\u00f5es de trabalhadores e setores populares \u00e9 insustent\u00e1vel. Os sal\u00e1rios est\u00e3o destru\u00eddos, a infla\u00e7\u00e3o galopante corr\u00f3i os sal\u00e1rios sem miseric\u00f3rdia. N\u00e3o se consegue alimentos; as filas em janeiro e fevereiro foram maiores do que nunca. N\u00e3o h\u00e1 medicamentos, no marco de uma grave crise da sa\u00fade, que converteu doen\u00e7as contagiosas como a Zika, Chikungunya, dengue e outras, em algo cotidiano para milhares de pessoas. Soma-se a tudo isso a escassez da \u00e1gua, fruto da falta de planejamento de um governo err\u00e1tico e incapaz. O transporte \u00e9 uma calamidade; voltam os apag\u00f5es; as demiss\u00f5es em empresas p\u00fablicas e privadas est\u00e1 na ordem do dia, colocando em evid\u00eancia a magnitude da recess\u00e3o econ\u00f4mica. Assim n\u00e3o se pode viver.<\/div>\n<p style=\"text-align: justify;\">O descontentamento e o recha\u00e7o ao governo se estendem a todos os setores. Isso se expressou no voto castigo nas elei\u00e7\u00f5es para Assembleia Nacional em 6 de dezembro. Maduro se mostra incapaz de tomar medidas que possam reverter a acelerada deteriora\u00e7\u00e3o das condi\u00e7\u00f5es de vida da maioria da popula\u00e7\u00e3o.<\/p>\n<p style=\"text-align: justify;\">O governo coloca em evid\u00eancia seu falso discurso socialista, chamando o setor mais opositor da burguesia, encabe\u00e7ada por Cisneros, Vollmer e a Associa\u00e7\u00e3o Banc\u00e1ria, para que o ajudem a sair do atoleiro no qual se encontra.<\/p>\n<p style=\"text-align: justify;\">Falam de \u201cguerra econ\u00f4mica\u201d, mas eles que iniciaram a guerra contra o povo, esbanjando e roubando milh\u00f5es de d\u00f3lares na \u00e9poca dos altos pre\u00e7os do petr\u00f3leo, e agora se negam a pagar cesta-ticket (subs\u00eddio de alimenta\u00e7\u00e3o) aos aposentados. Somente favoreceram a corrup\u00e7\u00e3o e os neg\u00f3cios da boliburguesia, transnacionais e empres\u00e1rios amigos. Enquanto isso, os trabalhadores seguem com sal\u00e1rios miser\u00e1veis.<\/p>\n<p style=\"text-align: justify;\">\nNovas amea\u00e7as \u00e0s liberdades democr\u00e1ticas<\/p>\n<p style=\"text-align: justify;\">\nN\u00e3o s\u00f3 o governo nos levou a esta cat\u00e1strofe econ\u00f4mica e social, mas tamb\u00e9m tem sido um governo repressor, como ficou n\u00edtido nos protestos de 2014. Profundamente antidemocr\u00e1tico contra os trabalhadores e o povo. Reprimindo greves e in\u00fameras manifesta\u00e7\u00f5es, perseguindo e despedindo trabalhadores, intervindo em elei\u00e7\u00f5es sindicais como na Sidor. Este governo \u00e9 respons\u00e1vel, junto com latifundi\u00e1rios, pela morte de Sabino Romero. Prendeu trabalhadores simplesmente por lutarem, como os da Sidor ou os de Civetchi, e, al\u00e9m disso, deixou correr solto o \u201csicariato\u201d (bandidos pagos pelos empres\u00e1rios para enfrentar as a\u00e7\u00f5es dos trabalhadores e inclusive para assassinar lideran\u00e7as das mobiliza\u00e7\u00f5es) como no caso de centenas de trabalhadores da constru\u00e7\u00e3o, e de nossos camaradas dirigentes sindicais de Araguaia.<\/p>\n<p style=\"text-align: justify;\">O governo burla suas pr\u00f3prias leis e Constitui\u00e7\u00e3o burguesa, e passa por cima da vontade popular, utilizando o Tribunal Superior de Justi\u00e7a para aprovar o nefasto decreto de Emerg\u00eancia Econ\u00f4mica, com o qual pretende ter total liberdade para seguir aprofundando o ajuste contra o povo trabalhador.<br \/>\nFinalizando o per\u00edodo da anterior Assembleia Nacional, se dedicaram arbitr\u00e1ria e ilegitimamente a designar magistrados no TSJ, ao melhor estilo de David Morales Bello, e seus \u201ctribus\u201d judiciais do \u201cpuntofijismo\u201d.(a direita tradicional faz um pacto em 1958 entre a democracia crist\u00e3 e a socialdemocracia, -AD e COPEI- chamado de acordo de Punto Fijo pela cidade onde foi assinado).<\/p>\n<p style=\"text-align: justify;\">Agora utiliza o TSJ contra o parlamento eleito por milh\u00f5es de pessoas. Ainda que n\u00e3o depositemos nenhuma confian\u00e7a em um parlamento burgu\u00eas, nem muito menos nos partidos da MUD, hoje majorit\u00e1rios na Assembleia, isso evidencia o car\u00e1ter antidemocr\u00e1tico e autorit\u00e1rio do governo, sem se importar em passar por cima da vontade popular. Todas estas medidas n\u00e3o fazem outra coisa do que abrir espa\u00e7o para um eventual maior autoritarismo, com o apoio dos militares e corpos repressivos.<\/p>\n<p style=\"text-align: justify;\">Recha\u00e7amos estas a\u00e7\u00f5es do governo, e exigimos que n\u00e3o sejam utilizadas contra o povo trabalhador mobilizado. Exigimos liberdade de manifesta\u00e7\u00e3o, pleno direito de greve, readmiss\u00e3o de todos os demitidos por lutar ou expressar suas opini\u00f5es pol\u00edticas, em particular do nosso camarada Bladimir Carvajal, que se realizem as elei\u00e7\u00f5es em Sutiss e na Futpv, como nos demais sindicatos onde est\u00e3o pendentes, ou as que o CNE ainda n\u00e3o reconheceu.<\/p>\n<p style=\"text-align: justify;\">\nO governo \u00e9 o respons\u00e1vel pelo desastre que vive o povo trabalhador<\/p>\n<p style=\"text-align: justify;\">\nN\u00e3o h\u00e1 d\u00favidas, e maioria do povo trabalhador tamb\u00e9m entende assim, que o principal respons\u00e1vel por esta situa\u00e7\u00e3o desesperadora \u00e9 o governo encabe\u00e7ado por Nicol\u00e1s Maduro.\u00a0Um governo que respalda demiss\u00f5es e permite aumentos incontrol\u00e1veis dos pre\u00e7os de produtos de primeira necessidade n\u00e3o pode continuar.<\/p>\n<p style=\"text-align: justify;\">Um governo que permite a especula\u00e7\u00e3o e \u00e9 c\u00famplice do roubo de funcion\u00e1rios corruptos. Que se nega a pagar a cesta-ticket e o aux\u00edlio-m\u00e9dico aos aposentados e pensionistas, que faz com que os trabalhadores que ganham um sal\u00e1rio m\u00ednimo paguem impostos, deixa claro que j\u00e1 se esgotou e n\u00e3o deve continuar.<\/p>\n<p style=\"text-align: justify;\">O falso socialismo de Ch\u00e1vez e Maduro levou o pa\u00eds \u00e0 beira do abismo. Enquanto isso, beneficiou os banqueiros, importadores, transnacionais petroleiras, das comunica\u00e7\u00f5es, e enriqueceu os empres\u00e1rios e funcion\u00e1rios corruptos que roubaram mais de 70 bilh\u00f5es de d\u00f3lares, os quais o povo chamou em sua sabedoria: \u201cboliburguesia\u201d.<\/p>\n<p style=\"text-align: justify;\">\nPor uma sa\u00edda oper\u00e1ria e popular frente \u00e0 crise social e pol\u00edtica<\/p>\n<p style=\"text-align: justify;\">\nNeste contexto de crise generalizada \u00e9 necess\u00e1ria e urgente a mobiliza\u00e7\u00e3o massiva e unit\u00e1ria do povo por sal\u00e1rios dignos, abastecimento de alimentos e medicamentos.<\/p>\n<p style=\"text-align: justify;\">Nem o governo, nem a Assembleia Nacional v\u00e3o resolver os problemas. A partir disso, que o Partido Socialismo e Liberdade chama a Unete, (uma das centrais sindicais) dirigida por Marcela M\u00e1spero, os sindicatos de professores, os sindicatos do setor de energia, Sunepinparques, os universit\u00e1rios, os trabalhadores demitidos de Petrocasa e inumer\u00e1veis empresas em Carabobo e outros estados, os das empresas de produ\u00e7\u00e3o de conservas de peixe em Sucre, os sindicatos das empresas b\u00e1sicas, e a todos setores oper\u00e1rios e populares em luta, a construir uma alternativa dos trabalhadores, da juventude e das comunidades, para levantar nossa voz aut\u00f4noma, apresentar ao pa\u00eds um Plano econ\u00f4mico e social de emerg\u00eancia Oper\u00e1rio e Popular, para enfrentar a grave crise que vivemos, e para que n\u00e3o sejamos n\u00f3s, os assalariados e pobres do campo e da cidade, que paguemos a crise criada pelo governo, os patr\u00f5es e as transnacionais.<\/p>\n<p style=\"text-align: justify;\">Nesse marco, o PSL prop\u00f5e aos sindicatos, conselhos comunais e ativistas juvenis, convocar um Encontro Nacional Sindical e Popular que discuta esse Plano econ\u00f4mico e social de emerg\u00eancia, que parta de exigir aumento geral sal\u00e1rios e que o sal\u00e1rio m\u00ednimo seja igual ao valor da cesta b\u00e1sica, que se pague cesta-ticket aos aposentados, readmiss\u00e3o de todos os trabalhadores demitidos injustificadamente, que se liberte os trabalhadores presos (Rodney Alvarez. Yadira Naranjo, Susana Rodr\u00edguez e Daniel Camejo); que n\u00e3o se pague a d\u00edvida externa, que a Pdvsa seja 100% estatal, sem empresas mistas nem transnacionais, e que impulsione um plano de mobiliza\u00e7\u00e3o contra o ajuste que pretende jogar nas costas dos trabalhadores e do povo a conta da crise.<\/p>\n<p style=\"text-align: justify;\">Visto que a MUD, a partir da Assembleia Nacional, tamb\u00e9m n\u00e3o est\u00e1 propondo nada no sentido de resolver estes problemas, n\u00e3o acreditamos que um governo da MUD tenha disposi\u00e7\u00e3o e capacidade de resolv\u00ea-los. \u00c9 necess\u00e1ria uma sa\u00edda oper\u00e1ria e popular frente \u00e0 crise, impor nossa agenda atrav\u00e9s da mobiliza\u00e7\u00e3o, na perspectiva da constru\u00e7\u00e3o de um governo dos trabalhadores, das comunidades organizadas, dos camponeses, ind\u00edgenas e demais setores oprimidos.<\/p>\n<p style=\"text-align: justify;\">15 de fevereiro de 2016, Venezuela<\/p>\n","protected":false},"excerpt":{"rendered":"<p>Por\u00a0Partido Socialismo e Liberdade (PSL) da Venezuela A crise se agrava e a vida cotidiana para milh\u00f5es de trabalhadores e setores populares \u00e9 insustent\u00e1vel. Os sal\u00e1rios est\u00e3o destru\u00eddos, a infla\u00e7\u00e3o galopante corr\u00f3i os sal\u00e1rios sem miseric\u00f3rdia. N\u00e3o se consegue alimentos; as filas em janeiro e<\/p>\n","protected":false},"author":1,"featured_media":766,"comment_status":"open","ping_status":"open","sticky":false,"template":"","format":"standard","meta":{"footnotes":""},"categories":[6],"tags":[25,3],"class_list":["post-765","post","type-post","status-publish","format-standard","has-post-thumbnail","hentry","category-internacional","tag-maduro","tag-venezuela"],"_links":{"self":[{"href":"https:\/\/www.cstuit.com\/home\/wp-json\/wp\/v2\/posts\/765","targetHints":{"allow":["GET"]}}],"collection":[{"href":"https:\/\/www.cstuit.com\/home\/wp-json\/wp\/v2\/posts"}],"about":[{"href":"https:\/\/www.cstuit.com\/home\/wp-json\/wp\/v2\/types\/post"}],"author":[{"embeddable":true,"href":"https:\/\/www.cstuit.com\/home\/wp-json\/wp\/v2\/users\/1"}],"replies":[{"embeddable":true,"href":"https:\/\/www.cstuit.com\/home\/wp-json\/wp\/v2\/comments?post=765"}],"version-history":[{"count":0,"href":"https:\/\/www.cstuit.com\/home\/wp-json\/wp\/v2\/posts\/765\/revisions"}],"wp:featuredmedia":[{"embeddable":true,"href":"https:\/\/www.cstuit.com\/home\/wp-json\/wp\/v2\/media\/766"}],"wp:attachment":[{"href":"https:\/\/www.cstuit.com\/home\/wp-json\/wp\/v2\/media?parent=765"}],"wp:term":[{"taxonomy":"category","embeddable":true,"href":"https:\/\/www.cstuit.com\/home\/wp-json\/wp\/v2\/categories?post=765"},{"taxonomy":"post_tag","embeddable":true,"href":"https:\/\/www.cstuit.com\/home\/wp-json\/wp\/v2\/tags?post=765"}],"curies":[{"name":"wp","href":"https:\/\/api.w.org\/{rel}","templated":true}]}}