

	{"id":7703,"date":"2020-11-22T22:34:59","date_gmt":"2020-11-22T22:34:59","guid":{"rendered":"https:\/\/www.cstuit.com\/home\/?p=7703"},"modified":"2020-11-22T22:34:59","modified_gmt":"2020-11-22T22:34:59","slug":"o-racismo-mata-e-isso-tem-que-acabar-justica-para-joao-alberto","status":"publish","type":"post","link":"https:\/\/www.cstuit.com\/home\/2020\/11\/22\/o-racismo-mata-e-isso-tem-que-acabar-justica-para-joao-alberto\/","title":{"rendered":"O racismo mata e isso tem que acabar! Justi\u00e7a para Jo\u00e3o Alberto!"},"content":{"rendered":"<p>Na semana da \u201cConsci\u00eancia Negra\u201d, um triste e revoltante epis\u00f3dio marcou a noite do dia 19 (\u00faltima quinta-feira). Mais uma vez, o racismo exp\u00f4s toda a sua crueldade e fez mais uma v\u00edtima. Um homem chamado Jo\u00e3o Alberto Silveira de Freitas, de 40 anos, foi brutalmente espancado at\u00e9 a morte pelos seguran\u00e7as da loja do Carrefour, localizada na zona norte da capital ga\u00facha, no bairro de Passo D\u2019Areia.<\/p>\n<p>Esse crime se soma a tantos outros, cometidos diariamente pelos instrumentos de repress\u00e3o, seja do poder p\u00fablico ou da iniciativa privada. O Carrefour j\u00e1 carrega em seu hist\u00f3rico outros casos de racismo. Em nota, o Carrefour fala da \u201cforma inadequada\u201d como se \u201ctratou Joao Alberto\u201d. N\u00f3s afirmamos que os empres\u00e1rios, gerentes e seguran\u00e7as dessa empresa capitalista cometeram um crime racista e devem ser punidos. Com a referida nota, os donos do Carrefour mostram como para os capitalistas as vidas negras N\u00c3O importam. N\u00e3o podemos aceitar que corpos negros continuem sendo tratados sempre como corpos criminosos que podem ser abatidos, precisamos combater nas ruas a naturaliza\u00e7\u00e3o dessas mortes.<\/p>\n<p><strong>O governo \u00e9 racista!<\/strong><\/p>\n<p>Lamentavelmente, \u00e0 frente do pa\u00eds temos um presidente declaradamente racista, que escolheu uma pessoa que nega a exist\u00eancia do racismo para assumir a Funda\u00e7\u00e3o Palmares. A extrema direita bolsonarista que est\u00e1 no governo respalda esse tipo de atitude como as que ocorrem no Carrefour. As declara\u00e7\u00f5es de Bolsonaro e do vice-presidente Mour\u00e3o, de que &#8220;n\u00e3o existe racismo no Brasil&#8221;, de que ser\u00edamos &#8220;todos da mesma cor&#8221; e de que esse seria um conflito &#8220;importado&#8221;, servem \u00e0 manuten\u00e7\u00e3o do mito da &#8220;democracia racial&#8221;, que tem ajudado a encobrir toda a viol\u00eancia racista do Estado brasileiro ao longo da hist\u00f3ria. A luta contra o racismo est\u00e1 diretamente conectada com a luta contra o governo Bolsonaro e seus pares. Durante a pandemia, ficou muito evidente que o n\u00famero de mortes por COVID-19 \u00e9 majoritariamente de negros e negras, o que \u00e9 parte do racismo estrutural.<\/p>\n<p><strong>O caminho \u00e9 protestar nas ruas!<\/strong><\/p>\n<p>Hoje, na capital ga\u00facha, aconteceu um ato em frente \u00e0 loja do Carrefour onde ocorreu essa crueldade. J\u00e1 aconteceram alguns protestos em S\u00e3o Paulo e no Rio e se discute realizar manifesta\u00e7\u00f5es de rua em diversas capitais do pa\u00eds, em rep\u00fadio ao assassinato de Jo\u00e3o Alberto. \u00c9 fundamental nacionalizar essas a\u00e7\u00f5es contra a terr\u00edvel estat\u00edstica de que a cada 23 minutos um negro \u00e9 assassinado no pa\u00eds, conectando-as com as demais lutas em curso, como o dia 25 do movimento feminista. Ou ainda, com as plen\u00e1rias dos servidores contra a reforma administrativa e em defesa dos \u00f3rg\u00e3os estatais.<\/p>\n<p>O levante antirracista e antifascista que ocupou as ruas este ano, nos EUA, deve nos servir de exemplo para retomar movimentos antirracistas como o que ocorreu em v\u00e1rias cidades do Brasil, em maio deste ano, em unidade com as torcidas antifascistas. Precisamos unificar nossa luta contra os ataques do governo Bolsonaro, governadores e prefeitos, contra os empres\u00e1rios racistas e todos que nos atacam e nos matam, seja por meio das pol\u00edticas genocidas de seguran\u00e7a, que permitem desdobramentos no setor de seguran\u00e7a privada, ou pela aus\u00eancia de pol\u00edticas p\u00fablicas de combate \u00e0 pandemia e \u00e0 fome.<\/p>\n","protected":false},"excerpt":{"rendered":"<p>Na semana da \u201cConsci\u00eancia Negra\u201d, um triste e revoltante epis\u00f3dio marcou a noite do dia 19 (\u00faltima quinta-feira). Mais uma vez, o racismo exp\u00f4s toda a sua crueldade e fez mais uma v\u00edtima. Um homem chamado Jo\u00e3o Alberto Silveira de Freitas, de 40 anos, foi<\/p>\n","protected":false},"author":2,"featured_media":7704,"comment_status":"open","ping_status":"open","sticky":false,"template":"","format":"standard","meta":{"footnotes":""},"categories":[103],"tags":[1482,1310,381,102,101,37,100],"class_list":["post-7703","post","type-post","status-publish","format-standard","has-post-thumbnail","hentry","category-negros-e-negras","tag-antiracismo","tag-cstpsol","tag-esquerda","tag-negras","tag-negros","tag-psol","tag-racismo"],"_links":{"self":[{"href":"https:\/\/www.cstuit.com\/home\/wp-json\/wp\/v2\/posts\/7703","targetHints":{"allow":["GET"]}}],"collection":[{"href":"https:\/\/www.cstuit.com\/home\/wp-json\/wp\/v2\/posts"}],"about":[{"href":"https:\/\/www.cstuit.com\/home\/wp-json\/wp\/v2\/types\/post"}],"author":[{"embeddable":true,"href":"https:\/\/www.cstuit.com\/home\/wp-json\/wp\/v2\/users\/2"}],"replies":[{"embeddable":true,"href":"https:\/\/www.cstuit.com\/home\/wp-json\/wp\/v2\/comments?post=7703"}],"version-history":[{"count":0,"href":"https:\/\/www.cstuit.com\/home\/wp-json\/wp\/v2\/posts\/7703\/revisions"}],"wp:featuredmedia":[{"embeddable":true,"href":"https:\/\/www.cstuit.com\/home\/wp-json\/wp\/v2\/media\/7704"}],"wp:attachment":[{"href":"https:\/\/www.cstuit.com\/home\/wp-json\/wp\/v2\/media?parent=7703"}],"wp:term":[{"taxonomy":"category","embeddable":true,"href":"https:\/\/www.cstuit.com\/home\/wp-json\/wp\/v2\/categories?post=7703"},{"taxonomy":"post_tag","embeddable":true,"href":"https:\/\/www.cstuit.com\/home\/wp-json\/wp\/v2\/tags?post=7703"}],"curies":[{"name":"wp","href":"https:\/\/api.w.org\/{rel}","templated":true}]}}