

	{"id":7814,"date":"2021-02-01T13:54:30","date_gmt":"2021-02-01T13:54:30","guid":{"rendered":"https:\/\/www.cstuit.com\/home\/?p=7814"},"modified":"2021-02-01T13:54:30","modified_gmt":"2021-02-01T13:54:30","slug":"eleicoes-da-camara-dos-deputados-e-preciso-fortalecer-um-polo-de-independencia-de-classe","status":"publish","type":"post","link":"https:\/\/www.cstuit.com\/home\/2021\/02\/01\/eleicoes-da-camara-dos-deputados-e-preciso-fortalecer-um-polo-de-independencia-de-classe\/","title":{"rendered":"Elei\u00e7\u00f5es da C\u00e2mara dos Deputados: \u00c9 preciso fortalecer um p\u00f3lo de independ\u00eancia de classe!"},"content":{"rendered":"<p style=\"text-align: right;\"><strong>Denis Melo, executiva do PSOL RJ e Danilo Bianchi, Diret\u00f3rio nacional do PSOL<\/strong><\/p>\n<p>No pr\u00f3ximo dia 1\u00ba de fevereiro ocorrer\u00e1 a elei\u00e7\u00e3o para presid\u00eancia da C\u00e2mara de Deputados. Entre os setores da esquerda, e particularmente no PSOL, se imp\u00f4s um importante debate sobre qual posi\u00e7\u00e3o o partido deve adotar.<\/p>\n<p>O governo Bolsonaro, que v\u00eam de um rev\u00e9s nas urnas nas elei\u00e7\u00f5es municipais de 2020, articula a candidatura de Artur Lira (PP-AL). Uma candidatura para representar e fortalecer o projeto de extrema direita do governo, para continuar com os ataques aos trabalhadores e aos exclu\u00eddos, contra os direitos, destilando racismo e negacionismo \u00e0 Covid19.<\/p>\n<p>Pela direita, competindo com a candidatura do governo, est\u00e1 Baleia Rossi do MDB-SP, que representa o bloco liderado por Rodrigo Maia (DEM-RJ), bloco esse que saiu fortalecido das \u00faltimas elei\u00e7\u00f5es municipais. Essa chapa tamb\u00e9m conta com o apoio do PT e PCdoB.<\/p>\n<p>No PSOL, a ideia de seguir o caminho do PT e PCdoB e apoiar a candidatura de Baleia Rossi, j\u00e1 no primeiro turno, foi levada em frente por Marcelo Freixo e pelos parlamentares do MES, como S\u00e2mia Bonfim e Fernanda Melchionna, sob o argumento de que caso o PSOL n\u00e3o integrasse esse bloco, poderia levar a uma vit\u00f3ria no primeiro turno do candidato apoiado por Bolsonaro.<\/p>\n<p>Pelas regras da C\u00e2mara dos Deputados, o presidente da casa \u00e9 eleito em primeiro turno se tiver a maioria absoluta dos votos. Portanto, em nenhuma hip\u00f3tese a posi\u00e7\u00e3o do PSOL ajudaria a eleger Lira, justamente porque ele n\u00e3o ter\u00e1 os votos do PSOL.<\/p>\n<p>&nbsp;<\/p>\n<p><strong>Um debate pol\u00edtico da independ\u00eancia de classe<\/strong><\/p>\n<p>Por\u00e9m, o debate n\u00e3o se resume aos n\u00fameros. Os que defendem essa t\u00e1tica de compor o bloco do Baleia Rossi omitem de seus argumentos que foi justamente o bloco que o Rodrigo Maia encabe\u00e7a que aplicou toda a pol\u00edtica econ\u00f4mica do Bolsonaro, que hoje nos leva a mais mis\u00e9ria e explora\u00e7\u00e3o, como foi na reforma da previd\u00eancia, na PEC que congelou o sal\u00e1rio do funcionalismo at\u00e9 final de 2021; os intentos da reforma administrativa etc.<\/p>\n<p>Os dois blocos que disputam a presid\u00eancia da C\u00e2mara, em que pese suas diferen\u00e7as, possuem acordo pol\u00edtico fundamental: retirar direitos da classe trabalhadora para satisfazer os desejos dos patr\u00f5es em ter maiores lucros. Por isso, nem Rodrigo Maia e nem o Congresso foram qualquer obst\u00e1culo real \u00e0s amea\u00e7as antidemocr\u00e1ticas de Bolsonaro, muito menos serviram como instrumento pol\u00edtico para ajudar a tirar a extrema direita do poder. O parlamento e o conjunto do regime pol\u00edtico atuaram, em todo per\u00edodo mais grave da pandemia, unicamente para manter o lucro e os neg\u00f3cios da burguesia nacional, por isso Bolsonaro segue governando o pa\u00eds.<\/p>\n<p>Diante dessa pol\u00eamica, foi importante o posicionamento dos outros parlamentares do partido, como Glauber Braga, Ivan Valente, Luiza Erundina e \u00c1urea, que se posicionaram para que o PSOL apresentasse candidatura pr\u00f3pria. Assim como correntes do partido, como a Resist\u00eancia.<\/p>\n<p>&nbsp;<\/p>\n<p>Esse debate mobilizou tamb\u00e9m setores independentes e que n\u00e3o s\u00e3o do campo majorit\u00e1rio do partido, como o grupo localizado no PSOL Pela Base de S\u00e3o Paulo, que divulgou uma boa nota contra essa pol\u00edtica de unidade com o bloco de Maia. Al\u00e9m do professor Nildo Ouriques, da Revolu\u00e7\u00e3o Brasileira. N\u00f3s da CST estivemos nessa batalha.<\/p>\n<p>O correto lan\u00e7amento de Luiza Erundina para a presid\u00eancia da C\u00e2mara pelo PSOL deve servir de exemplo, pois a nosso ver o papel do PSOL no parlamento deve ser levantar um programa de medidas dialogando com a popula\u00e7\u00e3o trabalhadora do pa\u00eds. Isso passa por engavetar a proposta de Reforma Administrativa, pela anula\u00e7\u00e3o da Reforma da Previd\u00eancia, pela diminui\u00e7\u00e3o do sal\u00e1rio absurdo dos deputados, vinculando seus ganhos ao sal\u00e1rio-m\u00ednimo ou ao sal\u00e1rio de um professor. Denunciando o papel negacionista do governo frente a pandemia do Covid, exigindo um plano efetivo de vacina\u00e7\u00e3o para todos. Denunciar esses privil\u00e9gios que Maia sempre defendeu e foi porta-voz \u00e9 o verdadeiro papel de nosso partido nessa elei\u00e7\u00e3o da C\u00e2mara. Para derrotar o presidente negacionista \u00e9 importante aproveitar o momento para exigir um calend\u00e1rio de lutas das centrais sindicais e apresentar \u00e0 classe trabalhadora e ao povo pobre quais s\u00e3o as medidas para enfrentar Bolsonaro, Maia e a elite econ\u00f4mica e pol\u00edtica do pa\u00eds.<\/p>\n<p>Entendemos que essa postura deveria ser seguida em todos os parlamentos onde o PSOL exista, pois s\u00f3 ser\u00e1 poss\u00edvel enfrentar a extrema direita apresentando uma pol\u00edtica nacional com um programa classista, e garantindo nossa independ\u00eancia pol\u00edtica frente aos partidos burgueses e da ordem.<\/p>\n<p>&nbsp;<\/p>\n<p><strong>N\u00e3o podemos apoiar o candidato de Rodrigo Maia no segundo turno<\/strong><\/p>\n<p>A correla\u00e7\u00e3o de for\u00e7as dentro do parlamento \u00e9 absolutamente distorcida da realidade concreta, e nessa elei\u00e7\u00e3o, onde s\u00f3 votam parlamentares e n\u00e3o o povo trabalhador, seria errado, mesmo num eventual segundo turno, declarar apoio ao candidato de Maia, porque desarma nosso partido, a milit\u00e2ncia e os milh\u00f5es que simpatizam com o PSOL perante um inimigo de classe. Essa posi\u00e7\u00e3o tem consequ\u00eancias pol\u00edticas, porque o PSOL pode emprestar seu prest\u00edgio pol\u00edtico para vender uma falsa ideia de que Baleia Rossi \u00e9 radicalmente oposto ao Arthur Lira.<\/p>\n<p>Chamamos o conjunto da milit\u00e2ncia do PSOL e da esquerda socialista a desenvolver o debate fundamental sobre nossa independ\u00eancia pol\u00edtica e nosso projeto de transforma\u00e7\u00e3o radical na ordem do dia. Tamb\u00e9m reivindicamos a batalha para que a base seja ouvida, por isso defendemos, al\u00e9m da convoca\u00e7\u00e3o do Diret\u00f3rio Nacional, que os diret\u00f3rios e n\u00facleos do partido convoquem plen\u00e1rias de base para debater com a milit\u00e2ncia qual o caminho que devemos seguir. Da nossa parte seguimos essa batalha, como nosso companheiro Bab\u00e1 disse em v\u00eddeo, estamos \u00e0 disposi\u00e7\u00e3o para seguir lutando para derrotar a extrema direita bolsonarista, mas tamb\u00e9m a direita cl\u00e1ssica de Rodrigo Maia.<\/p>\n","protected":false},"excerpt":{"rendered":"<p>Denis Melo, executiva do PSOL RJ e Danilo Bianchi, Diret\u00f3rio nacional do PSOL No pr\u00f3ximo dia 1\u00ba de fevereiro ocorrer\u00e1 a elei\u00e7\u00e3o para presid\u00eancia da C\u00e2mara de Deputados. Entre os setores da esquerda, e particularmente no PSOL, se imp\u00f4s um importante debate sobre qual posi\u00e7\u00e3o<\/p>\n","protected":false},"author":1,"featured_media":7815,"comment_status":"open","ping_status":"open","sticky":false,"template":"","format":"standard","meta":{"footnotes":""},"categories":[8],"tags":[1588,1599,1581,1596,1545,1597,37,1598],"class_list":["post-7814","post","type-post","status-publish","format-standard","has-post-thumbnail","hentry","category-debates-socialistas","tag-1588","tag-baleia","tag-camara","tag-elecoes","tag-maia","tag-presidencia","tag-psol","tag-rossi"],"_links":{"self":[{"href":"https:\/\/www.cstuit.com\/home\/wp-json\/wp\/v2\/posts\/7814","targetHints":{"allow":["GET"]}}],"collection":[{"href":"https:\/\/www.cstuit.com\/home\/wp-json\/wp\/v2\/posts"}],"about":[{"href":"https:\/\/www.cstuit.com\/home\/wp-json\/wp\/v2\/types\/post"}],"author":[{"embeddable":true,"href":"https:\/\/www.cstuit.com\/home\/wp-json\/wp\/v2\/users\/1"}],"replies":[{"embeddable":true,"href":"https:\/\/www.cstuit.com\/home\/wp-json\/wp\/v2\/comments?post=7814"}],"version-history":[{"count":0,"href":"https:\/\/www.cstuit.com\/home\/wp-json\/wp\/v2\/posts\/7814\/revisions"}],"wp:featuredmedia":[{"embeddable":true,"href":"https:\/\/www.cstuit.com\/home\/wp-json\/wp\/v2\/media\/7815"}],"wp:attachment":[{"href":"https:\/\/www.cstuit.com\/home\/wp-json\/wp\/v2\/media?parent=7814"}],"wp:term":[{"taxonomy":"category","embeddable":true,"href":"https:\/\/www.cstuit.com\/home\/wp-json\/wp\/v2\/categories?post=7814"},{"taxonomy":"post_tag","embeddable":true,"href":"https:\/\/www.cstuit.com\/home\/wp-json\/wp\/v2\/tags?post=7814"}],"curies":[{"name":"wp","href":"https:\/\/api.w.org\/{rel}","templated":true}]}}