

	{"id":8,"date":"2010-03-07T23:14:00","date_gmt":"2010-03-07T23:14:00","guid":{"rendered":"https:\/\/www.cstuit.com\/home\/index.php\/2010\/03\/07\/arquivoid-9043\/"},"modified":"2010-03-07T23:14:00","modified_gmt":"2010-03-07T23:14:00","slug":"arquivoid-9043","status":"publish","type":"post","link":"https:\/\/www.cstuit.com\/home\/2010\/03\/07\/arquivoid-9043\/","title":{"rendered":"Mobiliza\u00e7\u00e3o obt\u00e9m vit\u00f3ria na UFRGS! ap\u00f3s enfrentar repress\u00e3o!"},"content":{"rendered":"<p>Nota do Coletivo Vamos \u00e0 Luta | Vamos \u00e0 Luta! &#8211; RS<\/p>\n<p>Estudantes, trabalhadores e camponeses 1 X 0 Multinacionais, Governo Lula, Reitoria, e DCE Livre<\/p>\n<p>O dia 5 de mar\u00e7o vai com certeza entrar para a hist\u00f3ria do Movimento Estudantil da UFRGS. Em ampla alian\u00e7a com movimentos sociais e organiza\u00e7\u00f5es da classe trabalhadora, conseguimos impor uma derrota aos inimigos do car\u00e1ter p\u00fablico da Universidade.<\/p>\n<p>Tamb\u00e9m uma marca extremamente negativa ficou hoje, ap\u00f3s os anos de chumbo da ditadura militar, n\u00e3o se via uma repress\u00e3o t\u00e3o forte por parte da seguran\u00e7a da universidade aos lutadores. A mando do reitor Alex, os seguran\u00e7as da UFRGS reprimiram violentamente uma manifesta\u00e7\u00e3o pac\u00edfica que buscava ampliar o debate na universidade sobre o real car\u00e1ter do projeto do Parque Tecnol\u00f3gico na UFRGS. O reitor, a servi\u00e7o das mega-empresas, quis a todo custo impor um projeto sem debate nenhum com a comunidade acad\u00eamica, mas se deu mal. N\u00e3o esperava que bravamente resist\u00edssemos e garant\u00edssemos a anula\u00e7\u00e3o da reuni\u00e3o do Conselho Universit\u00e1rio.<\/p>\n<p>Come\u00e7a a derrota de um projeto<\/p>\n<p>O projeto privatista, que busca utilizar das estruturas p\u00fablicas para servir ao lucro de meia-d\u00fazia de empres\u00e1rios, sofreu um importante golpe hoje na UFRGS. Queremos colocar claramente que este projeto \u00e9 parte de um amplo processo que, obviamente, por a UFRGS n\u00e3o ser uma ilha, ocorre atrav\u00e9s de diversas pol\u00edticas aplicadas em todas as Universidades P\u00fablicas Federais brasileiras. O projeto das funda\u00e7\u00f5es de \u201capoio\u201d, a Reforma Universit\u00e1ria arquitetada pelo Banco Mundial, o REUNI, s\u00e3o todos parte do projeto de Lula para a educa\u00e7\u00e3o.Quem n\u00e3o se lembra,por exermplo, da funda\u00e7\u00e3o ligada a UNB que deu de \u2018presente\u2019 uma lixeira de MIL reais ao ent\u00e3o reitor Timoti. N\u00e3o \u00e0 toa, h\u00e1 um crescimento extraordin\u00e1rio da educa\u00e7\u00e3o superior privada atrav\u00e9s de isen\u00e7\u00f5es fiscais, abocanham mais de 80% das vagas do ensino superior no Brasil, e somente no governo petista cresceu mais de 60%! Enquanto isto, cresce a presen\u00e7a da iniciativa privada nas Universidades Federais. J\u00e1 hoje, 10% de toda a pesquisa produzida na Universidade \u00e9 financiada pelas grandes empresas, que se utilizam do conhecimento produzido como forma de maximizar seus lucros.<\/p>\n<p>\u00c9 justamente esta l\u00f3gica imposta pelo Governo e seus aliados que combatemos. N\u00e3o \u00e9 por acaso que militantes do PT e o PCdoB, apoiaram de forma t\u00e3o entusiasta a elei\u00e7\u00e3o do reitor Alex, justamente por compartilharem de projetos iguais. N\u00e3o \u00e0 toa o PP, partido do presidente do DCE Renan Pretto, \u00e9 base de apoio do governo Lula e tamb\u00e9m ap\u00f3ia o projeto. Al\u00e9m disto, no pa\u00eds governado pelo PT vivemos um contexto de crescente criminaliza\u00e7\u00e3o das greves, lutas, mobiliza\u00e7\u00f5es, ocupa\u00e7\u00f5es de terra, da qual a repress\u00e3o de hoje \u00e9 apenas mais um triste cap\u00edtulo.<\/p>\n<p>Mas porque nos opomos de forma t\u00e3o veemente a este projeto?<\/p>\n<p>Porque pensamos que a l\u00f3gica do conhecimento produzido na Universidade P\u00fablica \u00e9 inversa. O projeto do Parque defendido por todos estes setores que expusemos acima visa colocar o conhecimento produzido na UFRGS \u00e0 servi\u00e7o da iniciativa privada. Nosso projeto visa que o conhecimento produzido na UFRGS deve estar a servi\u00e7o das necessidades da classe trabalhadora e do povo pobre. Por exemplo, ao inv\u00e9s de fazer uma pesquisa para ampliarmos o lucro da bilion\u00e1ria fam\u00edlia Gerdau,  a produ\u00e7\u00e3o do conhecimento deve estar preocupada em como vamos resolver os problemas dos afetados pelas enchentes no RS, como vamos lutar contra o avan\u00e7o da dengue, enfim, de como vamos enfrentar os graves problemas sociais de nosso pa\u00eds.<\/p>\n<p>Somente mantendo e aprofundando nossa mobiliza\u00e7\u00e3o podemos derrotar o Parque Tecnol\u00f3gico na UFRGS<\/p>\n<p>Foi dado o primeiro passo. De fato, hoje \u00e9 um dia a ser comemorado pelos lutadores. Por\u00e9m, sabemos que \u00e9 necess\u00e1rio continuar com ainda mais for\u00e7a. Constru\u00edmos uma fort\u00edssima mobiliza\u00e7\u00e3o em tempos de f\u00e9rias letivas. A tarefa central de todos do movimento estudantil \u00e9 de fato ampliar a mobiliza\u00e7\u00e3o e levar o debate democr\u00e1tico para o conjunto da comunidade acad\u00eamica e mais ainda para o povo que \u00e9 quem sustenta essa universidade.<\/p>\n<p>Segunda-feira \u00e9 um dia fundamental de mobiliza\u00e7\u00e3o, de colocar em cada sala de aula o que est\u00e1 acontecendo na universidade. De chamar cada colega, cada funcion\u00e1rio, cada professor ao debate. De colocar que n\u00e3o podemos aceitar calados que os tempos dos por\u00f5es da ditadura voltem na nossa universidade. E na ter\u00e7a-feira temos que estar todos \u00e0s 18h30m no DAECA para discutir como avan\u00e7ar nossa luta. Todos l\u00e1 porque o tempo n\u00e3o par\u00e1!<\/p>\n","protected":false},"excerpt":{"rendered":"<p>Nota do Coletivo Vamos \u00e0 Luta | Vamos \u00e0 Luta! &#8211; RS Estudantes, trabalhadores e camponeses 1 X 0 Multinacionais, Governo Lula, Reitoria, e DCE Livre O dia 5 de mar\u00e7o vai com certeza entrar para a hist\u00f3ria do Movimento Estudantil da UFRGS. Em ampla<\/p>\n","protected":false},"author":1,"featured_media":0,"comment_status":"closed","ping_status":"open","sticky":false,"template":"","format":"standard","meta":{"footnotes":""},"categories":[2],"tags":[],"class_list":["post-8","post","type-post","status-publish","format-standard","hentry","category-arquivo"],"_links":{"self":[{"href":"https:\/\/www.cstuit.com\/home\/wp-json\/wp\/v2\/posts\/8","targetHints":{"allow":["GET"]}}],"collection":[{"href":"https:\/\/www.cstuit.com\/home\/wp-json\/wp\/v2\/posts"}],"about":[{"href":"https:\/\/www.cstuit.com\/home\/wp-json\/wp\/v2\/types\/post"}],"author":[{"embeddable":true,"href":"https:\/\/www.cstuit.com\/home\/wp-json\/wp\/v2\/users\/1"}],"replies":[{"embeddable":true,"href":"https:\/\/www.cstuit.com\/home\/wp-json\/wp\/v2\/comments?post=8"}],"version-history":[{"count":0,"href":"https:\/\/www.cstuit.com\/home\/wp-json\/wp\/v2\/posts\/8\/revisions"}],"wp:attachment":[{"href":"https:\/\/www.cstuit.com\/home\/wp-json\/wp\/v2\/media?parent=8"}],"wp:term":[{"taxonomy":"category","embeddable":true,"href":"https:\/\/www.cstuit.com\/home\/wp-json\/wp\/v2\/categories?post=8"},{"taxonomy":"post_tag","embeddable":true,"href":"https:\/\/www.cstuit.com\/home\/wp-json\/wp\/v2\/tags?post=8"}],"curies":[{"name":"wp","href":"https:\/\/api.w.org\/{rel}","templated":true}]}}