

	{"id":8394,"date":"2021-06-14T16:10:56","date_gmt":"2021-06-14T16:10:56","guid":{"rendered":"https:\/\/www.cstuit.com\/home\/?p=8394"},"modified":"2021-06-14T16:12:38","modified_gmt":"2021-06-14T16:12:38","slug":"editorial-ocupar-as-ruas-no-dia-19-06-combate-socialista-no-131","status":"publish","type":"post","link":"https:\/\/www.cstuit.com\/home\/2021\/06\/14\/editorial-ocupar-as-ruas-no-dia-19-06-combate-socialista-no-131\/","title":{"rendered":"EDITORIAL | Ocupar as ruas no dia 19\/06 | Combate Socialista n\u00ba 131"},"content":{"rendered":"<p><strong><img loading=\"lazy\" decoding=\"async\" class=\"size-medium wp-image-8396 alignleft\" src=\"https:\/\/www.cstuit.com\/home\/wp-content\/uploads\/2021\/06\/3-14-300x300.png\" alt=\"\" width=\"300\" height=\"300\" srcset=\"https:\/\/www.cstuit.com\/home\/wp-content\/uploads\/2021\/06\/3-14-300x300.png 300w, https:\/\/www.cstuit.com\/home\/wp-content\/uploads\/2021\/06\/3-14-150x150.png 150w, https:\/\/www.cstuit.com\/home\/wp-content\/uploads\/2021\/06\/3-14-768x768.png 768w, https:\/\/www.cstuit.com\/home\/wp-content\/uploads\/2021\/06\/3-14-1024x1024.png 1024w, https:\/\/www.cstuit.com\/home\/wp-content\/uploads\/2021\/06\/3-14-50x50.png 50w, https:\/\/www.cstuit.com\/home\/wp-content\/uploads\/2021\/06\/3-14-600x600.png 600w, https:\/\/www.cstuit.com\/home\/wp-content\/uploads\/2021\/06\/3-14.png 1080w\" sizes=\"auto, (max-width: 300px) 100vw, 300px\" \/>Por vacina, sal\u00e1rio e emprego! Fora Bolsonaro\/Mour\u00e3o!<\/strong><\/p>\n<p>No \u00faltimo dia 29 de maio ocorreu uma jornada nacional de luta com passeatas em mais de 200 cidades abarcando todos os estados do pa\u00eds. Os grandes atos como os realizados em SP, MG, RJ e nas demais capitais refor\u00e7am a grandiosidade dessa data. Uma jornada nacional centralizada que mostrou muita for\u00e7a e demarcou que estamos vivendo um novo momento no pa\u00eds onde o ponto de partida s\u00e3o as mobiliza\u00e7\u00f5es de rua. N\u00e3o temos d\u00favida de que os manifestantes sa\u00edram mais fortalecidos para enfrentar o governo Bolsonaro e para seguirem mobilizados nas ruas ap\u00f3s essa jornada.<\/p>\n<p>A insustentabilidade da grave situa\u00e7\u00e3o do pa\u00eds ocasionada pela crise pand\u00eamica, social e econ\u00f4mica explicam esse momento de mobiliza\u00e7\u00e3o do dia 29 de maio. Os atos contra a chacina de Jacarezinho, passando pelo dia 13 de maio e os atos contra os cortes no or\u00e7amento da educa\u00e7\u00e3o e o fechamento das universidades e a greve dos metrovi\u00e1rios de S\u00e3o Paulo j\u00e1 davam sinais desse momento. Isso em meio a um desgaste do governo Bolsonaro aprofundado pela CPI que vem mostrando a total responsabilidade do governo durante a crise sanit\u00e1ria. Esse contexto de crise e a falta de perspectiva de melhoras na vida da popula\u00e7\u00e3o impulsionou que um setor sa\u00edsse \u00e0s ruas para enfrentar o governo Bolsonaro e aprofundar ainda mais a sua crise.<\/p>\n<p>O fato \u00e9 que o governo Bolsonaro\/Mour\u00e3o, seus ministros militares e seu projeto ultrarreacion\u00e1rio sofreram um fort\u00edssimo ataque no dia 29 de maio invertendo a din\u00e2mica que vinha desde o primeiro de maio, quando a extrema direita era a for\u00e7a social com mais peso nas ruas. As manifesta\u00e7\u00f5es recha\u00e7aram o conjunto da pol\u00edtica da extrema direita como a sua a\u00e7\u00e3o genocida na pandemia, a pol\u00edtica privatista, a crise social, e diretamente deu um forte recado pelo Fora Bolsonaro.<\/p>\n<p><strong>N\u00e3o queremos copa, queremos vacina<\/strong><\/p>\n<p>Essa jornada expressou, de forma particular em nosso pa\u00eds, os processos internacionais que est\u00e3o em curso na Am\u00e9rica Latina. A rebeli\u00e3o popular na Col\u00f4mbia, bem como processos que ocorreram no Chile, Paraguai e Peru, uma situa\u00e7\u00e3o explosiva que tem a ver com o aprofundamento da crise econ\u00f4mica e social e o agravamento da pandemia que no Brasil tem levado ao profundo desgaste do governo Bolsonaro. Esse enfrentamento\u00a0aos governos da regi\u00e3o explica a dificuldade de realiza\u00e7\u00e3o da Copa da Am\u00e9rica do futebol. Crises pol\u00edticas e pandemia levaram a competi\u00e7\u00e3o para o Brasil que, abra\u00e7ada pelo governo em meio a quase 500 mil mortes por Covid-19, jogou mais lenha na fogueira e ampliou a crise no governo com impactos at\u00e9 na sele\u00e7\u00e3o brasileira.<\/p>\n<p><strong>A oposi\u00e7\u00e3o n\u00e3o pode vacilar nem dar f\u00f4lego para a extrema direita<\/strong><\/p>\n<p>Uma das maiores lideran\u00e7as da oposi\u00e7\u00e3o e de um amplo setor do movimento de massas, o ex-presidente Lula n\u00e3o jogou nenhum papel a favor do dia 29. N\u00e3o o divulgou e nem sequer o comentou. Mesmo papel jogou a c\u00fapula da CUT, a maior central do pa\u00eds. Apesar de uma ou outra inflex\u00e3o parcial e local, a pol\u00edtica da c\u00fapula da CUT de n\u00e3o convocar se manteve. Na pr\u00e1tica, Lula com seu sil\u00eancio; e a c\u00fapula da CUT, nas reuni\u00f5es nacionais e em suas notas, puxaram o freio de m\u00e3o do dia 29, tentando evitar que a indigna\u00e7\u00e3o social explodisse nas ruas de forma massiva. Mas n\u00e3o conseguiram e se localizaram de forma errada perante a maior mobiliza\u00e7\u00e3o nacional contra a extrema direita dos \u00faltimos dois anos.<\/p>\n<p>Um dos pontos negativos do dia foi de responsabilidade da oposi\u00e7\u00e3o. O governo de Pernambuco (PSB\/PCdoB) reprimiu brutalmente a manifesta\u00e7\u00e3o em Recife, o \u00fanico local que teve repress\u00e3o, uma a\u00e7\u00e3o muita truculenta que deixou duas pessoas cegas ocasionado por tiros de balas de borracha. At\u00e9 agora ningu\u00e9m assumiu a responsabilidade da orienta\u00e7\u00e3o de reprimir o ato em Recife.<\/p>\n<p><strong>Construir a jornada de lutas de 19 de junho<\/strong><\/p>\n<p>Para fortalecer a constru\u00e7\u00e3o do dia 19 de junho, as dire\u00e7\u00f5es sindicais e os partidos e as figuras da oposi\u00e7\u00e3o n\u00e3o podem se negar a convocar e participar dos atos. Exigimos da dire\u00e7\u00e3o da UNE, CUT, MTST que construam efetivamente o dia 19\/06, porque \u00e9 fundamental continuar com os protestos nacionais. Defendemos que, para potencializar essa data, se unifique as lutas em curso como a da Petrobras contra privatiza\u00e7\u00e3o, da juventude contra os cortes, e das campanhas salariais pela repara\u00e7\u00e3o das perdas, bem como por vacina e aux\u00edlio emergencial, tendo como eixo o Fora Bolsonaro e Mour\u00e3o. Que essa nova jornada seja um dia nacional de atrasos, opera\u00e7\u00e3o tartaruga, paralisa\u00e7\u00f5es, greves sanit\u00e1rias, ocupa\u00e7\u00f5es, bloqueios de vias e passeatas unificadas.\u00a0E nesse caminho, acumular for\u00e7as para mais \u00e0 frente avan\u00e7ar na convoca\u00e7\u00e3o de uma greve geral do conjunto da classe trabalhadora.\u00a0Propostas que vamos levar a pr\u00f3xima reuni\u00e3o da coordena\u00e7\u00e3o nacional da CSP-CONLUTAS, para que a central se relocalize de vez e se insira fortemente na convoca\u00e7\u00e3o dos atos.<\/p>\n<p>Devemos garantir que a IV Plen\u00e1ria Nacional de Organiza\u00e7\u00e3o das Lutas Populares (a campanha fora Bolsonaro que agrupa as Frentes Povo sem Medo e Brasil Popular e outros movimentos)\u00a0ocorra com delegados eleitos em assembleias democr\u00e1ticas em cada sindicato e movimento. Assim, as bases poderiam definir soberanamente os pr\u00f3ximos passos de nossa luta.<\/p>\n<p><strong>Construir um programa econ\u00f4mico alternativo<\/strong><\/p>\n<p>Junto com a ocupa\u00e7\u00e3o das ruas, apresentar um programa alternativo que passa pelo n\u00e3o pagamento da d\u00edvida e a taxa\u00e7\u00e3o das grandes fortunas.\u00a0Apenas com o pagamento da d\u00edvida, em 2020, se gastou mais de R$ 4,7 TRILH\u00d5ES.\u00a0E atualmente, existem trilh\u00f5es no Tesouro Nacional e em reservas nacionais, unicamente para garantir a bonan\u00e7a dos banqueiros. \u00c9 desumano seguir remunerando o capital financeiro enquanto milh\u00f5es perdem o emprego e milhares perdem a vida devido \u00e0 COVID-19. Ao mesmo tempo, mesmo com a crise, h\u00e1 um punhado de bilion\u00e1rios enriquecendo ainda mais \u00e0s custas do sofrimento do povo trabalhador.\u00a0Segundo estudos, se taxarmos\u00a0as grandes fortunas poderemos arrecadar mais de R$ 100 bilh\u00f5es por ano. \u00c9 urgente enfrentar a gan\u00e2ncia das multinacionais. Temos que enfrentar o grande capital e o sistema financeiro. Com os recursos gerados por essas medidas emergenciais se poderia, imediatamente:<\/p>\n<p>&#8211; Quebrar as patentes das vacinas utilizadas para preven\u00e7\u00e3o da COVID-19 e garantir sua produ\u00e7\u00e3o no Brasil, via Butant\u00e3, Fiocruz e universidades. Elevar os investimentos em Sa\u00fade, Pesquisa Cient\u00edfica e seguridade social, e utilizar fabricas, hoje fechadas, como a Ford, para produzir o necess\u00e1rio para o combate \u00e0 pandemia, garantindo respiradores, oxig\u00eanio, leitos, itens de higiene.<\/p>\n<p>&#8211;\u00a0Defender servi\u00e7os p\u00fablicos, o emprego, o sal\u00e1rio. Repor as perdas salariais emergencialmente, acompanhando a infla\u00e7\u00e3o dos \u00faltimos meses. Ao mesmo tempo, reduzir as jornadas de trabalho sem redu\u00e7\u00e3o salarial, garantindo mais postos de trabalho. Acabar os planos de demiss\u00e3o volunt\u00e1ria do Banco do Brasil e dos Correios. Revogar o teto de gastos, da reforma trabalhista e da reforma previdenci\u00e1ria, bem como de leis e acordos coletivos que significam retirada de direitos ou arrocho. Garantir um massivo aux\u00edlio emergencial de um sal\u00e1rio-m\u00ednimo. Destinar recursos para os \u00f3rg\u00e3os ambientais; refor\u00e7ar pol\u00edticas p\u00fablicas para o povo negro, ind\u00edgena e pautas feministas e LGBTs.<\/p>\n","protected":false},"excerpt":{"rendered":"<p>Por vacina, sal\u00e1rio e emprego! Fora Bolsonaro\/Mour\u00e3o! No \u00faltimo dia 29 de maio ocorreu uma jornada nacional de luta com passeatas em mais de 200 cidades abarcando todos os estados do pa\u00eds. Os grandes atos como os realizados em SP, MG, RJ e nas demais<\/p>\n","protected":false},"author":1,"featured_media":8395,"comment_status":"open","ping_status":"open","sticky":false,"template":"","format":"standard","meta":{"footnotes":""},"categories":[135],"tags":[1065,1660,1668,1296,1310,110,381,32,37],"class_list":["post-8394","post","type-post","status-publish","format-standard","has-post-thumbnail","hentry","category-editorial","tag-forabolsonaro","tag-19j","tag-19jforabolsonaro","tag-cst","tag-cstpsol","tag-editorial","tag-esquerda","tag-nacional","tag-psol"],"_links":{"self":[{"href":"https:\/\/www.cstuit.com\/home\/wp-json\/wp\/v2\/posts\/8394","targetHints":{"allow":["GET"]}}],"collection":[{"href":"https:\/\/www.cstuit.com\/home\/wp-json\/wp\/v2\/posts"}],"about":[{"href":"https:\/\/www.cstuit.com\/home\/wp-json\/wp\/v2\/types\/post"}],"author":[{"embeddable":true,"href":"https:\/\/www.cstuit.com\/home\/wp-json\/wp\/v2\/users\/1"}],"replies":[{"embeddable":true,"href":"https:\/\/www.cstuit.com\/home\/wp-json\/wp\/v2\/comments?post=8394"}],"version-history":[{"count":0,"href":"https:\/\/www.cstuit.com\/home\/wp-json\/wp\/v2\/posts\/8394\/revisions"}],"wp:featuredmedia":[{"embeddable":true,"href":"https:\/\/www.cstuit.com\/home\/wp-json\/wp\/v2\/media\/8395"}],"wp:attachment":[{"href":"https:\/\/www.cstuit.com\/home\/wp-json\/wp\/v2\/media?parent=8394"}],"wp:term":[{"taxonomy":"category","embeddable":true,"href":"https:\/\/www.cstuit.com\/home\/wp-json\/wp\/v2\/categories?post=8394"},{"taxonomy":"post_tag","embeddable":true,"href":"https:\/\/www.cstuit.com\/home\/wp-json\/wp\/v2\/tags?post=8394"}],"curies":[{"name":"wp","href":"https:\/\/api.w.org\/{rel}","templated":true}]}}