

	{"id":8454,"date":"2021-07-12T22:28:31","date_gmt":"2021-07-12T22:28:31","guid":{"rendered":"https:\/\/www.cstuit.com\/home\/?p=8454"},"modified":"2021-07-12T22:28:31","modified_gmt":"2021-07-12T22:28:31","slug":"cuba-pela-liberdade-de-frank-garcia-hernandez-e-demais-detidos-da-esquerda-cubana","status":"publish","type":"post","link":"https:\/\/www.cstuit.com\/home\/2021\/07\/12\/cuba-pela-liberdade-de-frank-garcia-hernandez-e-demais-detidos-da-esquerda-cubana\/","title":{"rendered":"Cuba: pela liberdade de Frank Garc\u00eda Hern\u00e1ndez e demais detidos da esquerda cubana"},"content":{"rendered":"<p style=\"text-align: right;\">por <strong>UIT-QI<\/strong><\/p>\n<p>Diretamente de Cuba, pede-se solidariedade internacional pela liberta\u00e7\u00e3o imediata dos detidos da esquerda cubana que estavam presentes nos leg\u00edtimos protestos que ocorreram no dia 11 de julho em Havana e outras cidades do pa\u00eds. Entre eles, Frank Garc\u00eda Hern\u00e1ndez, historiador e marxista cubano, que foi detido em Havana.<\/p>\n<p>O coletivo editorial Blog Comunistas convoca a solidariedade internacional e explica que os protestos s\u00e3o leg\u00edtimos e que n\u00e3o t\u00eam nada a ver com nenhuma manobra do imperialismo ianque: \u201cNa tarde de hoje, o povo cubano saiu \u00e0s ruas. Um povo que n\u00e3o estava convocado por nenhuma organiza\u00e7\u00e3o, a n\u00e3o ser pela aguda crise econ\u00f4mica enfrentada por Cuba e pela incapacidade do governo para lidar com a situa\u00e7\u00e3o. Cuba saiu \u00e0s ruas com a consigna equivocada de \u2018P\u00e1tria e vida\u2019, mas saiu \u00e0s ruas para al\u00e9m de uma consigna, saiu para exigir do governo um socialismo de verdade. Os que estavam nas ruas n\u00e3o eram somente artistas e intelectuais, desta vez, era o povo em sua mais ampla heterogeneidade\u201d. Tamb\u00e9m denunciam que houve repress\u00e3o com g\u00e1s de pimenta e todos os recursos dispon\u00edveis por parte do regime.<\/p>\n<p>N\u00f3s, da UIT-QI, como socialistas revolucion\u00e1rios, nos somamos \u00e0s exig\u00eancias pela imediata liberta\u00e7\u00e3o de Frank Garc\u00eda Hern\u00e1ndez e dos demais detidos da esquerda cubana. Al\u00e9m de Garc\u00eda Hern\u00e1ndez, est\u00e3o detidos Leonardo Romero Negr\u00edn, jovem socialista estudante de F\u00edsica da Universidade de Havana, Maykel Gonz\u00e1lez Vivero, diretor de <em>Tremenda Nota<\/em>, uma revista LGBT, e Marcos Antonio P\u00e9rez Fern\u00e1ndez, menor de idade e estudante pr\u00e9-universit\u00e1rio.<\/p>\n<p>Como sempre, o imperialismo e os <em>gusanos <\/em>de Miami querem usar esses protestos para sua pol\u00edtica reacion\u00e1ria e para atacar a soberania de Cuba. Mas as pessoas sa\u00edram \u00e0s ruas protestando contra a mis\u00e9ria, a falta de servi\u00e7os e contra a repress\u00e3o do governo cubano, que traiu, h\u00e1 d\u00e9cadas, sua revolu\u00e7\u00e3o socialista, e tem favorecido os privil\u00e9gios dos de cima e pactuado com as multinacionais.<\/p>\n<p>N\u00f3s, da UIT-QI, convocamos as lutadoras e os lutadores anti-imperialistas e as organiza\u00e7\u00f5es que se reivindicam democr\u00e1ticas e de esquerda a pronunciarem-se e somarem-se \u00e0s reivindica\u00e7\u00f5es pela liberdade de Frank Garc\u00eda Hern\u00e1ndez e demais detidos da esquerda cubana.<\/p>\n<p>&nbsp;<\/p>\n<p><strong>Unidade Internacional de Trabalhadoras e Trabalhadores \u2013 Quarta Internacional (UIT-QI) <\/strong><\/p>\n<p><strong>12 de julho de 2021 <\/strong><\/p>\n<p><em>Publicado originalmente em: <\/em><a href=\"https:\/\/uit-ci.org\/index.php\/2021\/07\/12\/cuba-por-la-libertad-de-frank-garcia-hernandez-y-demas-detenidos-de-la-izquierda-cubana\/\"><em>https:\/\/uit-ci.org\/index.php\/2021\/07\/12\/cuba-por-la-libertad-de-frank-garcia-hernandez-y-demas-detenidos-de-la-izquierda-cubana\/<\/em><\/a><\/p>\n<p><em>\u00a0<\/em><\/p>\n<p><strong>Leia a nota do Blog Comunistas de Cuba pela liberdade dos detidos dos protestos<\/strong><\/p>\n<p>\u201cNa tarde de hoje, o povo cubano saiu \u00e0s ruas. Um povo que n\u00e3o estava convocado por nenhuma organiza\u00e7\u00e3o, a n\u00e3o ser pela aguda crise econ\u00f4mica enfrentada por Cuba e pela incapacidade do governo para lidar com a situa\u00e7\u00e3o. Cuba saiu \u00e0s ruas com a consigna equivocada de \u2018P\u00e1tria e vida\u2019, mas saiu \u00e0s ruas para al\u00e9m de uma consigna, saiu para exigir do governo um verdadeiro socialismo. Os que estavam nas ruas n\u00e3o eram somente artistas e intelectuais, desta vez era o povo em sua mais ampla heterogeneidade.<\/p>\n<p>Esta nota do Blog Comunistas n\u00e3o busca analisar a situa\u00e7\u00e3o de Cuba. Busca apenas denunciar a deten\u00e7\u00e3o violenta dos manifestantes, denunciar que, desta vez, as for\u00e7as repressivas do Estado se colocaram do lado errado, reprimiram cubanos, usaram g\u00e1s de pimenta e todos os recursos dispon\u00edveis. Esta nota \u00e9 um protesto pela liberdade de todos os detidos e, especialmente, contra a deten\u00e7\u00e3o arbitr\u00e1ria de Frank Garc\u00eda Hern\u00e1ndez, historiador e marxista cubano. Contra a deten\u00e7\u00e3o de Leonardo Romero Negr\u00edn, jovem socialista estudante de F\u00edsica da Universidade de Havana. Contra a deten\u00e7\u00e3o de Maykel Gonz\u00e1lez Vivero, diretor de <em>Tremenda Nota<\/em>, uma revista LGBT. Contra a deten\u00e7\u00e3o de Marcos Antonio P\u00e9rez Fern\u00e1ndez, menor de idade e estudante pr\u00e9-universit\u00e1rio.<\/p>\n<p>Nos posicionamos pela liberta\u00e7\u00e3o de todos os detidos violentamente nessa lament\u00e1vel tarde que Cuba n\u00e3o esquecer\u00e1. O Blog Comunistas apela \u00e0 solidariedade da comunidade marxista internacional e tamb\u00e9m \u00e0 consci\u00eancia do governo cubano. Desta vez, trata-se de um povo que necessita de respostas e di\u00e1logo.<\/p>\n<p>Trata-se de uma sociedade civil que n\u00e3o quer a anexa\u00e7\u00e3o, mas sim participar e decidir o destino de sua na\u00e7\u00e3o. O Blog Comunistas condena a repress\u00e3o e diz basta \u00e0 burocracia.\u201d<\/p>\n<p><em>Publicado originalmente em: <\/em><a href=\"https:\/\/www.comunistascuba.org\/2021\/07\/reclamo-por-la-libertad-de-los.html?m=1\"><em>https:\/\/www.comunistascuba.org\/2021\/07\/reclamo-por-la-libertad-de-los.html?m=1<\/em><\/a><\/p>\n","protected":false},"excerpt":{"rendered":"<p>por UIT-QI Diretamente de Cuba, pede-se solidariedade internacional pela liberta\u00e7\u00e3o imediata dos detidos da esquerda cubana que estavam presentes nos leg\u00edtimos protestos que ocorreram no dia 11 de julho em Havana e outras cidades do pa\u00eds. Entre eles, Frank Garc\u00eda Hern\u00e1ndez, historiador e marxista cubano,<\/p>\n","protected":false},"author":1,"featured_media":8455,"comment_status":"open","ping_status":"open","sticky":false,"template":"","format":"standard","meta":{"footnotes":""},"categories":[6],"tags":[127,164,31,1688,1476,1475,897],"class_list":["post-8454","post","type-post","status-publish","format-standard","has-post-thumbnail","hentry","category-internacional","tag-campanha","tag-cuba","tag-internacional","tag-liberdadepralutar","tag-politicos","tag-presos","tag-protestos"],"_links":{"self":[{"href":"https:\/\/www.cstuit.com\/home\/wp-json\/wp\/v2\/posts\/8454","targetHints":{"allow":["GET"]}}],"collection":[{"href":"https:\/\/www.cstuit.com\/home\/wp-json\/wp\/v2\/posts"}],"about":[{"href":"https:\/\/www.cstuit.com\/home\/wp-json\/wp\/v2\/types\/post"}],"author":[{"embeddable":true,"href":"https:\/\/www.cstuit.com\/home\/wp-json\/wp\/v2\/users\/1"}],"replies":[{"embeddable":true,"href":"https:\/\/www.cstuit.com\/home\/wp-json\/wp\/v2\/comments?post=8454"}],"version-history":[{"count":0,"href":"https:\/\/www.cstuit.com\/home\/wp-json\/wp\/v2\/posts\/8454\/revisions"}],"wp:featuredmedia":[{"embeddable":true,"href":"https:\/\/www.cstuit.com\/home\/wp-json\/wp\/v2\/media\/8455"}],"wp:attachment":[{"href":"https:\/\/www.cstuit.com\/home\/wp-json\/wp\/v2\/media?parent=8454"}],"wp:term":[{"taxonomy":"category","embeddable":true,"href":"https:\/\/www.cstuit.com\/home\/wp-json\/wp\/v2\/categories?post=8454"},{"taxonomy":"post_tag","embeddable":true,"href":"https:\/\/www.cstuit.com\/home\/wp-json\/wp\/v2\/tags?post=8454"}],"curies":[{"name":"wp","href":"https:\/\/api.w.org\/{rel}","templated":true}]}}