

	{"id":8620,"date":"2021-09-15T17:09:09","date_gmt":"2021-09-15T17:09:09","guid":{"rendered":"https:\/\/www.cstuit.com\/home\/?p=8620"},"modified":"2021-09-15T17:09:09","modified_gmt":"2021-09-15T17:09:09","slug":"os-protestos-do-7-de-setembro-e-a-continuidade-da-luta-contra-bolsonaro","status":"publish","type":"post","link":"https:\/\/www.cstuit.com\/home\/2021\/09\/15\/os-protestos-do-7-de-setembro-e-a-continuidade-da-luta-contra-bolsonaro\/","title":{"rendered":"Os protestos do 7 de setembro e a continuidade da luta contra Bolsonaro"},"content":{"rendered":"<p>&nbsp;<\/p>\n<p><strong>Diego Vitello e Adriano Dias, Coordena\u00e7\u00e3o da CST<\/strong><\/p>\n<p><strong>\u00a0<\/strong><\/p>\n<p>O dia 7 de setembro foi marcado por discursos do presidente contra as liberdades democr\u00e1ticas no pa\u00eds. Manifesta\u00e7\u00f5es de seus apoiadores, defendendo uma interven\u00e7\u00e3o militar, o fechamento do Congresso e do STF, foram vistas em diversas cidades. Os atos de S\u00e3o Paulo e Bras\u00edlia sem d\u00favidas foram expressivos, apesar de bem menores do que seus organizadores queriam. Esses dois atos contaram com operativos nacionais dos bolsonaristas e uma enxurrada de dinheiro p\u00fablico e tamb\u00e9m do agroneg\u00f3cio. H\u00e1 que se ressaltar tamb\u00e9m a forte participa\u00e7\u00e3o de PMs nos atos, mostrando que a extrema direita segue tendo apoio importante nesse setor.<\/p>\n<p>&nbsp;<\/p>\n<p>Dois dias ap\u00f3s as manifesta\u00e7\u00f5es serem menores do que previu, Bolsonaro tenta recompor as rela\u00e7\u00f5es com o STF e o Congresso Nacional. Em carta articulada por Temer, o chefe do executivo recua, causando inclusive decep\u00e7\u00f5es entre seus apoiadores. Uma parcela dos caminhoneiros seguiu trancando estradas ap\u00f3s o dia 7 e se decepcionou com o recuo do presidente. Apesar de o presidente ter dado um passo atr\u00e1s, o projeto de ditadura de Bolsonaro e seus apoiadores seguir\u00e1 vivo. Pela primeira vez desde a redemocratiza\u00e7\u00e3o do pa\u00eds, temos uma corrente pol\u00edtica neofascista com peso em setores de massas e certa capacidade de mobiliza\u00e7\u00e3o nas ruas. Subestim\u00e1-los na atual crise social do pa\u00eds \u00e9 um grave erro. \u00c9 preciso combater nas ruas esse projeto autorit\u00e1rio.<\/p>\n<p>&nbsp;<\/p>\n<p>Bolsonaro, com os atos, tentou dar coes\u00e3o \u00e0 sua base de apoio nas ruas, j\u00e1 que o seu momento \u00e9 dif\u00edcil, com um desgaste na popula\u00e7\u00e3o devido \u00e0 crise econ\u00f4mica que vive o pa\u00eds, mas tamb\u00e9m porque existem in\u00fameros processos no STF que atingem o presidente e a sua fam\u00edlia. Os atos acabaram servindo para abrir algum tipo de negocia\u00e7\u00e3o com o pr\u00f3prio STF, com a media\u00e7\u00e3o do corrupto Michel Temer, que fez a articula\u00e7\u00e3o para que sa\u00edsse a reuni\u00e3o entre o ministro Alexandre de Moraes e o ministro da Justi\u00e7a.<\/p>\n<p>&nbsp;<\/p>\n<p>Junto \u00e0s manifesta\u00e7\u00f5es da extrema direita, h\u00e1, no pa\u00eds, uma agenda econ\u00f4mica de duros ataques contra o povo trabalhador. Privatiza\u00e7\u00f5es, retirada de direitos trabalhistas, sal\u00e1rios arrochados, infla\u00e7\u00e3o nas alturas. O povo brasileiro amarga uma forte queda no n\u00edvel de vida e, enquanto isso, os muito ricos est\u00e3o cada vez com os bolsos mais cheios. O n\u00famero de bilion\u00e1rios no Brasil aumentou de 45 para 65 somente durante a pandemia. S\u00e3o 65 pessoas que det\u00e9m uma fortuna de 219 bilh\u00f5es de d\u00f3lares (valor pr\u00f3ximo a um trilh\u00e3o de reais). Essa agenda contra a classe trabalhadora n\u00e3o \u00e9 apoiada apenas por Bolsonaro e Paulo Guedes; a grande imprensa, que se intitula \u201cdefensora da democracia\u201d, tem apoiado todas as medidas que aprofundam a mis\u00e9ria e a desigualdade social no pa\u00eds, assim como os pol\u00edticos da direita liberal, que vociferam em nome da democracia e votam toda a agenda do governo da extrema direita no Congresso. A baixa ades\u00e3o aos atos convocados pelo MBL e Vem para Rua, defensores dessa agenda, mostram que, para al\u00e9m da sa\u00edda de Bolsonaro, uma parte da popula\u00e7\u00e3o quer que o projeto de ajuste fiscal tamb\u00e9m caia junto com o governo.<\/p>\n<p>&nbsp;<\/p>\n<p><strong>Os protestos contra o governo poderiam ter sido maiores<\/strong><\/p>\n<p>&nbsp;<\/p>\n<p>Tamb\u00e9m houve protestos contra o governo em mais de 200 cidades no dia da \u201cindepend\u00eancia\u201d. Por\u00e9m, temos que reconhecer que foram protestos menores que os de maio e junho. Isso n\u00e3o ocorreu porque o governo se recuperou diante da maioria da popula\u00e7\u00e3o nem porque os manifestantes dos meses anteriores n\u00e3o est\u00e3o mais dispostos a sair \u00e0s ruas contra o governo. Nossa opini\u00e3o \u00e9 que os protestos foram mais fracos porque as dire\u00e7\u00f5es das maiores centrais sindicais (CUT, CTB e For\u00e7a), junto com o PT, PCdoB e a dire\u00e7\u00e3o majorit\u00e1ria do PSOL, praticamente n\u00e3o convocaram as manifesta\u00e7\u00f5es, que foram mal divulgadas de norte a sul do pa\u00eds. Lideran\u00e7as como Marcelo Freixo tiveram a pol\u00edtica de desconvocar os atos, uma pol\u00edtica irrespons\u00e1vel que s\u00f3 serve para abrir terreno para os bolsonaristas tomarem conta das ruas. Infelizmente, essas dire\u00e7\u00f5es apostaram mais uma vez em esfriar as manifesta\u00e7\u00f5es para esperar o calend\u00e1rio eleitoral de 2022, o que consideramos um grave erro. O pr\u00f3prio presidente Lula se pronunciou ao pa\u00eds no dia 6 sem seque citar que teriam atos contra o governo no dia seguinte. Em vez de jogar seu peso pol\u00edtico para fortalecer os atos de rua contra o governo, Lula, mais uma vez, adotou o caminho do discurso conciliador com a direita.<\/p>\n<p>&nbsp;<\/p>\n<p><strong>Sem recuo, temos que seguir nas ruas<\/strong><\/p>\n<p><strong>\u00a0<\/strong><\/p>\n<p>A continuidade dos atos de rua \u00e9 fundamental para colocar para fora Bolsonaro e Mour\u00e3o. O pa\u00eds est\u00e1 em uma situa\u00e7\u00e3o cr\u00f4nica, com todos os n\u00fameros dos indicadores sociais evidenciando a cat\u00e1strofe em que est\u00e1 a classe trabalhadora e o povo pobre. Sabemos que a pol\u00edtica do governo, da burguesia e dos patr\u00f5es \u00e9 seguir atacando os direitos e os sal\u00e1rios. Apesar de parte das elites se posicionar contra a postura antidemocr\u00e1tica de Bolsonaro, todos eles se junto ao lado do governo quando a pauta \u00e9 o ajuste fiscal.<\/p>\n<p>&nbsp;<\/p>\n<p>Os servidores em luta contra a reforma administrativa, os povos ind\u00edgenas ocupando a esplanada contra a aprova\u00e7\u00e3o do marco temporal e os atos do \u00faltimo 7 de setembro, do grito dos exclu\u00eddos, foram a\u00e7\u00f5es que demonstram que \u00e9 poss\u00edvel construir mobiliza\u00e7\u00f5es contra o governo.<\/p>\n<p>&nbsp;<\/p>\n<p>Infelizmente, a c\u00fapula da CUT e da CTB est\u00e3o na contram\u00e3o da necessidade de organizar os trabalhadores. Em nenhum dos 5 atos nacionais essas centrais constru\u00edram o calend\u00e1rio colocando as grandes categorias em movimento. Sequer o que foi aprovado no f\u00f3rum das centrais sindicais, a organiza\u00e7\u00e3o de um dia nacional de luta e paralisa\u00e7\u00f5es, no m\u00eas de agosto, foi cumprido. J\u00e1 n\u00e3o existe mais justificativa para tanto recuo e paralisia no momento da forte crise do governo Bolsonaro e da necessidade de derrotar toda a agenda de ataques contra os trabalhadores.<\/p>\n<p>&nbsp;<\/p>\n<p>Esperar passivamente as elei\u00e7\u00f5es 2022 abre espa\u00e7o para o bolsonarismo se fortalecer. Precisamos nos manter nas ruas, nos manifestando, mostrando que a maioria da sociedade est\u00e1 contra o governo e as maiores manifesta\u00e7\u00f5es est\u00e3o do nosso lado.<\/p>\n<p><strong>\u00a0<\/strong><\/p>\n<p>&nbsp;<\/p>\n<p><strong>Construir pela base o ato do dia 2 de outubro<\/strong><\/p>\n<p><strong>\u00a0<\/strong><\/p>\n<p>A coordena\u00e7\u00e3o nacional da campanha Fora Bolsonaro indicou o dia 2 de outubro como a pr\u00f3xima data de manifesta\u00e7\u00e3o unificada. Uma data distante, considerando a situa\u00e7\u00e3o do pa\u00eds, a crise pol\u00edtica do governo e a agenda de ajuste que est\u00e1 no legislativo federal, mas tamb\u00e9m nos estaduais e municipais (como os pacotes de ajuste fiscal apresentados pelo governos estaduais e municipais do Rio de Janeiro). Setembro deveria ser um m\u00eas de luta contra Bolsonaro. Os fracos do atos do MBL e os pr\u00f3prios atos governistas, que n\u00e3o atenderam \u00e0s perspectivas de p\u00fablico do governo, mostram que a potencialidade das mobiliza\u00e7\u00f5es est\u00e3o nos atos mais vinculados \u00e0 esquerda.<\/p>\n<p>&nbsp;<\/p>\n<p>Nesse sentido, o pr\u00f3ximo ato marcado tem que incorporar a classe trabalhadora e os seus m\u00e9todos. Tem que ser constru\u00eddo desde j\u00e1 nas categorias, via assembleias, atos e paralisa\u00e7\u00f5es, rumo a uma greve geral. N\u00e3o podemos aceitar a pol\u00edtica das centrais e dos partidos da oposi\u00e7\u00e3o, que ficam tentando fazer ponte com o governo, em vez de enfrent\u00e1-lo nas ruas. N\u00e3o h\u00e1 como dialogar com um governo que a todo momento faz amea\u00e7as golpistas.<\/p>\n<p>&nbsp;<\/p>\n<p>A partir da articula\u00e7\u00e3o Povo na Rua, estaremos na mobiliza\u00e7\u00e3o com os servidores p\u00fablicos, trabalhadores dos Correios, da educa\u00e7\u00e3o, metal\u00fargicos e juventude, exigindo das centrais sindicais e da UNE o cumprimento dos calend\u00e1rios, sem desmonte nem recuo. Assim como defendemos que nossa central sindical, a CSP-Conlutas, seja protagonista na exig\u00eancia \u00e0s centrais e na mobiliza\u00e7\u00e3o dos trabalhadores.<\/p>\n<p>&nbsp;<\/p>\n<p>Temos que ocupar as ruas contra a reforma administrativa e a privatiza\u00e7\u00e3o dos Correios; pela redu\u00e7\u00e3o do pre\u00e7o dos alimentos, g\u00e1s, luz e gasolina; pelo n\u00e3o pagamento da d\u00edvida p\u00fablica, para garantir auxilio emergencial e empregos. Temos que taxar os bilion\u00e1rios para investir em educa\u00e7\u00e3o e sa\u00fade; por vacina para todos, j\u00e1 que a imuniza\u00e7\u00e3o da popula\u00e7\u00e3o ainda segue lenta. Somado a luta pela conquista dessa pauta, defendemos um governo dos trabalhadores e do povo pobre, sem patr\u00f5es, que rompa com o imperialismo, rumo a um Brasil socialista, sem mis\u00e9ria e explora\u00e7\u00e3o.<\/p>\n<p>&nbsp;<\/p>\n","protected":false},"excerpt":{"rendered":"<p>&nbsp; Diego Vitello e Adriano Dias, Coordena\u00e7\u00e3o da CST \u00a0 O dia 7 de setembro foi marcado por discursos do presidente contra as liberdades democr\u00e1ticas no pa\u00eds. Manifesta\u00e7\u00f5es de seus apoiadores, defendendo uma interven\u00e7\u00e3o militar, o fechamento do Congresso e do STF, foram vistas em<\/p>\n","protected":false},"author":2,"featured_media":8621,"comment_status":"open","ping_status":"open","sticky":false,"template":"","format":"standard","meta":{"footnotes":""},"categories":[5],"tags":[],"class_list":["post-8620","post","type-post","status-publish","format-standard","has-post-thumbnail","hentry","category-nacional"],"_links":{"self":[{"href":"https:\/\/www.cstuit.com\/home\/wp-json\/wp\/v2\/posts\/8620","targetHints":{"allow":["GET"]}}],"collection":[{"href":"https:\/\/www.cstuit.com\/home\/wp-json\/wp\/v2\/posts"}],"about":[{"href":"https:\/\/www.cstuit.com\/home\/wp-json\/wp\/v2\/types\/post"}],"author":[{"embeddable":true,"href":"https:\/\/www.cstuit.com\/home\/wp-json\/wp\/v2\/users\/2"}],"replies":[{"embeddable":true,"href":"https:\/\/www.cstuit.com\/home\/wp-json\/wp\/v2\/comments?post=8620"}],"version-history":[{"count":0,"href":"https:\/\/www.cstuit.com\/home\/wp-json\/wp\/v2\/posts\/8620\/revisions"}],"wp:featuredmedia":[{"embeddable":true,"href":"https:\/\/www.cstuit.com\/home\/wp-json\/wp\/v2\/media\/8621"}],"wp:attachment":[{"href":"https:\/\/www.cstuit.com\/home\/wp-json\/wp\/v2\/media?parent=8620"}],"wp:term":[{"taxonomy":"category","embeddable":true,"href":"https:\/\/www.cstuit.com\/home\/wp-json\/wp\/v2\/categories?post=8620"},{"taxonomy":"post_tag","embeddable":true,"href":"https:\/\/www.cstuit.com\/home\/wp-json\/wp\/v2\/tags?post=8620"}],"curies":[{"name":"wp","href":"https:\/\/api.w.org\/{rel}","templated":true}]}}