

	{"id":8874,"date":"2021-11-24T21:24:43","date_gmt":"2021-11-24T21:24:43","guid":{"rendered":"https:\/\/www.cstuit.com\/home\/?p=8874"},"modified":"2021-11-24T21:24:43","modified_gmt":"2021-11-24T21:24:43","slug":"editorial-contra-a-fome-o-arrocho-e-o-desemprego-combate-socialista-n143","status":"publish","type":"post","link":"https:\/\/www.cstuit.com\/home\/2021\/11\/24\/editorial-contra-a-fome-o-arrocho-e-o-desemprego-combate-socialista-n143\/","title":{"rendered":"EDITORIAL | Contra a fome, o arrocho e o desemprego | Combate Socialista n\u00b0143"},"content":{"rendered":"<p>Enquanto a classe trabalhadora e a juventude passam dificuldades, os bilion\u00e1rios e banqueiros ficam mais ricos. Recentemente, uma professora do RJ relatou que sua aluna de 8 anos desmaiou de fome na escola. Enquanto isso, os magnatas instalavam uma est\u00e1tua de um \u201cTouro de Ouro\u201d em frente \u00e0 Bolsa de Valores de SP.<\/p>\n<p>Bolsonaro, Mour\u00e3o e Guedes afirmavam que retirando direitos e privatizando tudo ia melhorar. Mas era mentira: perdemos direitos e empregos s\u00f3 pra favorecer os capitalistas.<\/p>\n<p><strong>Chega de corrup\u00e7\u00e3o!<\/strong><\/p>\n<p>Recentemente, o deputado Waldir Soares (PSL) relatou que lhe ofereceram R$ 10 milh\u00f5es em emendas para votar em Arthur Lira para a presid\u00eancia da C\u00e2mara. O mesmo Lira que bloqueia o impeachment e que aprovou autonomia do Banco Central, privatiza\u00e7\u00f5es da Eletrobras e Correios. O deputado Waldir (PSL) tamb\u00e9m relatou que na Reforma da Previd\u00eancia os valores chegaram a R$ 20 milh\u00f5es (<a href=\"https:\/\/theintercept.com\/2021\/11\/20\/delegado-waldir-orcamento-secreto-eleicao-lira-emenda-relator\/\">theintercept.com<\/a>). Contra essa mamata do Governo e do Congresso temos que exigir a abertura dos sigilos banc\u00e1rios, fiscais e eletr\u00f4nico dos envolvidos; a revoga\u00e7\u00e3o de todas as vota\u00e7\u00f5es feitas sob a compra de votos; a pris\u00e3o e confisco de bens dos culpados.<\/p>\n<p><strong>Construir de verdade o calend\u00e1rio da campanha fora Bolsonaro<\/strong><\/p>\n<p>\u00c9 preciso construir de fato os calend\u00e1rios de unidade de a\u00e7\u00e3o da campanha Fora Bolsonaro. Mas, infelizmente, as dire\u00e7\u00f5es majorit\u00e1rias da CUT, UNE, MST, MTST, CTB, as lideran\u00e7as do PT, PCdoB, PDT e do campo majorit\u00e1rio do PSOL est\u00e3o vacilando. Desmontaram e dispersaram os calend\u00e1rios e n\u00e3o se jogaram para construir o dia 20N.<\/p>\n<p>Lutamos por uma efetiva mobiliza\u00e7\u00e3o unificada. Exigimos que a CUT, UNE, CTB, MST e MTST construam de verdade o dia 04\/12, das mulheres com as pautas feministas, e o dia 08\/12, do conjunto dos servidores federais contra a Reforma Administrativa. Por medidas urgentes contra a fome, o desemprego e o arrocho, com um plano alternativo que inicie pela taxa\u00e7\u00e3o dos bilion\u00e1rios e o n\u00e3o pagamento da d\u00edvida aos banqueiros para investir nas \u00e1reas sociais (ver p\u00e1ginas centrais). Essa \u00e9 nossa batalha como parte do Povo na Rua, utilizando a\u00e7\u00f5es nas periferias como o dia 27. E o que fez a CSP-CONLUTAS, apoiando a marcha da FNL em S\u00e3o Paulo.<\/p>\n<p><strong>Unir os que est\u00e3o contra a frente ampla liderada por Lula\/PT<\/strong><\/p>\n<p>A pol\u00edtica da frente ampla, de alian\u00e7as com representantes dos patr\u00f5es (como Alckmin), aplicada por Lula, PT, PCdoB e dire\u00e7\u00e3o majorit\u00e1ria do PSOL, imp\u00f5e um programa de concilia\u00e7\u00e3o de classes palat\u00e1vel aos empres\u00e1rios (a exemplo do Magazine Luiza) e tamb\u00e9m um freio aos protestos de rua. Por isso essa estrat\u00e9gia n\u00e3o serve. N\u00f3s defendemos o oposto: a independ\u00eancia pol\u00edtica da classe trabalhadora. A unidade da esquerda socialista e comunista, que est\u00e1 contra a frente ampla liderada por Lula\/PT e o velho projeto burgu\u00eas de Ciro Gomes\/PDT, nas lutas e nas elei\u00e7\u00f5es. Estamos no interior do PSOL com Glauber Braga como parte da oposi\u00e7\u00e3o que luta contra a frente ampla. Somos parceiros dos camaradas da UP, que acabam de lan\u00e7ar Leonardo P\u00e9ricles como pr\u00e9-candidato, e dos camaradas do PSTU, que impulsionam o Polo Socialista e Revolucion\u00e1rio. \u00c9 preciso unir todas essas iniciativas, num bloco, campo, polo ou frente de esquerda e socialista para as lutas e as elei\u00e7\u00f5es.<\/p>\n","protected":false},"excerpt":{"rendered":"<p>Enquanto a classe trabalhadora e a juventude passam dificuldades, os bilion\u00e1rios e banqueiros ficam mais ricos. Recentemente, uma professora do RJ relatou que sua aluna de 8 anos desmaiou de fome na escola. Enquanto isso, os magnatas instalavam uma est\u00e1tua de um \u201cTouro de Ouro\u201d<\/p>\n","protected":false},"author":1,"featured_media":8875,"comment_status":"open","ping_status":"open","sticky":false,"template":"","format":"standard","meta":{"footnotes":""},"categories":[135],"tags":[162,1296,1310,110,1077,32],"class_list":["post-8874","post","type-post","status-publish","format-standard","has-post-thumbnail","hentry","category-editorial","tag-brasil","tag-cst","tag-cstpsol","tag-editorial","tag-fome","tag-nacional"],"_links":{"self":[{"href":"https:\/\/www.cstuit.com\/home\/wp-json\/wp\/v2\/posts\/8874","targetHints":{"allow":["GET"]}}],"collection":[{"href":"https:\/\/www.cstuit.com\/home\/wp-json\/wp\/v2\/posts"}],"about":[{"href":"https:\/\/www.cstuit.com\/home\/wp-json\/wp\/v2\/types\/post"}],"author":[{"embeddable":true,"href":"https:\/\/www.cstuit.com\/home\/wp-json\/wp\/v2\/users\/1"}],"replies":[{"embeddable":true,"href":"https:\/\/www.cstuit.com\/home\/wp-json\/wp\/v2\/comments?post=8874"}],"version-history":[{"count":0,"href":"https:\/\/www.cstuit.com\/home\/wp-json\/wp\/v2\/posts\/8874\/revisions"}],"wp:featuredmedia":[{"embeddable":true,"href":"https:\/\/www.cstuit.com\/home\/wp-json\/wp\/v2\/media\/8875"}],"wp:attachment":[{"href":"https:\/\/www.cstuit.com\/home\/wp-json\/wp\/v2\/media?parent=8874"}],"wp:term":[{"taxonomy":"category","embeddable":true,"href":"https:\/\/www.cstuit.com\/home\/wp-json\/wp\/v2\/categories?post=8874"},{"taxonomy":"post_tag","embeddable":true,"href":"https:\/\/www.cstuit.com\/home\/wp-json\/wp\/v2\/tags?post=8874"}],"curies":[{"name":"wp","href":"https:\/\/api.w.org\/{rel}","templated":true}]}}