

	{"id":8990,"date":"2021-12-22T23:40:21","date_gmt":"2021-12-22T23:40:21","guid":{"rendered":"https:\/\/www.cstuit.com\/home\/?p=8990"},"modified":"2021-12-22T23:47:02","modified_gmt":"2021-12-22T23:47:02","slug":"a-uit-qi-diante-da-destruicao-ambiental-capitalista","status":"publish","type":"post","link":"https:\/\/www.cstuit.com\/home\/2021\/12\/22\/a-uit-qi-diante-da-destruicao-ambiental-capitalista\/","title":{"rendered":"A UIT-QI diante da destrui\u00e7\u00e3o ambiental capitalista"},"content":{"rendered":"<p><strong>A cat\u00e1strofe que nos amea\u00e7a e como combat\u00ea-la<\/strong><\/p>\n<p>Apresentamos um trabalho aprovado no VII Congresso Mundial da UIT-QI, em dezembro de 2020, que d\u00e1 uma vis\u00e3o marxista da crise ambiental capitalista, desde os antecedentes dos mestres do marxismo at\u00e9 os nossos dias.<\/p>\n<p>&nbsp;<\/p>\n<p><strong>Introdu\u00e7\u00e3o<\/strong><\/p>\n<p>O mundo est\u00e1 sofrendo uma das crises mais graves de sua hist\u00f3ria. N\u00e3o apenas crescem a pobreza, a explora\u00e7\u00e3o, a fome e at\u00e9 a falta de \u00e1gua pot\u00e1vel para bilh\u00f5es de pessoas, mas tamb\u00e9m estamos sofrendo enfermidades massivas, como a Covid-19. A causa desta calamidade \u00e9 o sistema capitalista-imperialista, um sistema irracional, injusto e a servi\u00e7o dos capitalistas. A mis\u00e9ria crescente, a superlota\u00e7\u00e3o dos espa\u00e7os urbanos e as mudan\u00e7as clim\u00e1ticas formam um terreno f\u00e9rtil para as novas enfermidades. A Covid-19 colocou evidenciou o desastre do capitalismo e a destrui\u00e7\u00e3o, por exemplo, da sa\u00fade p\u00fablica estatal.<\/p>\n<p>Parte desse desastre s\u00e3o as mudan\u00e7as clim\u00e1ticas e o avan\u00e7o da destrui\u00e7\u00e3o ambiental. Dados cient\u00edficos indicam que, at\u00e9 o ano de 2050, o planeta poder\u00e1 se tornar inabit\u00e1vel, caso as emiss\u00f5es de CO2 n\u00e3o sejam freadas. Esse \u00e9 o abismo para onde o capitalismo nos leva, enquanto uma minoria de multimilion\u00e1rios e suas multinacionais seguem multiplicando seus gigantescos lucros. Somente a derrubada do sistema capitalista-imperialista, a expropria\u00e7\u00e3o da burguesia e governos socialistas dos trabalhadores podem planificar racionalmente a economia mundial para cuidar da natureza e do ser humano, parte constituinte dela. Nesse caminho de luta, n\u00e3o significa que o progn\u00f3stico dos cientistas, que estabelece 2050 como limite, seja inexor\u00e1vel. As lutas podem obter conquistas e mudan\u00e7as parciais nas pol\u00edticas energ\u00e9ticas e ambientais. N\u00e3o ser\u00e3o mudan\u00e7as de fundo, mas as lutas podem ir fazendo frente ao ritmo da crise ambiental. A luta est\u00e1 aberta e n\u00e3o somos \u201ccolapsistas\u201d.<\/p>\n<p>Desde 2018, o movimento contra a contamina\u00e7\u00e3o ambiental e o aquecimento global se massificou, encabe\u00e7ado por um setor da juventude com centro na Europa, mas com extens\u00e3o mundial. \u00c9 um movimento progressivo e que tende a se chocar com as multinacionais e com os governos capitalistas, que s\u00e3o os respons\u00e1veis pela contamina\u00e7\u00e3o e pelo fato de n\u00e3o haver solu\u00e7\u00f5es.<\/p>\n<p>Consideramo-nos parte desse movimento e apoiamos as suas justas demandas, fazendo tudo o que for poss\u00edvel para obter a mais ampla unidade de a\u00e7\u00e3o por elas, sem nenhum tipo de sectarismo. Somos o setor socialista revolucion\u00e1rio desse movimento amplo em defesa da vida no planeta. A UIT-QI apoia e impulsiona todas as lutas populares e da juventude em defesa dos recursos naturais e que enfrentem o saque e a depreda\u00e7\u00e3o da natureza.<\/p>\n<p>Apresentamos um programa para impulsionar a mobiliza\u00e7\u00e3o, buscando a mais ampla unidade de a\u00e7\u00e3o em defesa do meio ambiente, mas, tamb\u00e9m, denunciando o saque das riquezas por parte do imperialismo e das multinacionais, na perspectiva de unir essas lutas \u00e0s lutas da classe trabalhadora e dos setores populares do mundo para impor uma mudan\u00e7a de fundo: governos das e dos trabalhadores e o socialismo. A disjuntiva \u00e9: socialismo ou cat\u00e1strofe.<\/p>\n","protected":false},"excerpt":{"rendered":"<p>A cat\u00e1strofe que nos amea\u00e7a e como combat\u00ea-la Apresentamos um trabalho aprovado no VII Congresso Mundial da UIT-QI, em dezembro de 2020, que d\u00e1 uma vis\u00e3o marxista da crise ambiental capitalista, desde os antecedentes dos mestres do marxismo at\u00e9 os nossos dias. &nbsp; Introdu\u00e7\u00e3o O<\/p>\n","protected":false},"author":1,"featured_media":8996,"comment_status":"open","ping_status":"open","sticky":false,"template":"","format":"standard","meta":{"footnotes":""},"categories":[1711],"tags":[1014,806,1406,1716],"class_list":["post-8990","post","type-post","status-publish","format-standard","has-post-thumbnail","hentry","category-ambiental","tag-catastrofe","tag-catastrofe-ambiental","tag-meioambiente","tag-natureza"],"_links":{"self":[{"href":"https:\/\/www.cstuit.com\/home\/wp-json\/wp\/v2\/posts\/8990","targetHints":{"allow":["GET"]}}],"collection":[{"href":"https:\/\/www.cstuit.com\/home\/wp-json\/wp\/v2\/posts"}],"about":[{"href":"https:\/\/www.cstuit.com\/home\/wp-json\/wp\/v2\/types\/post"}],"author":[{"embeddable":true,"href":"https:\/\/www.cstuit.com\/home\/wp-json\/wp\/v2\/users\/1"}],"replies":[{"embeddable":true,"href":"https:\/\/www.cstuit.com\/home\/wp-json\/wp\/v2\/comments?post=8990"}],"version-history":[{"count":0,"href":"https:\/\/www.cstuit.com\/home\/wp-json\/wp\/v2\/posts\/8990\/revisions"}],"wp:featuredmedia":[{"embeddable":true,"href":"https:\/\/www.cstuit.com\/home\/wp-json\/wp\/v2\/media\/8996"}],"wp:attachment":[{"href":"https:\/\/www.cstuit.com\/home\/wp-json\/wp\/v2\/media?parent=8990"}],"wp:term":[{"taxonomy":"category","embeddable":true,"href":"https:\/\/www.cstuit.com\/home\/wp-json\/wp\/v2\/categories?post=8990"},{"taxonomy":"post_tag","embeddable":true,"href":"https:\/\/www.cstuit.com\/home\/wp-json\/wp\/v2\/tags?post=8990"}],"curies":[{"name":"wp","href":"https:\/\/api.w.org\/{rel}","templated":true}]}}