

	{"id":9,"date":"2010-03-12T08:33:00","date_gmt":"2010-03-12T08:33:00","guid":{"rendered":"https:\/\/www.cstuit.com\/home\/index.php\/2010\/03\/12\/arquivoid-9044\/"},"modified":"2010-03-12T08:33:00","modified_gmt":"2010-03-12T08:33:00","slug":"arquivoid-9044","status":"publish","type":"post","link":"https:\/\/www.cstuit.com\/home\/2010\/03\/12\/arquivoid-9044\/","title":{"rendered":"Uma proposta de esquerda, Coerente com o PSOL que fundamos!"},"content":{"rendered":"<p>Tese \u00e0 III Conferencia Eleitoral | CST e Independentes<\/p>\n<p>INTRODU\u00c7\u00c3O<\/p>\n<p>A Confer\u00eancia Eleitoral ter\u00e1 um significado maior que a elei\u00e7\u00e3o do candidato para representar o partido. O debate apresentado por cada pr\u00e9-candidatura evidencia com qual projeto de partido, programa, defini\u00e7\u00e3o de classe e estrat\u00e9gia para as mudan\u00e7as socialistas que almejamos vamos prosseguir. Esta \u00e9 a import\u00e2ncia do momento partid\u00e1rio, o qual marcar\u00e1 o futuro do PSOL. Acreditamos que na proposta de apoiar Marina, j\u00e1 derrotada pela for\u00e7a da base, existe um projeto globalmente diferente daquele que constru\u00edmos ao fundar o PSOL.<br \/>\nDe fato, tivemos uma importante vit\u00f3ria ao impedir a coliga\u00e7\u00e3o com o PV. Vit\u00f3ria que aponta para o resgate do projeto original. N\u00e3o \u00e0 toa, voltamos a ouvir falar da \u201cmarca fundacional\u201d. Isto \u00e9 bem-vindo! Mas, a batalha pela defesa dos fundamentos do PSOL n\u00e3o est\u00e1 conclu\u00edda, apenas inicia, pois, as mesmas for\u00e7as que defenderam nos juntarmos ao PV apresentam, por meio da candidatura do companheiro Martiniano, uma pol\u00edtica para dar continuidade a esse projeto, mudar o car\u00e1ter do PSOL, definido em seu Programa e Estatuto.<br \/>\nCom a pr\u00e9-candidatura de Pl\u00ednio temos, sim, diverg\u00eancias pol\u00edticas, que se aprofundariam se aceitasse o Programa Democr\u00e1tico e Popular proposto pelos companheiros da APS. No entanto, mantivemos uma luta comum, essencial para a sobreviv\u00eancia do partido: a defesa da candidatura pr\u00f3pria, contra a proposta de converter o PSOL em roda auxiliar de Marina Silva\/PV, por sua vez, roda auxiliar de petistas e tucanos.<br \/>\nNossa Tese quer contribuir neste debate e, principalmente, ajudar a identificar os principais desafios que temos pela frente, no cotidiano da luta de classes e na campanha eleitoral. Chamamos todos os militantes e correntes do partido a se engajar neste debate e na batalha proposta.<\/p>\n<p>I &#8211; CONJUNTURA<br \/>\nExatamente quando o capitalismo entrou numa crise de propor\u00e7\u00f5es gigantescas, o imperialismo norte-americano, com todo o poderio militar, n\u00e3o conseguiu \u00eaxito, nem no Iraque, nem no Afeganist\u00e3o, os companheiros da campanha de Martiniano nos apresentam um panorama de derrota e de impossibilidade de avan\u00e7ar a partir das bases estrat\u00e9gicas definidas em 2004. Falam concretamente que, no Brasil, \u201cexistem poucas brechas para os socialistas\u201d&#8230; sobretudo, pela aus\u00eancia de a\u00e7\u00f5es dignas de nota do movimento de massas\u201d. Encaramos o debate, pois, o que consideramos ausente ou limitada \u00e9 a resposta dos dirigentes partid\u00e1rios para ajudar na organiza\u00e7\u00e3o e mobiliza\u00e7\u00e3o do povo trabalhador.<br \/>\nE como vemos, ent\u00e3o, essas condi\u00e7\u00f5es objetivas? A crise da economia est\u00e1 longe de ser superada. O leste europeu e pa\u00edses como Portugal, Irlanda, It\u00e1lia, Gr\u00e9cia e Espanha, est\u00e3o \u00e0 beira da insolv\u00eancia pela impossibilidade de pagar suas d\u00edvidas, o que pode levar a uma nova onda de quebradeiras. Sua d\u00edvida p\u00fablica aumentou cerca de 75%. Dados indicam que a d\u00edvida externa bruta dos pa\u00edses desenvolvidos alcan\u00e7a, em m\u00e9dia, 200% do PIB! Os 13 trilh\u00f5es de d\u00f3lares entregues a bancos e investidores, junto aos est\u00edmulos fiscais, resultaram n\u00e3o s\u00f3 numa crise da d\u00edvida, como numa crise fiscal que os governos pretendem cobrir com a eterna receita capitalista: que paguem os trabalhadores! Num continente com 23 milh\u00f5es de desempregados, com retra\u00e7\u00e3o de 4% na economia e a produ\u00e7\u00e3o industrial que desabou 20%, o que acontecer\u00e1 a partir da aplica\u00e7\u00e3o dos planos de ajuste? Por outro lado, a resposta da classe n\u00e3o ficou atr\u00e1s. Na Gr\u00e9cia, as greves e revoltas crescem, com os servidores p\u00fablicos na cabe\u00e7a, os jovens, e greve geral marcada dia 24\/02. Na Espanha, frente ao aumento da idade para aposentadoria, houve mobiliza\u00e7\u00e3o em Madri com 200 mil trabalhadores e paralisa\u00e7\u00e3o regional total convocada pelo Sindicato Andaluz de Trabalhadores. Em Portugal, pararam totalmente os servidores da sa\u00fade. Na It\u00e1lia, uma contundente greve paralisou a FIAT. Na Fran\u00e7a, foram os petroleiros. Na Holanda, mergulhada em crise sobre a retirada ou n\u00e3o de suas tropas do Afeganist\u00e3o, houve fr\u00e1gil recupera\u00e7\u00e3o ap\u00f3s quatro trimestres negativos e o governo n\u00e3o tem for\u00e7a para aplicar um severo ajuste fiscal para enfrentar os 6% de d\u00e9ficit or\u00e7ament\u00e1rio. J\u00e1, nos EUA, o desemprego segue crescendo com uma, tamb\u00e9m, d\u00e9bil recupera\u00e7\u00e3o e endividamento gigantesco.<br \/>\nEstes elementos da crise capitalista n\u00e3o apontam para anos tranquilos de crescimento sustentado, a n\u00e3o ser nos discursos exitistas de Lula. A luta de classes continuar\u00e1 se acirrando, e cedo ou tarde, seus reflexos chegar\u00e3o com mais for\u00e7a ao nosso pa\u00eds, sendo que, j\u00e1 em 2009, o crescimento da economia foi ZERO. O desemprego, por tr\u00e1s das mentiras do Ministro Lupi, em dezembro, abocanhou quase meio milh\u00e3o de empregos formais no Brasil. Em contrapartida, aumentaram as remessas de lucros das multinacionais a 5,5 bilh\u00f5es de d\u00f3lares &#8211; o setor que mais enviou foi o automobil\u00edstico, beneficiado com subs\u00eddios governamentais. Enquanto a maioria da burguesia clama por um ajuste fiscal e o PT busca disfar\u00e7ar sua campanha de \u201cnacionalista\u201d, o governo, sigilosamente, aprovou no Senado o PLS-611\/2007 que restringe o or\u00e7amento com pessoal e estabelece novos limites na LRF: congelamento para o funcionalismo, redu\u00e7\u00e3o de novas contrata\u00e7\u00f5es e de investimentos na estrutura administrativa. A crise social se amplia sem que o Estado tome provid\u00eancias, por exemplo, nas obras necess\u00e1rias frente \u00e0s enchentes que paralisam cidades, destroem vidas. A viol\u00eancia urbana cresce, assim como a criminaliza\u00e7\u00e3o das lutas sociais. A corrup\u00e7\u00e3o corre solta. Mas, a\u00ed se demonstra que o povo n\u00e3o est\u00e1 passivo como gostaria o lulo-petismo, nem como acredita parte da dire\u00e7\u00e3o psolista. Sobretudo a juventude do DF, com sua mobiliza\u00e7\u00e3o, mais uma vez, como j\u00e1 havia feito no caso da UnB, deu o exemplo na vit\u00f3ria para que Arruda amargue dias na cadeia. O movimento de massas, ainda que uns n\u00e3o vejam, empreende resist\u00eancia e vai \u00e0 luta. N\u00e3o na propor\u00e7\u00e3o necess\u00e1ria. O elemento de conten\u00e7\u00e3o fundamental \u00e9 o pr\u00f3prio Lula, com seu capital de mais de 20 anos o qual confere, ainda, uma boa quota de confian\u00e7a em sua lideran\u00e7a, apoiada na subservi\u00eancia das burocracias sindicais e da UNE. Al\u00e9m, de assentar parte de sua pol\u00edtica num assistencialismo que distribui migalhas do festim das multinacionais e do or\u00e7amento, sem resolver de forma estrutural os problemas do povo. No quadro, colaboram os partidos, desde as fileiras dos fisiologistas tradicionais, PMDB, PTB ou o PP, \u00e0queles que tentam aparecer como \u201cprogressistas\u201d ou de esquerda como PCdoB, PSB, PV e PDT. Infelizmente, tamb\u00e9m parte da dire\u00e7\u00e3o do MST, com contradi\u00e7\u00f5es, continua mantendo apoio ao governo. E todos acabam, de diferentes formas, garantindo a continuidade de uma pol\u00edtica que dedica 50% do or\u00e7amento nacional para pagar juros e principal da d\u00edvida aos parasitas do sistema financeiro! N\u00e3o por acaso, o pr\u00f3prio Lula se gaba de ser quem aplicou o maior ajuste fiscal da hist\u00f3ria, em 2003, o qual nenhum presidente teria coragem, de acordo com suas palavras!<br \/>\n\u00c9 importante que, tamb\u00e9m no aspecto da luta contra a burocracia governista, o movimento n\u00e3o est\u00e1 paralisado. Surgem novas dire\u00e7\u00f5es em numerosos sindicatos, vieram a Conlutas e a Intersindical. Em junho, se preparam para confluir numa Nova Central.<br \/>\nN\u00e3o temos d\u00favidas que nesta realidade contradit\u00f3ria, mas com oportunidades, se o PSOL tiver uma pol\u00edtica correta, pode incidir, ajudar nas lutas e se postular como alternativa. Mas, para isso, deve girar 180 graus. Vejamos: quando come\u00e7ou a crise mundial e vieram as dispensas no Brasil, cujo exemplo foi a Embraer, Luciana Genro fez um projeto importante, proibindo as demiss\u00f5es. Contudo, para impulsion\u00e1-lo, n\u00e3o teve melhor id\u00e9ia que ir \u00e0 resid\u00eancia de veraneio do Senador Pedro Simon a fim de pedir seu apoio. Luciana n\u00e3o chamou uma reuni\u00e3o com os trabalhadores e sindicalistas do partido nos estados para discutir o projeto. N\u00e3o centrou em visitar portas de f\u00e1bricas, n\u00e3o percorreu bancos e com\u00e9rcios, n\u00e3o esteve nos locais de trabalho pedindo apoio, pois considerou que o fundamental era o de um peemedebista. De fato, teve uma pol\u00edtica restrita a buscar aparecer na imprensa, focada na institucionalidade, n\u00e3o a do real di\u00e1logo com os trabalhadores, indo falar onde eles est\u00e3o e mobilizando a milit\u00e2ncia partid\u00e1ria. Por isso, ao inv\u00e9s de desprezar as a\u00e7\u00f5es do movimento, como se conclui do coment\u00e1rio dos apoiadores de Martiniano avaliamos que s\u00e3o as propostas encaminhadas dessa forma que acabam n\u00e3o sendo \u201cnotadas pelas massas\u201d.<br \/>\nSabemos que n\u00e3o estamos diante de uma situa\u00e7\u00e3o revolucion\u00e1ria no Brasil, que h\u00e1 muita ilus\u00e3o em Lula, o que exige um esfor\u00e7o maior para avan\u00e7ar. Mas, ao inv\u00e9s de culpar os trabalhadores, temos a obriga\u00e7\u00e3o de utilizar o potencial do partido, incluindo a campanha eleitoral, para atuar nos processos concretos para que a correla\u00e7\u00e3o de for\u00e7as se torne mais favor\u00e1vel. Utilizar a campanha para denunciar a verdadeira natureza do governo Lula com exemplos claros, assim como a falsa oposi\u00e7\u00e3o dos tucanos, e armar o movimento sobre as perspectivas reais e o caminho de luta para enfrent\u00e1-las, como bem assinala Bab\u00e1 no debate. Alertar ao povo que um novo ajuste fiscal est\u00e1 em andamento, com aumento de juros, tarifas, cortes e congelamento salarial, e que somente com luta poder\u00e1 ser derrotado. Nesse marco \u00e9 que teremos o direito de pedir o voto dos trabalhadores e do povo pobre para nossos candidatos.<\/p>\n<p>II &#8211; VENEZUELA, UM DEBATE IMPORTANTE: DUAS PROPOSTAS FRENTE AO IMPERIALISMO E OS GOLPISTAS.<br \/>\nEste tema tem enorme import\u00e2ncia, pois est\u00e3o em discuss\u00e3o os rumos de um dos processos revolucion\u00e1rios mais decisivos do continente. Onde a luta de classes permitiu avan\u00e7ar e, por conseguinte, verificar e tirar as li\u00e7\u00f5es sobre o melhor programa, estrat\u00e9gia, alian\u00e7a de classe, em momentos de relevante oportunidade. Infelizmente, companheiros de campanha Martiniano dedicam-se a caluniar os que temos uma vis\u00e3o diferente ao inv\u00e9s de discutir os fatos que est\u00e3o acontecendo neste pa\u00eds, e qual a pol\u00edtica correta para enfrent\u00e1-los, desde o ponto de vista das lutas dos povos latino-americanos.<br \/>\nNossa corrente se orgulha de estar, desde o come\u00e7o, ao lado do povo daquele pa\u00eds. Nossos companheiros venezuelanos foram os primeiros que abriram os sindicatos para Ch\u00e1vez explicar seu projeto ap\u00f3s ele sair da pris\u00e3o depois da sua frustrada tentativa de golpe. Orgulhamo-nos de ter defendido a na\u00e7\u00e3o, seu povo e seu Presidente, do criminoso golpe de 13 de abril de 2002. De ter estado lado a lado enfrentando o lockout petroleiro. Defender ao pa\u00eds frente \u00e0s agress\u00f5es imperialistas n\u00e3o nos confundiu sobre qual lado estamos da luta de classes que dia a dia se desenvolve na Venezuela, ainda um pa\u00eds capitalista: o dos trabalhadores e setores populares contra os empres\u00e1rios, banqueiros, latifundi\u00e1rios, boliburguesia, burocratas e o \u201cEstado patr\u00e3o\u201d dirigido por Ch\u00e1vez. Estado que continua um \u00f3rg\u00e3o de opress\u00e3o do povo. \u00c9 a pol\u00edtica de Ch\u00e1vez que enfraquece os trabalhadores e a na\u00e7\u00e3o frente ao imperialismo e leva, inevitavelmente, a capitular e a perder o pouco que resta de real independ\u00eancia pol\u00edtica e das conquistas duramente conseguidas pelo povo, apesar dos discursos presidenciais.<br \/>\nOs companheiros Martiniano e do MES, em especial, colocam um sinal de igual entre Ch\u00e1vez e processo revolucion\u00e1rio. Sua aposta \u00e9 que unicamente esse governo poder\u00e1 consolidar a independ\u00eancia do imperialismo em dire\u00e7\u00e3o a uma question\u00e1vel proposta de \u201cSocialismo do s\u00e9culo XXI\u201d. Falam de um \u201cnacionalismo revolucion\u00e1rio\u201d sem explicar o que significa e que conte\u00fado de classe teria. Para n\u00f3s, estamos frente a um governo nacionalista burgu\u00eas que evidencia suas limita\u00e7\u00f5es de classe as quais o impedem de ir al\u00e9m, e o conquistado foi, fundamentalmente, por estar alicer\u00e7ado em uma situa\u00e7\u00e3o de forte ascenso de massas e de bonan\u00e7a econ\u00f4mica que levou, \u00e0 \u00e9poca, o pre\u00e7o do petr\u00f3leo para as nuvens. Mas, que hoje atravessa uma profunda crise, ao compasso da crise mundial e do despencar do pre\u00e7o do petr\u00f3leo. Para enfrent\u00e1-la, Ch\u00e1vez aumentou impostos, por exemplo, sobre o consumo (IVA), em 30%, prejudicando o povo pobre. A infla\u00e7\u00e3o do pa\u00eds em 2008 chegou a 32%, por\u00e9m, o sal\u00e1rio m\u00ednimo teve apenas 20% de reajuste, parcelado em duas vezes. Ch\u00e1vez cortou parte do or\u00e7amento social o que afetou as famosas \u201cmissiones\u201d e deixou 2,5 milh\u00f5es de funcion\u00e1rios da administra\u00e7\u00e3o publica e das empresas do Estado sem negocia\u00e7\u00e3o de seus contratos coletivos.<br \/>\nEm fevereiro de 2010, Stalin Perez Borges, de Marea Socialista, corrente oper\u00e1ria chavista que pertence ao agrupamento internacional do MES, expressa fatos da realidade que esta corrente n\u00e3o considera: \u201cA encruzilhada da Revolu\u00e7\u00e3o Bolivariana \u00e9: Transi\u00e7\u00e3o ao Socialismo que significaria liquida\u00e7\u00e3o do Estado Burgu\u00eas ou freio e retrocesso que significaria a liquida\u00e7\u00e3o das conquistas de 11 anos de lutas\u201d&#8230; Alguma coisa acontece que est\u00e1 produzindo um desgaste, um desencanto. Temos na mem\u00f3ria a repress\u00e3o aos trabalhadores de SIDOR quando reclamavam a nacionaliza\u00e7\u00e3o&#8230; sabemos que n\u00e3o foram ouvidas as advert\u00eancias dos trabalhadores do setor el\u00e9trico sobre a crise do setor; foi evidente&#8230; o repudio (por parte do governo) com os trabalhadores da sa\u00fade que advertiam sobre a possibilidade que colapsariam os planos nesse setor; se mant\u00eam a persecu\u00e7\u00e3o aos trabalhadores da Mitsubishi&#8230; S\u00e3o freados os esfor\u00e7os dos trabalhadores das ind\u00fastrias b\u00e1sicas para desenvolver o controle oper\u00e1rio&#8230; Alguma coisa acontece e os que pensamos assim n\u00e3o somos golpistas&#8230;\u201d<br \/>\nAp\u00f3s a realiza\u00e7\u00e3o da sua I Confer\u00eancia, os companheiros de Marea chegaram \u00e0 conclus\u00e3o que: \u201cO perigo real que enfrenta hoje a Revolu\u00e7\u00e3o Bolivariana vem desde dentro do processo\u201d&#8230; Desenvolveu-se uma burocracia&#8230; Associada a uma nascente burguesia local que faz neg\u00f3cios com o Estado e as transnacionais&#8230; Esta burocracia usufrui da renda petroleira fazendo uma distribui\u00e7\u00e3o regressiva da mesma&#8230; [&#8230;] A hist\u00f3ria das revolu\u00e7\u00f5es e a l\u00f3gica da luta de classes indica que se n\u00e3o se avan\u00e7a conscientemente para demolir o estado burgu\u00eas, esse estado esmagar\u00e1 a revolu\u00e7\u00e3o&#8230;<br \/>\nTamb\u00e9m sobre a pol\u00edtica exterior Marea se pronuncia, afirmando que \u00e9 necess\u00e1ria uma revolu\u00e7\u00e3o nesse setor. Defendendo o direito do governo em manter rela\u00e7\u00f5es comerciais com quem seja necess\u00e1rio para romper a depend\u00eancia comercial do imperialismo, esclarece que \u201cisso n\u00e3o deve significar apoio pol\u00edtico incondicional com os governos dos pa\u00edses com os quais comerciamos, nem com a China capitalista, nem com Lula, nem com o governo Kirchner, que aplicam planos neoliberais com seus povos&#8230;\u201d. E conclui afirmando que \u201cesta situa\u00e7\u00e3o tem como suposto a defesa de uma utopia reacion\u00e1ria: supor que a constru\u00e7\u00e3o do socialismo ou da transi\u00e7\u00e3o a ele se faz por acumula\u00e7\u00e3o de avan\u00e7os parciais&#8230;\u201d.<br \/>\nConcordando com muitos aspectos, discordamos dos companheiros que colocam o governo Ch\u00e1vez por fora do Estado burgu\u00eas, por fora dos esquemas da burguesia e da burocracia, como se estivesse isolado no pal\u00e1cio rodeado de um poderoso setor reacion\u00e1rio ao qual n\u00e3o pode controlar. Mas continuemos com o que est\u00e1 acontecendo e qual a pol\u00edtica do governo na Venezuela. Na semana passada, Ch\u00e1vez anunciou a entrega dos blocos Carabobo 1 e 3 da Faixa do Orinoco a dois cons\u00f3rcios encabe\u00e7ados pelas multinacionais Chevron e Repsol. No ato de \u201ccelebra\u00e7\u00e3o\u201d, o Presidente chamado de \u201cnacionalista revolucion\u00e1rio\u201d afirmou: \u201cQueridos amigos, s\u00f3cios, aliados, voc\u00eas sabem que tem todas as garantias nesta Constitui\u00e7\u00e3o, tem nossas leis para os investimentos que j\u00e1 est\u00e3o trazendo h\u00e1 alguns anos&#8230; contem sempre com nossa melhor e boa vontade para discutir e procurar acordos nos diferentes temas&#8230; S\u00e3o capitais que vem para investir&#8230; n\u00e3o s\u00e3o especulativos, n\u00e3o me canso de agradecer a cada um de voc\u00eas, dos pa\u00edses, governos e empresas aqui representadas\u201d. Enquanto pactua a entrega \u00e0s multinacionais, a burocracia sindical chavista aprovou com o governo um contrato coletivo miser\u00e1vel para os trabalhadores da PDVSA. Com toda raz\u00e3o o presidente da Chevron Latino Am\u00e9rica afirmou: \u201cConfiamos na Venezuela e no \u00eaxito deste novo projeto; Chevron continuar\u00e1 trabalhando com Venezuela e com nosso s\u00f3cio: a PDVSA\u201d. E Ch\u00e1vez esclareceu: \u201cTemos ainda muitos blocos dispon\u00edveis, aqui h\u00e1 petr\u00f3leo para 200 anos\u201d colocando \u00e0 disposi\u00e7\u00e3o das multinacionais o petr\u00f3leo do pa\u00eds. Que nacionalismo revolucion\u00e1rio \u00e9 este onde as multinacionais agradecem e s\u00e3o s\u00f3cias? Por que no Brasil os companheiros s\u00e3o contr\u00e1rios \u00e0 licita\u00e7\u00e3o das \u00e1reas petroleiras e defendem uma Petrobr\u00e1s 100% estatal, enquanto ap\u00f3iam o contr\u00e1rio na Venezuela? Por que os companheiros n\u00e3o informam que as \u201cnacionaliza\u00e7\u00f5es\u201d de Ch\u00e1vez foram compra de empresas generosamente pagas que fizeram aumentar o endividamento do pa\u00eds atrav\u00e9s da emiss\u00e3o de b\u00f4nus \u201csoberanos\u201d e de b\u00f4nus da d\u00edvida da pr\u00f3pria PDVSA?<br \/>\nNo semin\u00e1rio de intelectuais chavistas, de 2009, criticado violentamente por Ch\u00e1vez que os chamou de golpistas por ousarem criticar o governo, o ex &#8211; Ministro de Ind\u00fastrias B\u00e1sicas e Minas do atual governo, Victor Alvarez, analisando os n\u00fameros oficiais demonstrou, passados dez anos de governo, que \u201co setor p\u00fablico viu seu peso diminuir no PIB de 34,8% a 29,1%, sendo que o setor privado aporta a 70,1%, ou seja, mesmo com a pol\u00edtica de nacionaliza\u00e7\u00f5es se fortaleceu o modelo produtivo capitalista\u201d.<br \/>\nJose Gamez, por sua vez, em mat\u00e9ria publicada no site de Marea Socialista (10\/01\/2010) com o t\u00edtulo de \u201cColapso da Burocracia\u201d, na descri\u00e7\u00e3o da situa\u00e7\u00e3o, agrega: \u201cA impunidade com os assassinatos de dirigentes revolucion\u00e1rios oper\u00e1rios e camponeses&#8230; o aumento da delinq\u00fc\u00eancia e a geral inseguran\u00e7a que se vive&#8230; a criminaliza\u00e7\u00e3o da luta social&#8230; o processo contra o cacique yukpa Sabino Romero&#8230; os processos judiciais abertos contra dezenas de lideres sindicais, os assassinatos dos lideres como o dirigente do sindicato da Toyota, Argenis Vasquez&#8230; A infla\u00e7\u00e3o descontrolada. Venezuela virou o pa\u00eds mais caro do mundo&#8230; A crise banc\u00e1ria&#8230; com banqueiros presos ou fugitivos todos testa de ferro de numerosos \u201cpr\u00f3ceres\u201d da revolu\u00e7\u00e3o bolivariana&#8230; Para aplicar esta pol\u00edtica \u00e9 que na Venezuela s\u00e3o atacadas as liberdades democr\u00e1ticas como o direito a lutar e a criticar, como o demonstram os dados que colocamos e a violenta rea\u00e7\u00e3o governamental \u00e0s criticas dos intelectuais chavistas.<br \/>\nNeste marco \u00e9 que devemos localizar as san\u00e7\u00f5es \u00e0 RCTV. Em janeiro, a RCTV e mais cinco canais a cabo foram tiradas do ar por n\u00e3o respeitar a nova norma do governo que obriga o registro no \u00f3rg\u00e3o Conatel e a notificar as especifica\u00e7\u00f5es de sua programa\u00e7\u00e3o. A RCTV \u00e9 um \u00f3rg\u00e3o de comunica\u00e7\u00e3o privado que cumpriu um papel nefasto contra os trabalhadores apoiando o golpe em 2002 e o lockout petroleiro com o objetivo de liquidar o processo revolucion\u00e1rio. Mas, quando havia condi\u00e7\u00f5es e o povo e os setores classistas reclamavam a pris\u00e3o dos golpistas, a expropria\u00e7\u00e3o da RCTV, da Venevis\u00e3o, Globovis\u00e3o, Televen e outras, para que fossem controladas pelos jornalistas, trabalhadores e a comunidade, Ch\u00e1vez os deixou fugir e, posteriormente, os anistiou. Assim, consideramos que a atual medida n\u00e3o tem como finalidade punir os golpistas nem aprofundar o processo revolucion\u00e1rio, nem ampliar as liberdades democr\u00e1ticas, uma vez que nos canais estatais aparece apenas a vis\u00e3o do governo, n\u00e3o havendo espa\u00e7o para o sindicalismo combativo e independente. A RCTV n\u00e3o \u00e9 punida por golpista, mas por opositora, por representar diferentes interesses do ponto de vista burgu\u00eas que aqueles representados pelo governo e sua boliburguesia. A Venevis\u00e3o, t\u00e3o golpista quanto a RCTV, n\u00e3o tem problema, pois pactuou em 2004, numa reuni\u00e3o entre Ch\u00e1vez, Cisneros e Jimmy Carter, e se integrou aos planos do governo.<br \/>\nA subordina\u00e7\u00e3o acritica a Ch\u00e1vez, por parte dos companheiros, significa a defesa desta pol\u00edtica que ao inv\u00e9s de se apoiar no povo mobilizado para derrotar o imperialismo, se associa com suas empresas e desenvolve uma pol\u00edtica antioper\u00e1ria e antisindical; a defesa de um partido policlassista, com burgueses que se chamam de \u201csocialistas\u201d, o PSUV, onde a base n\u00e3o tem possibilidade de definir nada. Significa ignorar que quem anistiou os golpistas de 2003 foi Ch\u00e1vez e quem chama as multinacionais de \u201camigas\u201d \u00e9 o pr\u00f3prio. Significa apoiar Ch\u00e1vez enquanto este, no Brasil, ap\u00f3ia Dilma! No seu programa semanal Ch\u00e1vez declarou: \u201cTemos certeza que o imp\u00e9rio norte-americano vai fazer tudo para que a direita ganhe no Brasil, para ter, a partir de janeiro de 2011, um governo subordinado a seus mandatos, o que seria nefasto para a Am\u00e9rica Latina. Sei que v\u00e3o me acusar de inger\u00eancia, meu cora\u00e7\u00e3ozinho \u00e9 quem est\u00e1 falando, minha candidata \u00e9 a Dilma\u201d.<br \/>\nAcabam, igualmente, apoiando o culto \u00e0 personalidade de tipo estalinista, que levou o presidente a afirmar: &quot;N\u00e3o admitirei que minha lideran\u00e7a seja contestada, porque eu sou o povo\u201d.<br \/>\nFrente a esta situa\u00e7\u00e3o, consideramos que uma pol\u00edtica de independ\u00eancia de classe passa na Venezuela por apoiar o fortalecimento das organiza\u00e7\u00f5es aut\u00f4nomas e a mobiliza\u00e7\u00f5es dos trabalhadores e do povo por suas necessidades; pela defesa explicita da autonomia sindical; pela puni\u00e7\u00e3o aos golpistas; por n\u00e3o exigir nenhum sacrif\u00edcio dos trabalhadores para que os banqueiros, grandes empres\u00e1rios, burocratas e latifundi\u00e1rios continuem lucrando na Venezuela! Significa apoiar a luta pelo controle por parte dos trabalhadores das empresas estatizadas. Apoiar o Fora as multinacionais e defender a PDVSA 100% estatal. Significa construir um partido de trabalhadores verdadeiramente revolucion\u00e1rio, sem patr\u00f5es, burocratas e com total independ\u00eancia do governo, como est\u00e3o propondo os dirigentes Sindicais Orlando Chirino, com uma trajet\u00f3ria de 30 anos de luta sindical e socialista, e o Sec. Geral do Sindicato dos Petroleiros Jos\u00e9 Bodas, que obteve 30% dos votos da categoria em uma elei\u00e7\u00e3o onde o governo jogou todo o peso do aparelho do estado para impedir o avan\u00e7o das for\u00e7as classistas.<br \/>\nConsideramos este um tema fundamental no debate em curso porque os companheiros da campanha de Martiniano o definem exemplo a seguir. Para n\u00f3s, o conjunto de fatos e pol\u00edticas de governo que concretamente acontecem na Venezuela de hoje, como refer\u00eancia est\u00e1 longe de ser parte do nosso programa de funda\u00e7\u00e3o. Por\u00e9m, nem sequer este projeto defendem publicamente, visto que renunciam \u00e0 luta pela re-estatiza\u00e7\u00e3o ou por uma assembl\u00e9ia constituinte para definir os rumos do pa\u00eds.<br \/>\nNossa batalha \u00e9 intransigente pelas conquistas da luta do povo venezuelano. Contudo, somente o combate implac\u00e1vel pela auto-organiza\u00e7\u00e3o da classe e do povo, sua mobiliza\u00e7\u00e3o e o apoio nas massas para recha\u00e7ar qualquer concess\u00e3o \u00e0s multis, pode fazer avan\u00e7ar a revolu\u00e7\u00e3o.<\/p>\n<p>III \u2013 O PROGRAMA E NOSSAS PROPOSTAS<br \/>\nApresentamos os aspectos que consideramos definem um programa. Ele deve ter a ver com nossa estrat\u00e9gia, e n\u00e3o ser um papel que, \u00e0s vezes serve, outras n\u00e3o. Para os socialistas, um programa sistematiza a an\u00e1lise da realidade, as tarefas colocadas, a a\u00e7\u00e3o necess\u00e1ria e as classes que o podem levar \u00e0 pr\u00e1tica. A discuss\u00e3o \u00e9 determinante na medida em que, ainda que ningu\u00e9m prop\u00f4s formalmente uma mudan\u00e7a do programa do partido, nos fatos, ele n\u00e3o \u00e9 levado em conta. Na campanha de 2006, a influ\u00eancia desenvolvimentista do nosso Vice nos distanciou da estrat\u00e9gia. Tamb\u00e9m, Helo\u00edsa considerava que \u201cuma coisa \u00e9 programa de partido e outra programa de governo\u201d. Mesmas palavras de Lula quando, no Congresso do PT, se referindo \u00e0s vota\u00e7\u00f5es sobre programa, disse: &quot;N\u00e3o h\u00e1 nenhum crime ou equ\u00edvoco no fato de um partido ter um programa mais progressista do que o governo. (&#8230;) O partido, muitas vezes, defende princ\u00edpios e coisas que o governo n\u00e3o pode defender&quot;.<br \/>\nNo entanto, na nota na qual a APS define que seu candidato \u00e9 Pl\u00ednio, faz uma exig\u00eancia program\u00e1tica, no sentido do \u201cPrograma Democr\u00e1tico e Popular\u201d, proposta que j\u00e1 fizeram na ocasi\u00e3o do seu ingresso ao PSOL.<br \/>\nAssim como fomos contr\u00e1rios \u00e0s mudan\u00e7as introduzidas na campanha em 2006, e o manifestamos em carta de agosto de 2006 \u00e0 dire\u00e7\u00e3o do partido, somos contr\u00e1rios \u00e0 mudan\u00e7a proposta pelos companheiros da APS. Consideramos o Programa do PSOL uma supera\u00e7\u00e3o do Programa Democr\u00e1tico e Popular, n\u00e3o s\u00f3 dos moderados de 2002, mas, tamb\u00e9m, do mais radical de 89. E o supera por uma concep\u00e7\u00e3o: Porque o programa do PSOL articula as reivindica\u00e7\u00f5es dos trabalhadores e do povo com a ruptura com o imperialismo, a mudan\u00e7a de regime social e a conquista do governo dos trabalhadores e das classes populares e oprimidas, e assinala o caminho da luta e da a\u00e7\u00e3o direta como fundamental.<br \/>\nEsta defini\u00e7\u00e3o n\u00e3o existe no \u201cDemocr\u00e1tico e Popular\u201d que defende um governo \u201cdemocr\u00e1tico e popular\u201d h\u00edbrido, sem car\u00e1ter de classe, que n\u00e3o \u00e9 de trabalhadores. Ele n\u00e3o prop\u00f5e a expropriar, mas diz que abrir\u00e1 espa\u00e7o para o socialismo por meio da acumula\u00e7\u00e3o de for\u00e7as sem explicar como. Logicamente, o PT terminou onde est\u00e1 n\u00e3o s\u00f3 pela limita\u00e7\u00e3o program\u00e1tica, mas, pela adapta\u00e7\u00e3o \u00e0 institucionalidade que o programa amb\u00edguo, mistura de concep\u00e7\u00f5es diferentes, tamb\u00e9m possibilitava. Em s\u00edntese, com algumas propostas progressivas e importantes, apostava na l\u00f3gica eleitoral e nas alian\u00e7as com setores da burguesia para reformar \u201cdesde dentro\u201d o Estado Burgu\u00eas. Um programa para ser de ruptura n\u00e3o precisa explicar o que \u00e9 o socialismo. Precisa, sim, articular as reivindica\u00e7\u00f5es do povo \u2013 sal\u00e1rio, trabalho, terra, sa\u00fade, moradia, etc. Mostrar que podem ser resolvidas se suspendermos o pagamento da d\u00edvida, entre outras medidas, propor reordenar o sistema pol\u00edtico e econ\u00f4mico do pa\u00eds para deixar de estar submetidos ao capital financeiro, \u00e0s multinacionais e ao imperialismo que roubam a riqueza da na\u00e7\u00e3o. Defender que \u00e9 necess\u00e1rio acabar com o governo e o regime de falsa democracia de ladr\u00f5es e corruptos. Nossas bandeiras, por m\u00ednimas que pare\u00e7am, apenas ser\u00e3o conseguidas por meio da a\u00e7\u00e3o do movimento de massas. Por isso chamamos \u00e0 participa\u00e7\u00e3o e mobiliza\u00e7\u00e3o popular para lutar por estas propostas e por uma Assembl\u00e9ia Constituinte, para que seja o povo realmente quem decida os destinos da na\u00e7\u00e3o.<br \/>\nN\u00e3o h\u00e1, hoje, nenhuma bandeira democr\u00e1tica, antilatifundi\u00e1ria ou anti-imperialista que n\u00e3o seja necessariamente anticapitalista. As lutas sociais mais m\u00ednimas se chocam com os interesses do capital. S\u00e3o, por essa raz\u00e3o, extremamente criminalizadas pelos governos, justi\u00e7a, m\u00eddia e patr\u00f5es.<br \/>\nN\u00e3o haver\u00e1, por exemplo, o fim da corrup\u00e7\u00e3o dentro do capitalismo, pois a democracia burguesa, falsa democracia dos ricos, s\u00f3 funciona por meio de um balc\u00e3o de neg\u00f3cios. N\u00e3o haver\u00e1 reforma agr\u00e1ria sem enfrentar o capital banc\u00e1rio e industrial que dominam as terras e mandam assassinar os camponeses. N\u00e3o haver\u00e1 soberania, o fim definitivo do pagamento da d\u00edvida e o fim da submiss\u00e3o ao FMI dentro do capitalismo. Ainda que muitas destas tarefas sejam democr\u00e1ticas, como a independ\u00eancia nacional ou a reforma agr\u00e1ria, historicamente conquistas da revolu\u00e7\u00e3o democr\u00e1tico-burguesa, hoje, questionam diretamente o capitalismo, e por isso seu conte\u00fado \u00e9 necessariamente socialista. O car\u00e1ter de ruptura e de transi\u00e7\u00e3o ao socialismo do programa de funda\u00e7\u00e3o do PSOL deve ser mantido.<br \/>\nPor isso, discordamos da concep\u00e7\u00e3o program\u00e1tica da candidatura de Martiniano, que padece de um erro que o PT tamb\u00e9m teve: a utopia de mudar o car\u00e1ter de classe do Estado Burgu\u00eas. E pretende mudar o car\u00e1ter do Estado Burgu\u00eas apresentado \u201cuma proposta de regulamenta\u00e7\u00e3o do exerc\u00edcio da democracia direta prevista na Constitui\u00e7\u00e3o\u201d. Previsto na Constitui\u00e7\u00e3o que o PT se recusou a assinar por ser \u201ccontr\u00e1rio \u00e0 ordem burguesa\u201d. Essa foi a vis\u00e3o que imperou no programa de governo de Luciana em 2008, quando se prop\u00f4s a \u201cusar todo o aparato do Estado Burgu\u00eas\u201d para as pol\u00edticas sociais em Porto Alegre. (Construir uma alternativa de governo para Porto Alegre: a cidade como exemplo de luta e resist\u00eancia). Trata-se de uma incompreens\u00e3o total do desarme program\u00e1tico que o PT teve ao longo de sua exist\u00eancia: a teoria de que o Estado burgu\u00eas \u00e9 uma casca vazia, que pode ser preenchida pelos trabalhadores a seu favor. Trata-se da repeti\u00e7\u00e3o de um erro j\u00e1 experimentado no modo petista de \u201cgovernar para todos\u201d atrav\u00e9s do programa democr\u00e1tico e popular.<br \/>\nNossa proposta reivindica integralmente o Programa do Partido, o ac\u00famulo constru\u00eddo com a Frente de Esquerda de 2006 e os 15 pontos votados no Diret\u00f3rio Nacional de dezembro 2009. Vamos nos deter em tr\u00eas eixos que consideramos essenciais:<br \/>\n1\u00ba) Fortalecer as lutas populares e a constru\u00e7\u00e3o de uma Nova Central da classe trabalhadora. Uma campanha n\u00e3o se pode chamar de socialista se n\u00e3o tem como eixo o chamado \u00e0 a\u00e7\u00e3o, da mobiliza\u00e7\u00e3o e da organiza\u00e7\u00e3o aut\u00f4noma dos trabalhadores e do povo. Devemos utilizar nossos espa\u00e7os de TV e r\u00e1dio para denunciar as mazelas da pol\u00edtica governamental e dar voz aos que lutam nas empresas, bairros ou no campo, e afirmar que sem luta a vida n\u00e3o vai mudar. Dizer em alto e bom som que o PSOL acha que sem a mobiliza\u00e7\u00e3o da popula\u00e7\u00e3o trabalhadora nada mudar\u00e1 e n\u00e3o ser\u00e3o resolvidos os problemas do povo. Utilizaremos os exemplos concretos que existam em cada momento, sejam eles as lutas em defesa da educa\u00e7\u00e3o, as greves por sal\u00e1rio, a luta contra a criminaliza\u00e7\u00e3o ou pela reforma agr\u00e1ria, as mobiliza\u00e7\u00f5es contra a corrup\u00e7\u00e3o, pela moradia, etc. Este \u00e9 nosso primeiro eixo program\u00e1tico, sem ele nossa campanha ser\u00e1 demagogia. Por sua vez, tamb\u00e9m nossa candidatura se colocar\u00e1 a servi\u00e7o de divulgar e fortalecer a Nova Central, pois o PSOL deve ser express\u00e3o deste rico processo de reorganiza\u00e7\u00e3o de nossa classe;<br \/>\n2\u00ba) defender a Soberania Nacional: Devemos ser os porta vozes dos ventos anti-imperialistas que percorreram a Am\u00e9rica Latina. Denunciando claramente o papel submisso do governo aos interesses do capital financeiro, das multinacionais, do agroneg\u00f3cio e das empreiteiras. Isto, em torno da den\u00fancia e da proposta de suspens\u00e3o do pagamento dos juros da d\u00edvida e da defesa da Amaz\u00f4nia, propondo um plano emergencial alternativo para investir em infraestrutura, sa\u00fade, educa\u00e7\u00e3o, seguran\u00e7a p\u00fablica, meio ambiente, moradia. Uma campanha de esquerda tem que dizer com clareza de onde sair\u00e1 o dinheiro para resolver os problemas. Temos lado e ser\u00e1 necess\u00e1rio contrariar interesses. Mostraremos com dados como, enquanto se pague a d\u00edvida, ser\u00e1 IMPOSS\u00cdVEL reverter a mis\u00e9ria e fazer justi\u00e7a social. E proporemos avan\u00e7ar com a CPI, a auditoria e a suspens\u00e3o do pagamento como fonte decisiva para financiar os investimentos em trabalho, sa\u00fade, educa\u00e7\u00e3o, etc. Denunciaremos o plano chamado IIRSA (Integra\u00e7\u00e3o da Infraestrutura Sul Americana) que tem como objetivo desenvolver grandes projetos na \u00e1rea dos transportes (gr\u00e3os, madeira e min\u00e9rios), energia e telecomunica\u00e7\u00f5es para a extra\u00e7\u00e3o de todo tipo de commodities e sua exporta\u00e7\u00e3o para os mercados dos pa\u00edses ricos. E o PAC do Lula, com suas represas como as de Jirau, Santo Antonio e Belo Monte, atende a este objetivo de fornecer energia barata \u00e0s multinacionais e grandes corpora\u00e7\u00f5es para melhor sugar nossas riquezas. Neste marco, faremos da nossa campanha um chamado \u00e0 mobiliza\u00e7\u00e3o contra Belo Monte, e, desde j\u00e1, propomos que o PSOL envie uma delega\u00e7\u00e3o \u00e0 c\u00fapula ambiental chamada por Evo Morales na Bol\u00edvia em abril, levando uma proposta de combate ao projeto. Finalmente, defender a soberania significa defender a re-nacionaliza\u00e7\u00e3o da Vale e fazer da Petrobr\u00e1s uma empresa 100% estatal;<br \/>\n3\u00ba) contra o regime antidemocr\u00e1tico do poder econ\u00f4mico e da corrup\u00e7\u00e3o, denunciaremos implacavelmente a falsa democracia atual, onde as grandes empresas e bancos financiam as campanhas em troca do apoio dos poderes a seus interesses econ\u00f4micos. O dinheiro corre pelos gabinetes e os pal\u00e1cios de Bras\u00edlia, entre cuecas, meias e bolsas. Sinistros personagens rejeitados pela popula\u00e7\u00e3o adquiriram nova for\u00e7a com apoio de Lula como Sarney, Calheiros, Jader Barbalho e Collor. \u00c9 preciso uma reviravolta total! Para defender financiamento p\u00fablico exclusivo e limitado de campanha, a revoga\u00e7\u00e3o dos mandatos quando n\u00e3o cumprem compromissos; o sal\u00e1rio de parlamentares e governantes decididos pela popula\u00e7\u00e3o atrav\u00e9s de plebiscito e vinculado ao sal\u00e1rio m\u00ednimo; o fim do aristocr\u00e1tico Senado e a defesa de uma C\u00e2mara \u00danica Proporcional; a pris\u00e3o para corruptos e corruptores e a reorganiza\u00e7\u00e3o jur\u00eddica, econ\u00f4mica e pol\u00edtica do pa\u00eds, defenderemos a necessidade de re- fundar o Brasil atrav\u00e9s de uma Assembleia Constituinte Soberana, com deputados eleitos para tal fim e de forma proporcional, com financiamento p\u00fablico e tempo igualit\u00e1rio.<br \/>\nPara concluir, duas propostas fundamentais: A primeira, \u00e9 que todos os candidatos do PSOL devem respeitar os estatutos e n\u00e3o aceitarem financiamento do capital: GERDAU NUNCA MAIS! E a segunda, \u00e9 que a pol\u00edtica de alian\u00e7as \u00e9 a de nosso Programa, por isso, defendemos a Frente de Esquerda PCB-PSTU, para o qual deveremos fazer todo o esfor\u00e7o poss\u00edvel para que se concretize.<\/p>\n<p>IV \u2013 BALAN\u00c7O E REFLEX\u00d5ES FINAIS<br \/>\nInfelizmente, nosso partido perdeu meses na procura de alguma figura que substitu\u00edsse Helo\u00edsa na tarefa de candidata\/o, sem a devida import\u00e2ncia ao programa, \u00e0 trajet\u00f3ria, ao compromisso com a luta do povo, ao projeto global. S\u00f3 o que importava era se abriria possibilidades de atrair mais votos e eleger parlamentares do partido.<br \/>\nA decis\u00e3o de Heloisa, disputar o Senado, foi apoiada pelos companheiros da campanha de Martiniano. Consideraram correto pelas \u201cdificuldades da conjuntura\u201d: seria errado \u201ctrocar quatro anos de Senado por tr\u00eas meses de campanha\u201d, mostrando, assim, o desprezo pela disputa pol\u00edtica nacional com o projeto tucano-petista e sua prefer\u00eancia por uma vaga parlamentar, como se uma campanha \u00e0 Presid\u00eancia fosse uma \u201cperda de tempo\u201d quando n\u00e3o existem chances de ganhar. Concordamos com Milton Temer, que se posicionou contra esse argumento afirmando: \u201cAt\u00e9 porque uma campanha presidencial de peso n\u00e3o se encerra nela mesma.\u201d<br \/>\nForam meses atr\u00e1s de Prot\u00f3genes. As a\u00e7\u00f5es corajosas do Delegado contra Dantas deviam ser apoiadas e ele defendido da ira da alta c\u00fapula da pol\u00edcia e do governo. Tamb\u00e9m, era correto tencionar para ver se o ganh\u00e1vamos para o partido. Mas, da\u00ed a erigi-lo como l\u00edder nacional dos psolistas sem ter acordos pol\u00edticos e program\u00e1ticos nem debate democr\u00e1tico, h\u00e1 uma boa dist\u00e2ncia. Sem nunca ter discutido nas inst\u00e2ncias, apareceram movimentos do mesmo setor que depois quis Marina, lhe propondo candidatura. Finalmente, o delegado optou pela conveniente filia\u00e7\u00e3o ao PCdoB, partido da base governista, quebrando as ilus\u00f5es eleitorais de dirigentes partid\u00e1rios. Uma vez Marina desfiliada do PT, filiada ao PV na perspectiva de ser candidata, dando clara demonstra\u00e7\u00e3o de que n\u00e3o estava rompendo com o governo nem com o projeto econ\u00f4mico de FHC &#8211; Lula, se iniciaram os contatos por parte de Helo\u00edsa, MTL e MES. Em seguida, as declara\u00e7\u00f5es da presidente do Partido, declarando apoio, pois Marina defendia segundo Helo\u00edsa, o \u201cdesenvolvimento sustent\u00e1vel com justi\u00e7a social\u201d. Resultado: numa resolu\u00e7\u00e3o errada, a Executiva por maioria e com tr\u00eas votos contr\u00e1rios, votou formalizar as rela\u00e7\u00f5es aumentando a paralisia do partido e atrasando a entrada do PSOL na disputa eleitoral. Com a crise aberta e a rebeli\u00e3o nas fileiras partid\u00e1rias, derrotou-se esta pol\u00edtica, fato finalmente reconhecido na reuni\u00e3o da Executiva em janeiro, que decidiu pela candidatura pr\u00f3pria e abriu os debates que culminar\u00e3o na Confer\u00eancia de Abril.<br \/>\nO companheiro Martiniano se apresenta como continuador deste projeto que, em nome do \u201cdi\u00e1logo com as massas\u201d, renuncia ao programa e aos objetivos estrat\u00e9gicos pelos quais fundamos o PSOL. Este projeto se expressa na carta de sua pr\u00e9- candidatura. Tentando justificar pela correla\u00e7\u00e3o de for\u00e7as, d\u00e1 uma c\u00e1tedra de pragmatismo pol\u00edtico-eleitoral que poder\u00edamos resumir assim: como n\u00e3o h\u00e1 correla\u00e7\u00e3o de for\u00e7as \u2013 as massas n\u00e3o seguem o partido \u2013 mudemos o programa \u2013 n\u00e3o defendamos nem a sa\u00fade publica \u2013 defendamos o meio ambiente, mas, sem chamar a lutar contra as multinacionais que o destroem &#8211; tudo dentro da Constitui\u00e7\u00e3o \u2013 sem rupturas \u2013 faremos a pol\u00edtica \u201cconcreta\u201d para obter resultados \u201cconcretos\u201d \u2013 mudaremos assim o car\u00e1ter do Estado. E isso em nome da atualiza\u00e7\u00e3o te\u00f3rica e pol\u00edtica. Do nosso ponto de vista, isso se chama oportunismo pol\u00edtico. Oferecer-se para administrar o capitalismo. Na sua proposta de programa, n\u00e3o aparecem as palavras \u201cluta\u201d \u201cmobiliza\u00e7\u00e3o\u201d \u201ca\u00e7\u00e3o\u201d ou algo parecido. Porque se falamos em ser concretos, h\u00e1 que se dizer claro: a consequ\u00eancia do que diz Martiniano \u00e9, por exemplo, se um lutador do PSOL ou do movimento v\u00ea privatizar seu hospital atrav\u00e9s das Funda\u00e7\u00f5es, deve renunciar \u00e0 bandeira pelo fim dessas, pois \u201cn\u00e3o h\u00e1 correla\u00e7\u00e3o de for\u00e7as\u201d e, ainda, poder\u00edamos chocar \u00e0 opini\u00e3o p\u00fablica.<br \/>\nN\u00e3o \u00e9 essa uma postura socialista. Quando o PSOL disputa o poder, o faz em nome de determinadas classes sociais: os trabalhadores, os setores populares. E o disputa para uma PROPOSTA, que est\u00e1 expressa em nosso programa. Quando a correla\u00e7\u00e3o de for\u00e7as e a consci\u00eancia das massas n\u00e3o est\u00e3o de acordo com nossa proposta, faremos todo o poss\u00edvel para mud\u00e1-la, buscaremos a melhor linguagem para ganhar a confian\u00e7a do movimento, toda a flexibilidade t\u00e1tica para chegar aos cora\u00e7\u00f5es e mentes do povo, buscaremos as alian\u00e7as que fortale\u00e7am nossa estrat\u00e9gia, e, sobretudo, estaremos no dia a dia incentivando sua mobiliza\u00e7\u00e3o. N\u00e3o nos esconderemos por tr\u00e1s de candidaturas governistas, nem mudaremos a estrat\u00e9gia e o programa. Se n\u00e3o ganharmos os trabalhadores e os setores populares para nossa proposta, n\u00e3o governaremos, pois o que defendemos n\u00e3o \u00e9 eleger alguns parlamentares, a qualquer custo, nem chegar ao governo com proposta alheia, mas ganhar o povo para um projeto de pa\u00eds e de na\u00e7\u00e3o que exige muita luta, persist\u00eancia e firmeza pol\u00edtica. \u00c9 um fato que o PSOL ainda n\u00e3o ganhou a confian\u00e7a e a ades\u00e3o de setores majorit\u00e1rios do povo e dos trabalhadores. Mas, essa \u00e9 nossa tarefa, todos os dias e tamb\u00e9m no programa eleitoral de TV.<br \/>\nMostramos como o projeto da candidatura Martiniano se afasta do projeto fundacional do partido. Tamb\u00e9m na concep\u00e7\u00e3o partid\u00e1ria os companheiros renunciam ao que votamos e colocamos no Estatuto quando fundamos o PSOL. Referimo-nos ao car\u00e1ter militante do partido. No estatuto, afirmamos que existem dois tipos de filiados: o filiado sem deveres nem direitos e o filiado em condi\u00e7\u00f5es estatut\u00e1rias, que milita no partido, re\u00fane ao menos uma vez por m\u00eas e colabora financeiramente com no m\u00ednimo R$ 5,00\/m\u00eas. Durante todo este tempo, os companheiros t\u00eam defendido que n\u00e3o \u201cexistem condi\u00e7\u00f5es\u201d de ter um partido desse tipo, que seria segundo eles muito disciplinado e fechado, e somos um partido \u201cnovo\u201d. Consideramos que esta atitude \u00e9 uma justificativa e uma pol\u00edtica para n\u00e3o organizar nunca n\u00facleos, finan\u00e7as, inst\u00e2ncias dirigentes democr\u00e1ticas que se reportem \u00e0 base. Sabemos que a forma de politizar a milit\u00e2ncia passa por reunir, discutir sobre a realidade, atuar com a proposta do partido, avaliar, tirar conclus\u00f5es, acompanhar a pol\u00edtica nacional e internacional. S\u00f3 com politiza\u00e7\u00e3o poderemos convencer que \u00e9 necess\u00e1rio contribuir financeiramente. Um partido sem organicidade, sem obriga\u00e7\u00f5es, cobra menos, exige e critica menos \u00e0 dire\u00e7\u00e3o. Uma dire\u00e7\u00e3o que n\u00e3o organiza sua base, que n\u00e3o organiza as finan\u00e7as partid\u00e1rias, se torna \u201cindependente\u201d da base a quem n\u00e3o tem que prestar contas, nem sequer financeira, pois vive do fundo partid\u00e1rio e dos mandatos. Uma base sem organicidade vira f\u00e1cil massa de manobra para votar a cada dois anos em tal ou qual chapa, em tal ou qual delegado. O crit\u00e9rio dos companheiros outorga assim ao filiado que n\u00e3o tem nenhuma obriga\u00e7\u00e3o, o direito de decidir a pol\u00edtica e a dire\u00e7\u00e3o do partido, o mesmo direito que tem o abnegado militante que re\u00fane e sustenta sua organiza\u00e7\u00e3o, fazendo muitas vezes, um sacrif\u00edcio.<br \/>\nPor todas essas raz\u00f5es afirmamos que o debate n\u00e3o finalizar\u00e1 na Confer\u00eancia de Abril. A resist\u00eancia formid\u00e1vel do partido \u00e0 tentativa de submeter o PSOL ao PV tem que avan\u00e7ar, ganhar for\u00e7a pol\u00edtica e buscar a unidade de todos aqueles que defendem, na pr\u00e1tica, os princ\u00edpios fundacionais do PSOL. A candidatura do companheiro Bab\u00e1 est\u00e1 a servi\u00e7o desta batalha e destes objetivos.<br \/>\n24 de fevereiro de 2010<br \/>\nAssinam:<br \/>\nAdolfo Pereira \u2013 Bel\u00e9m \u2013 PA<br \/>\nAdolfo Santos \u2013 Rio de Janeiro &#8211; RJ;<br \/>\nAdonias Nilo de Andrade \u2013 Manten\u00f3polis -ES<br \/>\nAdriano Abbade \u2013 Bel\u00e9m \u2013 PA<br \/>\nAdriano Dias \u2013 Bras\u00edlia \u2013 DF<br \/>\nAdriano do Egito \u2013 Marab\u00e1 \u2013 PA<br \/>\nAfonso Modesto \u2013 Bel\u00e9m \u2013 PA<br \/>\nAfonso Rufino \u2013 Manaus \u2013 AM<br \/>\nAgenor da Ladeira \u2013 Rio de Janeiro &#8211; RJ<br \/>\nAguinaldo Barbosa da Silva \u2013 Bel\u00e9m \u2013 PA<br \/>\nAguinaldo Rodrigues da Silva \u2013 Vale do Para\u00edba \u2013 SP<br \/>\nAilane Lima Santos \u2013 Marab\u00e1 &#8211; PA<br \/>\nAkihito &#8211; Rio de Janeiro \u2013 RJ<br \/>\nAlcides Moreira &#8211; Vale do Para\u00edba \u2013 SP<br \/>\nAlex \u201cPapagaio\u201d \u2013 Rio de Janeiro \u2013 RJ<br \/>\nAlex Fernandes &#8211; S\u00e3o Paulo \u2013 SP<br \/>\nAlex Renato da Silva \u2013 Porto Alegre RS<br \/>\nAlexandre Pacheco \u2013 Bel\u00e9m \u2013 PA<br \/>\nAlexandre Roldan &#8211; S\u00e3o Paulo \u2013 SP<br \/>\nAlexsandre Scridelli &#8211; Guarulhos \u2013 SP<br \/>\nAlexsandro De Castro Costa \u2013 Guarulhos \u2013 SP<br \/>\nAlfredo &#8211; Vale do Para\u00edba \u2013 SP<br \/>\nAlfredo Santana \u2013 Porto Alegre \u2013 RS<br \/>\nAlu\u00edzio Pereira \u2013 Niter\u00f3i &#8211; RJ<br \/>\nAna Carolina Meirelles \u2013 Ouro Preto- MG<br \/>\nAna Maria Amorin &#8211; S\u00e3o Jos\u00e9 dos Campos \u2013 SP<br \/>\nAnderson &#8211; Rio de Janeiro \u2013 RJ<br \/>\nAndr\u00e9 Celestino \u2013 Niter\u00f3i &#8211; RJ<br \/>\nAndr\u00e9 Silva \u2013 Manaus \u2013 AM<br \/>\nAndr\u00e9 Tavares \u2013 Bel\u00e9m \u2013 PA<br \/>\nAndr\u00e9 Tertuliano \u2013 Maric\u00e1 \u2013 RJ<br \/>\nAndr\u00e9 Vin\u00edcius Pinheiro Morais \u2013 Marab\u00e1 \u2013 PA<br \/>\nAndrea Cristina Rocha Cunha Solim\u00f5es \u2013 Bel\u00e9m \u2013 PA<br \/>\nAngelo Balbino \u2013 Bras\u00edlia \u2013 DF<br \/>\nAnna Miragem \u2013 Porto Alegre &#8211; RS<br \/>\nAnt\u00f4nio Saraiva da Rocha \u2013 Marica \u2013 RJ<br \/>\nAprigio Junior \u2013 Ananindeua \u2013 PA<br \/>\nAriovaldo &#8211; Vale do Para\u00edba \u2013 SP<br \/>\nArissemilson Tomas dos Santos (Cebola) &#8211; S\u00e3o Jos\u00e9 dos Campos \u2013 SP<br \/>\nArnaldo Jos\u00e9 Junior \u2013 Belo Horizonte \u2013 MG<br \/>\nAtaide Ladeira &#8211; Rio de Janeiro \u2013 RJ<br \/>\nB\u00e1rbara Sinedino \u2013 Rio de Janeiro \u2013 RJ<br \/>\nBeatrice Muller \u2013 Niter\u00f3i \u2013 RJ<br \/>\nBento Ferreira Da Silva \u2013 Marab\u00e1 \u2013 PA<br \/>\nBernardo Aires \u201cD2\u201d \u2013 Niter\u00f3i \u2013 RJ<br \/>\nBianca Damacena \u2013 Passo Fundo \u2013 RS<br \/>\nBruno Camilo Pereira &#8211; Cachoeirinha &#8211; RS<br \/>\nCamila In\u00e1cio \u2013 Bras\u00edlia \u2013 DF<br \/>\nCamila Maria \u2013 Bel\u00e9m &#8211; PA<br \/>\nCarlos Alberto \u2013 Bel\u00e9m \u2013 PA<br \/>\nCarlos Alberto Dias &#8211; Rio Grande RS<br \/>\nCarlos Andr\u00e9 Celestino \u2013 Niter\u00f3i \u2013 RJ<br \/>\nCarlos Clei \u2013 Manaus \u2013 AM<br \/>\nCarlos Moreira \u2013 Bel\u00e9m \u2013 PA<br \/>\nCarmem Pacheco \u2013 Manaus &#8211; AM<br \/>\nCedicio Vasconcelos \u2013 Bel\u00e9m &#8211; PA<br \/>\nCelso Ricardo \u2013 Bel\u00e9m \u2013 PA<br \/>\nCharles Pimenta \u2013 Cabo Frio \u2013 RJ<br \/>\nCiane Rodrigues \u2013 Niter\u00f3i \u2013 RJ<br \/>\nC\u00edntia Quintanilha \u2013 Niter\u00f3i \u2013 RJ<br \/>\n**Ciro Oliveira &#8211; Santa Maria RS<br \/>\nCiro Moraes dos Santos &#8211; S\u00e3o Paulo \u2013 SP<br \/>\nClaudemir Teixeira \u2013 Castanhal \u2013 PA<br \/>\nClaudia Gonz\u00e1les Reis \u2013 Niter\u00f3i \u2013 RJ<br \/>\nCl\u00e1udia Pessi \u2013 Niter\u00f3i &#8211; RJ;<br \/>\nClaudia Val\u00e9ria Pereira &#8211; Manten\u00f3polis \u2013 ES;<br \/>\nClaudiana Camelo \u2013 Bras\u00edlia \u2013 DF<br \/>\nClaudinei Lunardelli &#8211; S\u00e3o Jos\u00e9 dos Campos \u2013 SP<br \/>\nClaudio Norberto &#8211; S\u00e3o Jos\u00e9 dos Campos \u2013 SP<br \/>\nClaudio Pereira De Souza \u2013 Guarulhos &#8211; SP)<br \/>\nCleber Melo \u2013 Rio de Janeiro \u2013 RJ<br \/>\nCleide Dias Costa &#8211; Manten\u00f3polis \u2013 ES<br \/>\nCleiton Do Rego Viana \u2013 Ananindeua \u2013 PA<br \/>\nClementina Bagno \u2013 Bras\u00edlia \u2013 DF<br \/>\nClenilton Faria &#8211; Alto Rio Novo \u2013 ES<br \/>\nCleusa Silva\u2013 Porto Alegre &#8211; RS<br \/>\nClistenes Mendon\u00e7a \u2013 S\u00e3o Luis \u2013 MA<br \/>\nDalmor Eduardo \u2013 Canoas &#8211; RS<br \/>\nDaniel Alexandre \u2013 Bras\u00edlia \u2013 DF<br \/>\nDaniel Batista \u2013 Manaus \u2013 AM<br \/>\nDaniel Emmanuel &#8211; Caxias do Sul &#8211; RS<br \/>\nDaniel Nunes \u2013 Serra \u2013 ES<br \/>\nDanilo Bianchi \u2013 Ouro Preto \u2013 MG<br \/>\nDavid Queiroz \u2013 S\u00e3o Gon\u00e7alo \u2013 RJ<br \/>\nDavid Richter Junior \u2013 Guarulhos \u2013 SP<br \/>\nDecio Aparecido de Oliveira &#8211; Vale do Para\u00edba \u2013 SP<br \/>\nDelson Lima Ferreira (Viola) \u2013 Ananindeua \u2013 PA<br \/>\nDem\u00e9trio Maia \u2013 Porto Alegre &#8211; RS<br \/>\nDenira Luciano da Silva &#8211; Manten\u00f3polis \u2013 ES<br \/>\nDenis Melo \u2013 Bel\u00e9m \u2013 PA<br \/>\nDenise Albuquerque \u2013 S\u00e3o Luis \u2013 MA<br \/>\nDiego Vitello \u2013 Porto Alegre &#8211; RS<br \/>\nDioc\u00e9lio Gon\u00e7alves Trindade \u2013 Ananindeua \u2013 PA<br \/>\nDorinaldo Malafaia \u2013 Macap\u00e1 \u2013 PA<br \/>\nDouglas Diniz Lima Fernandes \u2013 Bel\u00e9m \u2013 PA<br \/>\nDuylyo Aleixo \u2013 Maracan\u00e3 &#8211; PA<br \/>\nEder Jos\u00e9 da Costa &#8211; S\u00e3o Jos\u00e9 dos Campos \u2013 SP<br \/>\nEdmilson De Castro Neves &#8211; Ananindeua &#8211; PA<br \/>\nEdson Amaro \u2013 S\u00e3o Gon\u00e7alo \u2013 RJ<br \/>\nEdson Tadeu Ara\u00fajo &#8211; Vale do Para\u00edba \u2013 SP<br \/>\nElaine Vieira &#8211; Rio de Janeiro \u2013 RJ<br \/>\nElenice Lisboa \u2013 Bel\u00e9m \u2013 PA<br \/>\nElho Ara\u00fajo Costa \u2013 Marab\u00e1 \u2013 PA<br \/>\nEliete Keille \u2013 Bras\u00edlia \u2013 DF<br \/>\nElizabeth Monteiro \u2013 Niter\u00f3i \u2013 RJ<br \/>\n\u00c9lson Melo \u2013 Manaus \u2013 AM<br \/>\nElza Vieira \u2013 Jacarei \u2013 SP<br \/>\nErick Silva \u2013 Manaus \u2013 AM<br \/>\nErilaine Ribeiro da Silva \u2013 Colatina \u2013 ES<br \/>\nEster Cleane \u2013 Bras\u00edlia \u2013 DF<br \/>\nEudis Alves In\u00e1cio &#8211; Manten\u00f3polis \u2013 ES<br \/>\nEuzimar Alves In\u00e1cio &#8211; Manten\u00f3poli \u2013 ES<br \/>\nEvaldo Da Costa Laranjeira \u2013 Ananindeua \u2013 PA<br \/>\nFabiano Pereira \u2013 Porto Alegre &#8211; RS<br \/>\nF\u00e1bio F\u00e9lix \u2013 Bras\u00edlia \u2013 DF<br \/>\nFabio Melo \u2013 Manaus &#8211; AM<br \/>\nFelipe Cardoso \u2013 Bras\u00edlia \u2013 DF<br \/>\nFelipe Grillo \u2013 Niter\u00f3i -RJ<br \/>\nFelipe Melo \u2013 Bel\u00e9m \u2013 PA<br \/>\nFernanda Bandeira \u2013 Bel\u00e9m \u2013 PA<br \/>\nFernando &quot;Bala&quot; Dornelles \u2013 Porto Alegre RS<br \/>\nFernando Da Silva Gatinho \u2013 Ananindeua \u2013 PA<br \/>\nFrancisca Campos de Queiros -Bel\u00e9m &#8211; PA<br \/>\nFrancisco das Chagas \u2013 Bel\u00e9m \u2013 PA<br \/>\nFrancisco Das Chagas Rodrigues Dos Santos \u2013 Marab\u00e1 \u2013 PA<br \/>\nFrancisco Duarte \u2013 Macap\u00e1 &#8211; AP<br \/>\nFrancisco Everardo Dos Santos \u2013 Guarulhos \u2013 SP<br \/>\nFrancisco Pereira Da Silva \u2013 Marab\u00e1 \u2013 PA<br \/>\nFranco Machado &#8211; PSOL \u2013 Porto Alegre &#8211; RS<br \/>\nFriedlin &quot;Alem\u00e3o&quot; &#8211; Santa Maria RS<br \/>\nGabreila Goes \u2013 Macap\u00e1 &#8211; AP<br \/>\nGabriel Rodrigues \u2013 Bel\u00e9m \u2013 PA<br \/>\nGean Wevkson (Del. Sindical Vialoc) \u2013 Ananindeua \u2013 PA<br \/>\nGelsimar Gonzaga \u2013 Itaocara \u2013 RJ<br \/>\nGenival Rodrigues do Nascimento \u2013 Sul do PA;<br \/>\nGenivaldo Fonseca &#8211; \u2013 Ananindeua \u2013 PA<br \/>\nGeraldo Col\u00f4nia \u2013 Marica \u2013 RJ<br \/>\nGilson Pantoja \u2013 Bel\u00e9m \u2013 PA<br \/>\nGilvam Souza Morais \u2013 Marab\u00e1 \u2013 PA<br \/>\nGimarcos Erik Murari &#8211; S\u00e3o Jos\u00e9 Do Rio Preto \u2013 SP<br \/>\nGirlaine Alves Maciel &#8211; Manten\u00f3polis \u2013 ES<br \/>\nGuilherme Junior \u2013 Castanhal \u2013 PA<br \/>\nGuilherme Porto \u2013 Porto Alegre &#8211; RS<br \/>\nHanderson Lobato \u2013 Macap\u00e1 &#8211; AP<br \/>\nH\u00e9lio Dos Santos Rodrigues \u2013 Ananindeua \u2013 PA<br \/>\nHelton Diogenes Souza (Cachorrinho) \u2013 Ananindeua \u2013 PA<br \/>\nHerlem Priscila Alves In\u00e1cio &#8211; Manten\u00f3polis \u2013 ES<br \/>\nHeslander Machado da Silva &#8211; Manten\u00f3polis \u2013 ES<br \/>\nHuellen Ferreira (Bebez\u00e3o) &#8211; \u2013 Ananindeua \u2013 PA<br \/>\nHumberto Augusto Silva \u2013 Ananindeua \u2013 PA<br \/>\nIris Maria dos Santos &#8211; Rio de Janeiro \u2013 RJ<br \/>\nIvanilde Pinheiro \u2013 Bel\u00e9m \u2013 PA<br \/>\nIzabel Cristina Firmino \u2013 Niter\u00f3i \u2013 RJ<br \/>\nIzael Gama \u2013 Castanhal \u2013 PA<br \/>\nIzilda Lucia Correa Veiga \u2013 Niter\u00f3i &#8211; RJ<br \/>\nJadiel Messias &#8211; Rio de Janeiro \u2013 RJ<br \/>\nJair Milhomem Lopes &#8211; Marab\u00e1 \u2013 PA<br \/>\nJeferson Nogueira Pereira &#8211; S\u00e3o Jos\u00e9 dos Campos \u2013 SP<br \/>\nJess\u00e9 Brand\u00e3o \u2013 Niter\u00f3i \u2013 RJ<br \/>\nJ\u00e9ssica Oliveira \u2013 Bras\u00edlia \u2013 DF<br \/>\nJo\u00e3o da Silva \u2013 Porto Alegre &#8211; RS<br \/>\nJo\u00e3o Erthal \u2013 Nova Friburgo &#8211; RJ<br \/>\nJo\u00e3o Maria Costa Br\u00e1s \u2013 Ananindeua \u2013 PA<br \/>\nJo\u00e3o Pinheiro \u2013 Marica \u2013 RJ<br \/>\nJo\u00e3o Rosa da Silva &#8211; S\u00e3o Jos\u00e9 dos Campos \u2013 SP<br \/>\nJo\u00e3o Santiago \u2013 Bel\u00e9m \u2013 PA<br \/>\nJo\u00e3o Sime\u00e3o &#8211; Rio de Janeiro \u2013 RJ<br \/>\nJoivaldo Lopes \u2013 S\u00e3o Luis \u2013 MA<br \/>\nJonte Fernandes \u2013 Goi\u00e2nia &#8211; GO<br \/>\nJorge Nogueira \u2013 Porto Alegre RS<br \/>\nJos\u00e9 Admilson \u2013 Guarulhos \u2013 SP<br \/>\nJos\u00e9 Alberto Paiva Brito \u2013 Marab\u00e1 \u2013 PA<br \/>\nJos\u00e9 Augusto De Siqueira &#8211; Vale do Para\u00edba \u2013 SP<br \/>\nJos\u00e9 Carlos de Souza \u2013 Recife \u2013 PE<br \/>\nJos\u00e9 Carlos Janu\u00e1rio (Toca Preta) \u2013 Guarulhos \u2013 SP<br \/>\nJos\u00e9 Carlos Santos &#8211; S\u00e3o Jos\u00e9 dos Campos \u2013 SP<br \/>\nJos\u00e9 Iran Nascimento \u2013 Ananindeua \u2013 PA<br \/>\nJos\u00e9 Sabino \u2013 Nova Igua\u00e7u \u2013 RJ<br \/>\nJos\u00e9 Vicente Coutinho Mendes \u2013 Ananindeua \u2013 PA<br \/>\nJos\u00e9 Warley Martins \u2013 Rio de Janeiro \u2013 RJ<br \/>\nJosenia Maria Dias Costa \u2013 Manten\u00f3polis \u2013 ES<br \/>\nJosiel Fernandes Costa \u2013 Ananindeua \u2013 PA<br \/>\nJoyce Cordeiro Rebelo \u2013 Marab\u00e1 \u2013 PA<br \/>\nJ\u00falia Borges \u2013 Bel\u00e9m \u2013 PA<br \/>\nJulieta Lui \u2013 S\u00e3o Carlos \u2013 SP<br \/>\nJ\u00falio Cezar De Jesus \u2013 Marab\u00e1 \u2013 PA<br \/>\nJ\u00falio Ricardo \u2013 Bel\u00e9m \u2013 PA<br \/>\nJurgleide Castro (JUCA) &#8211; Rio de Janeiro \u2013 RJ<br \/>\nK\u00e1tia Rozangela \u2013 Bel\u00e9m \u2013 PA<br \/>\nLigia Regina A. Martins \u2013 Niter\u00f3i \u2013 RJ<br \/>\nLorena Fernandes \u2013 Bras\u00edlia \u2013 DF<br \/>\nLorena Sabbadini da Silva \u2013 Niter\u00f3i \u2013 RJ<br \/>\nLucas Alves \u2013 Bras\u00edlia \u2013 DF<br \/>\nLu\u00eds Alberto \u2013 Bras\u00edlia \u2013 DF<br \/>\nLuis Henrique de Barros &#8211; S\u00e3o Jos\u00e9 dos Campos \u2013 SP<br \/>\nLuis P\u00e9rcio \u2013 Alegrete \u2013 RS<br \/>\nLuiz Eduardo Sanches &#8211; S\u00e3o Jos\u00e9 dos Campos &#8211; SP<br \/>\nLuiz Fernando \u2013 Guarulhos \u2013 SP<br \/>\nLuiz Fernando &#8211; S\u00e3o Paulo \u2013 SP<br \/>\nLuiz Fernando Gomes \u2013 Belo Horizonte \u2013 MG<br \/>\nLuiz Fernando Maria \u2013 Ananindeua \u2013 PA<br \/>\nLuiz Inacio Neto &#8211; Manten\u00f3polis- ES<br \/>\nLuniano Antonio Da Silva &#8211; Vale do Para\u00edba \u2013 SP<br \/>\nLuzia De Andrade Dias \u2013 Marab\u00e1 \u2013 PA<br \/>\nLuzia Mendon\u00e7a \u2013 Niter\u00f3i \u2013 RJ<br \/>\nMaique Vinicius Riguete Ribeiro &#8211; Alto Rio Novo \u2013 ES<br \/>\nManuel Iraola \u2013 S\u00e3o Jos\u00e9 do Campos &#8211; SP<br \/>\nMarcelo Augusto Da Costa \u2013 Ananindeua \u2013 PA<br \/>\nMarcelo Bezerra \u2013 Bel\u00e9m \u2013 PA<br \/>\nMarcelo De Alencar Lourinho &#8211; \u2013 Ananindeua \u2013 PA<br \/>\nMarcia Chaves \u2013 Nova Igua\u00e7u \u2013 RJ<br \/>\nMarcio Antonio Ribeiro \u2013 Ananindeua \u2013 PA<br \/>\nM\u00e1rcio Lima Amaral \u2013 Bel\u00e9m &#8211; PA<br \/>\nM\u00e1rcio Oliveira \u2013 S\u00e3o Gon\u00e7alo \u2013 RJ<br \/>\nMarco Ant\u00f4nio \u2013 Rio de Janeiro \u2013 RJ<br \/>\nMarco Ant\u00f4nio Costa &#8211; Niter\u00f3i \u2013 RJ<br \/>\nMarco Aur\u00e9lio \u2013 Bras\u00edlia \u2013 DF<br \/>\nMarco T\u00falio Giacomin &#8211; Manten\u00f3polis \u2013 ES<br \/>\nMarcos Antonio de Siqueira &#8211; Vale do Para\u00edba \u2013 SP<br \/>\nMarcos Queiroz \u2013 Manaus \u2013 AM<br \/>\nMarcos Valerio &#8211; S\u00e3o Jos\u00e9 dos Campos \u2013 SP<br \/>\nMarcos Valva &#8211; Vale do Para\u00edba \u2013 SP<br \/>\nMarcus Benedito \u2013 Bel\u00e9m \u2013 PA<br \/>\nMari Flesch \u2013 Bel\u00e9m \u2013 PA<br \/>\nMaria Eloisa C. L. Mendon\u00e7a \u2013 Rio de Janiero \u2013 RJ<br \/>\nMaria Jos\u00e9 &#8211; Bel\u00e9m \u2013 PA<br \/>\nMariana Borzino \u2013 Niter\u00f3i &#8211; RJ<br \/>\nMarinilde Paix\u00e3o De Lima \u2013 Ananindeua \u2013 PA<br \/>\nMario Alves \u2013 Belo Horizonte \u2013 MG<br \/>\nMariza Santos \u2013 Bel\u00e9m \u2013 PA<br \/>\nMarquito &#8211; Rio de Janeiro \u2013 RJ<br \/>\nMatheus Schneider \u2013 Porto Alegre &#8211; RS<br \/>\nMatias Rodrigues \u2013 Santa Maria &#8211; RS<br \/>\nMauricio dos Santos \u2013 Bel\u00e9m \u2013 PA<br \/>\nMauro Nazareno Silva \u2013 Ananindeua \u2013 PA<br \/>\nMauro Salles \u2013 Belo Horizonte \u2013 MG<br \/>\nMax Alves \u2013 Bel\u00e9m \u2013 PA<br \/>\nMichel Oliveira Lima \u2013 Bel\u00e9m &#8211; PA<br \/>\nMiriam Sodr\u00e9 \u2013 Bel\u00e9m \u2013 PA<br \/>\nM\u00edrian Teixeira \u2013 Bel\u00e9m \u2013 PA<br \/>\nMoacir Francisco Neves &#8211; S\u00e3o Jos\u00e9 dos Campos \u2013 SP<br \/>\nMoema Torres \u2013 Bras\u00edlia \u2013 DF<br \/>\nMonique Alves da Silva \u2013 Manten\u00f3polis \u2013 ES<br \/>\nMonique Queiroz \u2013 S\u00e3o Gon\u00e7alo \u2013 RJ<br \/>\nNancy Galv\u00e3o \u2013 S\u00e3o Jos\u00e9 dos Campos \u2013 SP<br \/>\nNatalia Ferreira Almeida \u2013 Guarulhos \u2013 SP<br \/>\nNat\u00e1lia Pereira \u2013 Niter\u00f3i \u2013 RJ<br \/>\nNayara Sampaio \u2013 Bras\u00edlia \u2013 DF<br \/>\nNeide Solim\u00f5es &#8211; Bel\u00e9m &#8211; PA<br \/>\nNerci Rezende \u2013 Palmas &#8211; TO<br \/>\nNivaldo Jos\u00e9 Moreira \u2013 Jacare\u00ed \u2013 SP<br \/>\nOdair Jos\u00e9 Alves \u2013 Ananindeua &#8211; PA<br \/>\nPaulo Antonio Monteiro \u2013 Ananindeua \u2013 PA<br \/>\nOdilon Oliveira UFPA \u2013 Bel\u00e9m \u2013 PA<br \/>\nOsmar Tonini \u2013 Bras\u00edlia \u2013 DF<br \/>\nPatr\u00edcia Eust\u00e1quia dos Santos &#8211; Manten\u00f3polis \u2013 ES<br \/>\nPaulo C\u00e9sar Dos Santos \u2013 Guarulhos \u2013SP<br \/>\nPaulo Moacir Nonato &#8211; -Bel\u00e9m \u2013 PA<br \/>\nPaulo Roberto \u2013 Rio de Janeiro \u2013 RJ<br \/>\nPaulo Sergio \u2013 Bel\u00e9m \u2013 PA<br \/>\nPedro Fillipe \u2013 Bras\u00edlia \u2013 DF<br \/>\nPedro Mara \u2013 Bel\u00e9m \u2013 PA<br \/>\nPedro Rosa Cabral \u2013 Niter\u00f3i &#8211; RJ<br \/>\nPeltre Teixeira \u2013 Macap\u00e1 &#8211; AP<br \/>\nPriscila Guedes \u2013 Rio de Janeiro \u2013 RJ<br \/>\nRafael Lazari \u2013 Marica \u2013 RJ<br \/>\nRaldison Sena dos Santos \u2013 Macap\u00e1 &#8211; AP<br \/>\nRaoni Lopes \u2013 Manaus<br \/>\nRaquel Nilce \u2013 Manaus \u2013 AM<br \/>\nRegina Maria Martins Brito &#8211; -Bel\u00e9m \u2013 PA<br \/>\nReginaldo De Medeiros &#8211; Vale do Para\u00edba \u2013 SP<br \/>\nReginaldo Do Socorro Cordeiro &#8211; \u2013 Ananindeua \u2013 PA<br \/>\nRenan Alves \u2013 Bras\u00edlia \u2013 DF<br \/>\nRenan Gon\u00e7alves Prado &#8211; Manten\u00f3polis \u2013 ES<br \/>\nRenata Do Amaral \u2013 Niter\u00f3i \u2013RJ<br \/>\nRenato Dornelles \u2013 Porto Alegre &#8211; RS<br \/>\nRenato dos Santos Reis \u2013 S\u00e3o Pedro D\u00b4aldeia \u2013 RJ<br \/>\nRicardinho &#8211; Rio de Janeiro \u2013 RJ<br \/>\nRicardo Abdala \u2013 Bel\u00e9m \u2013 PA<br \/>\nRicardo Rafael \u2013 S\u00e3o Gon\u00e7alo \u2013 RJ<br \/>\nRicardo Ventura De Melo &#8211; Vale do Para\u00edba \u2013 SP<br \/>\nRoberto Lima \u2013 Rio de Janeiro &#8211; RJ<br \/>\nRicardo Wanzeler \u2013 Bel\u00e9m &#8211; PA<br \/>\nRoberto Ferraz Pereira &#8211; Manten\u00f3polis \u2013 ES<br \/>\nRoberto Seitenfus \u2013 Porto Alegre &#8211; RS<br \/>\nRodrigo Rocha \u2013 Bel\u00e9m \u2013 PA<br \/>\nRodrigo Zuccheli \u2013 Porto Alegre &#8211; RS<br \/>\nRoger Rodrigues Guimar\u00e3es \u2013 Serra \u2013 ES<br \/>\nRog\u00e9rio Ara\u00fajo De Lima \u2013 Bom Jesus \u2013 Rio de Janeiro<br \/>\nRog\u00e9rio Guimar\u00e3es \u2013 Bel\u00e9m \u2013 PA<br \/>\nRonaldo Campos de Oliveira &#8211; S\u00e3o Paulo \u2013 SP<br \/>\nRosane Barros &#8211; Nova Igua\u00e7u \u2013 RJ<br \/>\nRosi Messias \u2013 Rio de Janeiro &#8211; RJ<br \/>\nRozemburgo Ferreira de Souza &#8211; -Bel\u00e9m \u2013 PA<br \/>\nRuana Piber &#8211; Santa Maria &#8211; RS<br \/>\nRubens Teixeira \u2013 Belo Horizonte \u2013 MG<br \/>\nRuisilviera \u2013 Bel\u00e9m \u2013 PA<br \/>\nSamia Raphaele \u2013 Bel\u00e9m \u2013 PA<br \/>\nSamuel Numes &#8211; Concei\u00e7\u00e3o do Araguaia \u2013 PA<br \/>\nSandey Noronha &#8211; Manten\u00f3polis \u2013 ES<br \/>\nSandra Maria Guizan &#8211; \u2013 Niter\u00f3i &#8211; RJ<br \/>\nSara Veras Cardozo \u2013 Guarulhos \u2013 SP<br \/>\nSergio De Jesus Clemente \u2013 Ananindeua \u2013 PA<br \/>\nSergio Lima \u2013 Bel\u00e9m \u2013 PA<br \/>\nSergio Roberto da Costa &#8211; S\u00e3o Jos\u00e9 dos Campos \u2013 SP<br \/>\nSheila Melo \u2013 Bel\u00e9m \u2013 PA<br \/>\nSilaedson Alves (Juninho) \u2013 Niter\u00f3i &#8211; RJ<br \/>\nSilvia Leticia Oliveira D\u2019 Luz \u2013 Bel\u00e9m \u2013 PA<br \/>\nSilvia Santos \u2013 Rio de Janeiro \u2013 RJ<br \/>\nSuzana Dornelles \u2013 Porto Alegre RS<br \/>\nSuze Andr\u00e9ia Matos Campos \u2013 Marab\u00e1 \u2013 PA<br \/>\nSuzete Chaffin \u2013 Jacare\u00ed \u2013 SP<br \/>\nTailson Furtado \u2013 Bel\u00e9m PA<br \/>\nTalison Furtado \u2013 Bel\u00e9m PA<br \/>\nTereza Helena Barbosa Barros &#8211; -Bel\u00e9m \u2013 PA<br \/>\nThais S\u00e1 \u2013 Macap\u00e1 &#8211; AP<br \/>\nThiago Carvalho \u2013 Bras\u00edlia \u2013 DF<br \/>\nThiago Lima Peixoto Costa \u2013 Serra &#8211; ES<br \/>\nTiago Cortinaz \u2013 Porto Alegre RS<br \/>\nToni Peter De Souza Mendes \u2013 Ananindeua &#8211; PA.<br \/>\nTony Marmo \u2013 S\u00e3o Jos\u00e9 dos Campos &#8211; SP<br \/>\nUerlei Valdomiro Araujo \u2013 Mantenopolis \u2013 ES<br \/>\nValdenise Ribeiro \u2013 Niter\u00f3i \u2013 RJ<br \/>\nValdomiro Pompeo \u2013 Guarulhos \u2013 SP<br \/>\nVal\u00e9ria Medeiros de Castro \u2013 Vale do Para\u00edba \u2013 SP<br \/>\nV\u00e2nia &#8211; S\u00e3o Paulo \u2013 SP<br \/>\nVerena Alves \u2013 Bel\u00e9m &#8211; PA<br \/>\nVictor Antunes Guimar\u00e3es \u2013 Niter\u00f3i \u2013 RJ<br \/>\nVinicius \u2013 Marab\u00e1 PA<br \/>\nVinicius Rodrigues \u2013 S\u00e3o Gon\u00e7alo &#8211; RJ<br \/>\nVirg\u00edlio Moura \u2013 Bel\u00e9m \u2013 PA<br \/>\nWelington da Silva \u2013 Nova Igua\u00e7u \u2013 RJ<br \/>\nWellington Cabral \u2013 S\u00e3o Jos\u00e9 dos Campos &#8211; SP<br \/>\nWilliam Borges \u2013 Bel\u00e9m \u2013 PA<br \/>\nWillian Silv\u00e9rio da Rocha &#8211; Manten\u00f3polis- ES<br \/>\nWilson Batista Sim\u00f5es \u2013 Marab\u00e1 \u2013 PA<br \/>\nWilson Ferreira Cunha \u2013 Guarulhos \u2013 SP<br \/>\nWladmir Col\u00f4nia \u2013 Maric\u00e1 &#8211; RJ<br \/>\nYosef Lima &#8211; Macap\u00e1 &#8211; AP<br \/>\nZaraia Guar\u00e1 \u2013 Bel\u00e9m \u2013PA<br \/>\nZenildo Silva Nogueira &#8211; Vale do Para\u00edba \u2013 SP<\/p>\n","protected":false},"excerpt":{"rendered":"<p>Tese \u00e0 III Conferencia Eleitoral | CST e Independentes INTRODU\u00c7\u00c3O A Confer\u00eancia Eleitoral ter\u00e1 um significado maior que a elei\u00e7\u00e3o do candidato para representar o partido. O debate apresentado por cada pr\u00e9-candidatura evidencia com qual projeto de partido, programa, defini\u00e7\u00e3o de classe e estrat\u00e9gia para<\/p>\n","protected":false},"author":1,"featured_media":0,"comment_status":"closed","ping_status":"open","sticky":false,"template":"","format":"standard","meta":{"footnotes":""},"categories":[2],"tags":[],"class_list":["post-9","post","type-post","status-publish","format-standard","hentry","category-arquivo"],"_links":{"self":[{"href":"https:\/\/www.cstuit.com\/home\/wp-json\/wp\/v2\/posts\/9","targetHints":{"allow":["GET"]}}],"collection":[{"href":"https:\/\/www.cstuit.com\/home\/wp-json\/wp\/v2\/posts"}],"about":[{"href":"https:\/\/www.cstuit.com\/home\/wp-json\/wp\/v2\/types\/post"}],"author":[{"embeddable":true,"href":"https:\/\/www.cstuit.com\/home\/wp-json\/wp\/v2\/users\/1"}],"replies":[{"embeddable":true,"href":"https:\/\/www.cstuit.com\/home\/wp-json\/wp\/v2\/comments?post=9"}],"version-history":[{"count":0,"href":"https:\/\/www.cstuit.com\/home\/wp-json\/wp\/v2\/posts\/9\/revisions"}],"wp:attachment":[{"href":"https:\/\/www.cstuit.com\/home\/wp-json\/wp\/v2\/media?parent=9"}],"wp:term":[{"taxonomy":"category","embeddable":true,"href":"https:\/\/www.cstuit.com\/home\/wp-json\/wp\/v2\/categories?post=9"},{"taxonomy":"post_tag","embeddable":true,"href":"https:\/\/www.cstuit.com\/home\/wp-json\/wp\/v2\/tags?post=9"}],"curies":[{"name":"wp","href":"https:\/\/api.w.org\/{rel}","templated":true}]}}