

	{"id":90,"date":"2011-11-01T15:16:00","date_gmt":"2011-11-01T15:16:00","guid":{"rendered":"https:\/\/www.cstuit.com\/home\/index.php\/2011\/11\/01\/arquivoid-9125\/"},"modified":"2011-11-01T15:16:00","modified_gmt":"2011-11-01T15:16:00","slug":"arquivoid-9125","status":"publish","type":"post","link":"https:\/\/www.cstuit.com\/home\/2011\/11\/01\/arquivoid-9125\/","title":{"rendered":"Em defesa da vida de Marcelo Freixo"},"content":{"rendered":"<p>Nota da CST | Corrente Interna do PSOL<\/p>\n<p>O deputado estadual do PSOL\/RJ Marcelo Freixo vem sofrendo constantes amea\u00e7as a sua vida desde 2008, quando presidiu, na Assembl\u00e9ia Legislativa, a CPI das Mil\u00edcias.<\/p>\n<p>O relat\u00f3rio desta CPI, um trabalho s\u00e9rio e corajoso, apontou a\u00e7\u00f5es concretas para acabar com o poder econ\u00f4mico das mil\u00edcias e possibilitou, ainda, o indiciamento de 225 milicianos, desnudando a verdadeira m\u00e1fia formada pelas mil\u00edcias no Rio de Janeiro, que atuam nas comunidades, extorquindo os mais pobres, torturando e assassinando inocentes.<\/p>\n<p>Passado quatro anos, nenhuma das a\u00e7\u00f5es propostas saiu do papel. As mil\u00edcias seguem com seus territ\u00f3rios e seu poder econ\u00f4mico. \u00c9 publico e not\u00f3rio que o poder econ\u00f4mico das mil\u00edcias vem da explora\u00e7\u00e3o de TV\u2019s a cabo, o chamado \u201cgato net\u201d, do controle e da venda ilegal de g\u00e1s e da explora\u00e7\u00e3o das vans, principalmente na zona oeste do Rio de Janeiro. Portanto o que existe \u00e9  descaso, omiss\u00e3o e cumplicidade por parte do governo Sergio Cabral (PMDB).<\/p>\n<p>Como bem destaca Freixo: \u201cMil\u00edcia \u00e9 m\u00e1fia. E n\u00e3o basta prender os milicianos. Tem que acabar com o seu poder territorial e econ\u00f4mico\u201d.<\/p>\n<p>As amea\u00e7as contra a vida de Marcelo v\u00eam se intensificando e somente em outubro foram sete amea\u00e7as de morte. De 2008 para c\u00e1 j\u00e1 somam 27 den\u00fancias de amea\u00e7as. At\u00e9 agora nenhuma a\u00e7\u00e3o concreta por parte das autoridades, leia-se Governo Sergio Cabral, foi tomada para garantir de forma efetiva sua seguran\u00e7a. Den\u00fancias e amea\u00e7as similares foram feitas \u00e0 Ju\u00edza Patr\u00edcia Acyoli que infelizmente foi assassinada, com balas da PM-RJ, por outros bandos de milicianos.<\/p>\n<p>O fato de que Marcelo tem que deixar o Rio por algumas semanas \u00e9 a demonstra\u00e7\u00e3o cabal de que vivemos sob a \u00e9gide de uma falsa democracia. O que temos \u00e9 uma democracia voltada para os ricos e poderosos do grande Capital, que exploram os pobres e imp\u00f5em o medo aos que ousam questionar o \u201cstatus quo\u201d. Vivemos num pa\u00eds onde reina a impunidade, o trabalho escravo, a tortura, o assassinato de ju\u00edzes e de trabalhadores e trabalhadoras que lutam em defesa dos direitos humanos, em defesa da vida, seja no campo ou na cidade.<\/p>\n<p>\u00c9 imprescind\u00edvel uma ampla mobiliza\u00e7\u00e3o social e popular que envolva as organiza\u00e7\u00f5es sociais, como a OAB, ABI, sindicais, populares, estudantis, de direitos humanos, intelectuais e artistas que investiguem o envolvimento do poder p\u00fablico com as mil\u00edcias e exija do Governo S\u00e9rgio Cabral e da Secretaria de Seguran\u00e7a P\u00fablica do Estado do Rio de Janeiro, que sejam tomadas medidas s\u00e9rias e efetivas para garantir a seguran\u00e7a de Marcelo Freixo e sua familia, assim como da popula\u00e7\u00e3o que n\u00e3o possui a mesma possibilidade de expor sua afli\u00e7\u00e3o di\u00e1ria e que Marcelo e o PSOL cumprem o desafio de ser porta voz.<\/p>\n<p>Exigimos que as a\u00e7\u00f5es propostas no relat\u00f3rio da CPI das mil\u00edcias sejam colocadas em pr\u00e1tica para acabar de vez com o poder dos milicianos, e que o governo da presidenta Dilma (PT\/PMDB) e o Minist\u00e9rio da Justi\u00e7a atuem neste mesmo sentido.<\/p>\n<p>Solidarizamo-nos com Marcelo e toda a sua fam\u00edlia, que estar\u00e3o em viagem ao exterior a convite da Anistia Internacional. Temos orgulho de contar com um mandato parlamentar de luta e cheio de coragem que n\u00e3o se rende e nem se curva diante dos podres poderes. Por isso nos somamos aos milhares de lutadores que no pa\u00eds inteiro e no exterior est\u00e3o ao lado de Marcelo, que fez quest\u00e3o de anunciar: \u201cn\u00e3o vou recuar\u201d.<\/p>\n<p>Corrente Socialista dos Trabalhadores &#8211; CST\/PSOL<\/p>\n<p>Rio de Janeiro, 31 de outubro de 2011.<\/p>\n","protected":false},"excerpt":{"rendered":"<p>Nota da CST | Corrente Interna do PSOL O deputado estadual do PSOL\/RJ Marcelo Freixo vem sofrendo constantes amea\u00e7as a sua vida desde 2008, quando presidiu, na Assembl\u00e9ia Legislativa, a CPI das Mil\u00edcias. O relat\u00f3rio desta CPI, um trabalho s\u00e9rio e corajoso, apontou a\u00e7\u00f5es concretas<\/p>\n","protected":false},"author":1,"featured_media":0,"comment_status":"closed","ping_status":"open","sticky":false,"template":"","format":"standard","meta":{"footnotes":""},"categories":[2],"tags":[],"class_list":["post-90","post","type-post","status-publish","format-standard","hentry","category-arquivo"],"_links":{"self":[{"href":"https:\/\/www.cstuit.com\/home\/wp-json\/wp\/v2\/posts\/90","targetHints":{"allow":["GET"]}}],"collection":[{"href":"https:\/\/www.cstuit.com\/home\/wp-json\/wp\/v2\/posts"}],"about":[{"href":"https:\/\/www.cstuit.com\/home\/wp-json\/wp\/v2\/types\/post"}],"author":[{"embeddable":true,"href":"https:\/\/www.cstuit.com\/home\/wp-json\/wp\/v2\/users\/1"}],"replies":[{"embeddable":true,"href":"https:\/\/www.cstuit.com\/home\/wp-json\/wp\/v2\/comments?post=90"}],"version-history":[{"count":0,"href":"https:\/\/www.cstuit.com\/home\/wp-json\/wp\/v2\/posts\/90\/revisions"}],"wp:attachment":[{"href":"https:\/\/www.cstuit.com\/home\/wp-json\/wp\/v2\/media?parent=90"}],"wp:term":[{"taxonomy":"category","embeddable":true,"href":"https:\/\/www.cstuit.com\/home\/wp-json\/wp\/v2\/categories?post=90"},{"taxonomy":"post_tag","embeddable":true,"href":"https:\/\/www.cstuit.com\/home\/wp-json\/wp\/v2\/tags?post=90"}],"curies":[{"name":"wp","href":"https:\/\/api.w.org\/{rel}","templated":true}]}}