

	{"id":9057,"date":"2022-01-29T19:17:26","date_gmt":"2022-01-29T19:17:26","guid":{"rendered":"https:\/\/www.cstuit.com\/home\/?p=9057"},"modified":"2022-01-29T19:17:26","modified_gmt":"2022-01-29T19:17:26","slug":"editorial-retomar-a-luta-unificada-nas-ruas-combate-socialista-n145","status":"publish","type":"post","link":"https:\/\/www.cstuit.com\/home\/2022\/01\/29\/editorial-retomar-a-luta-unificada-nas-ruas-combate-socialista-n145\/","title":{"rendered":"EDITORIAL | Retomar a luta unificada nas ruas! | Combate Socialista n\u00b0145"},"content":{"rendered":"<p><img loading=\"lazy\" decoding=\"async\" class=\"size-medium wp-image-9059 alignleft\" src=\"https:\/\/www.cstuit.com\/home\/wp-content\/uploads\/2022\/01\/3-25-300x300.png\" alt=\"\" width=\"300\" height=\"300\" srcset=\"https:\/\/www.cstuit.com\/home\/wp-content\/uploads\/2022\/01\/3-25-300x300.png 300w, https:\/\/www.cstuit.com\/home\/wp-content\/uploads\/2022\/01\/3-25-150x150.png 150w, https:\/\/www.cstuit.com\/home\/wp-content\/uploads\/2022\/01\/3-25-768x768.png 768w, https:\/\/www.cstuit.com\/home\/wp-content\/uploads\/2022\/01\/3-25-1024x1024.png 1024w, https:\/\/www.cstuit.com\/home\/wp-content\/uploads\/2022\/01\/3-25-50x50.png 50w, https:\/\/www.cstuit.com\/home\/wp-content\/uploads\/2022\/01\/3-25-600x600.png 600w, https:\/\/www.cstuit.com\/home\/wp-content\/uploads\/2022\/01\/3-25.png 1080w\" sizes=\"auto, (max-width: 300px) 100vw, 300px\" \/>O ano come\u00e7a com o aprofundamento da carestia. As tarifas de energia el\u00e9trica e g\u00e1s tiveram um aumento acumulado de mais de 30% em 2021. O arrocho salarial, com acordos coletivos abaixo da infla\u00e7\u00e3o e aumento da cesta b\u00e1sica em todas as capitais, em algumas cidades agravado pelo aumento das passagens de trens e barcas (Rio) e \u00f4nibus (S\u00e3o Bernardo do Campo, Guarulhos, Osasco). H\u00e1, ainda, milh\u00f5es padecendo de fome, sem emprego e aux\u00edlio emergencial. O governo Bolsonaro \u00e9 o respons\u00e1vel por essa mazela.<\/p>\n<p>Isso ocorre num momento de surto da variante \u00f4micron, com aumento de 600% de contamina\u00e7\u00f5es e de 90% de mortes. O novo surto tamb\u00e9m demostra como os governos est\u00e3o atrasados na implementa\u00e7\u00e3o da terceira dose de refor\u00e7o (apenas 16%) e na vacina\u00e7\u00e3o das crian\u00e7as. A pol\u00edtica genocida de Bolsonaro, a hipocrisia de governadores e prefeitos e as travas das patentes das multinacionais prolongam a pandemia.<\/p>\n<p>Um outro grave problema, destacado nesse in\u00edcio de ano, \u00e9 o desastre expresso nos alagamentos e deslizamentos em MG (o que vimos tamb\u00e9m na Bahia e em Marab\u00e1\/PA). Uma trag\u00e9dia socioambiental diretamente ligada \u00e0s mazelas da ind\u00fastria madeireira, da minera\u00e7\u00e3o, garimpo e do agroneg\u00f3cio.<\/p>\n<p><strong>\u00c9 preciso uma jornada unificada para conter o arrocho, a fome e o desemprego<\/strong><\/p>\n<p>Devemos voltar \u00e0 proposta de organizar manifesta\u00e7\u00f5es nas ruas de forma unificada, com a for\u00e7a do conjunto da classe trabalhadora e setores populares. Para solucionar nossos problemas devemos exigir o n\u00e3o pagamento da d\u00edvida e taxar bilion\u00e1rios e multinacionais, destinando recursos para sa\u00fade, educa\u00e7\u00e3o, gera\u00e7\u00e3o de empregos, aux\u00edlio emergencial e plano de conten\u00e7\u00e3o da Covid-19. Defender a estatiza\u00e7\u00e3o dos bancos e destinar recursos para um plano de preserva\u00e7\u00e3o ambiental e reforma agr\u00e1ria sob controle dos sem-terra, expulsando as multinacionais do nosso campo, defendendo nossas florestas e os povos tradicionais. Lutar pelo reajuste de sal\u00e1rio e redu\u00e7\u00e3o das tarifas de g\u00e1s, luz, aluguel, gasolina e alimentos. Em defesa das pautas feministas, negras e LGBTQIA+.<\/p>\n<p>O maior problema \u00e9 que as dire\u00e7\u00f5es majorit\u00e1rias do movimento (PT, PCdoB, CUT, CTB, UNE) desviaram as lutas das ruas e bloquearam os grandes atos nacionais para seguir em campanha eleitoral propondo Lula e costurando alian\u00e7as com representantes dos patr\u00f5es e oligarquias. Agora tentam impedir que os conflitos, como o da campanha salarial dos servidores, avancem e possam se unificar. \u00c9 vis\u00edvel, tamb\u00e9m, seu imobilismo diante da carestia e os novos aumentos de tarifa.<\/p>\n<p>\u00c9 preciso exigir a convoca\u00e7\u00e3o da 6\u00aa Plen\u00e1ria de Organiza\u00e7\u00e3o das Lutas Populares para realizar uma nova manifesta\u00e7\u00e3o unificada nacional em fevereiro. Uma constru\u00e7\u00e3o efetiva do 8 de mar\u00e7o pela pauta feminista e por justi\u00e7a para Marielle Franco, com passeatas e um 1 de maio classista, sem representantes dos patr\u00f5es. Al\u00e9m disso, batalhar para que as plen\u00e1rias nacional e estaduais do FONASEFE (F\u00f3rum dos Servidores P\u00fablicos Federais) construam um dia de luta nacional, com passeatas unificadas em cada estado no dia 14\/02 ou 25\/02 (pois est\u00e1 indicado uma \u201cjornada de luta\u201d para esse per\u00edodo, sem especificar o que seria realizado), preparando a \u201cgreve nacional\u201d para o dia 09\/03.<\/p>\n<p><strong>Construir um bloco ou frente da esquerda socialista<\/strong><\/p>\n<p>Ao lado da luta unificada contra o governo Bolsonaro, governadores e prefeitos, devemos construir um bloco ou frente de esquerda e socialista, que unifique tudo e todos que n\u00e3o est\u00e3o na frente ampla com os representantes dos patr\u00f5es. Um campo ou polo que fortale\u00e7a a independ\u00eancia pol\u00edtica da classe trabalhadora e aponte um caminho nas ruas e nas elei\u00e7\u00f5es de forma unit\u00e1ria. Agrupar as esquerdas do PSOL, do PSTU e do Polo Socialista Revolucion\u00e1rio, da UP, PCB e do Povo na Rua, num marco comum, realizando uma reuni\u00e3o nacional para debater a retomada das lutas de rua contra Bolsonaro e a constru\u00e7\u00e3o de candidaturas \u00e0 esquerda da frente ampla. Para, assim, favorecer a batalha por um governo da classe trabalhadora, que rompa com a domina\u00e7\u00e3o imperialista, rumo a um Brasil socialista.<\/p>\n","protected":false},"excerpt":{"rendered":"<p>O ano come\u00e7a com o aprofundamento da carestia. As tarifas de energia el\u00e9trica e g\u00e1s tiveram um aumento acumulado de mais de 30% em 2021. O arrocho salarial, com acordos coletivos abaixo da infla\u00e7\u00e3o e aumento da cesta b\u00e1sica em todas as capitais, em algumas<\/p>\n","protected":false},"author":1,"featured_media":9058,"comment_status":"open","ping_status":"open","sticky":false,"template":"","format":"standard","meta":{"footnotes":""},"categories":[135],"tags":[1296,1310,110,381,1080],"class_list":["post-9057","post","type-post","status-publish","format-standard","has-post-thumbnail","hentry","category-editorial","tag-cst","tag-cstpsol","tag-editorial","tag-esquerda","tag-socialistas"],"_links":{"self":[{"href":"https:\/\/www.cstuit.com\/home\/wp-json\/wp\/v2\/posts\/9057","targetHints":{"allow":["GET"]}}],"collection":[{"href":"https:\/\/www.cstuit.com\/home\/wp-json\/wp\/v2\/posts"}],"about":[{"href":"https:\/\/www.cstuit.com\/home\/wp-json\/wp\/v2\/types\/post"}],"author":[{"embeddable":true,"href":"https:\/\/www.cstuit.com\/home\/wp-json\/wp\/v2\/users\/1"}],"replies":[{"embeddable":true,"href":"https:\/\/www.cstuit.com\/home\/wp-json\/wp\/v2\/comments?post=9057"}],"version-history":[{"count":0,"href":"https:\/\/www.cstuit.com\/home\/wp-json\/wp\/v2\/posts\/9057\/revisions"}],"wp:featuredmedia":[{"embeddable":true,"href":"https:\/\/www.cstuit.com\/home\/wp-json\/wp\/v2\/media\/9058"}],"wp:attachment":[{"href":"https:\/\/www.cstuit.com\/home\/wp-json\/wp\/v2\/media?parent=9057"}],"wp:term":[{"taxonomy":"category","embeddable":true,"href":"https:\/\/www.cstuit.com\/home\/wp-json\/wp\/v2\/categories?post=9057"},{"taxonomy":"post_tag","embeddable":true,"href":"https:\/\/www.cstuit.com\/home\/wp-json\/wp\/v2\/tags?post=9057"}],"curies":[{"name":"wp","href":"https:\/\/api.w.org\/{rel}","templated":true}]}}